{"id":38333,"date":"2017-01-04T10:16:43","date_gmt":"2017-01-04T09:16:43","guid":{"rendered":"http:\/\/carfree.fr\/?p=38333"},"modified":"2017-03-13T09:31:46","modified_gmt":"2017-03-13T08:31:46","slug":"le-climat-selon-jacques-gamblin","status":"publish","type":"post","link":"https:\/\/carfree.fr\/index.php\/2017\/01\/04\/le-climat-selon-jacques-gamblin\/","title":{"rendered":"Le climat selon Jacques Gamblin"},"content":{"rendered":"<p>Cela date un peu et cela a d\u00e9j\u00e0 fait le tour du Net, mais voici un tr\u00e8s beau discours de l&rsquo;acteur et auteur Jacques Gamblin, prononc\u00e9 lors du parlement sensible des \u00e9crivains en novembre 2015. <!--more--><\/p>\n<p>C&rsquo;est un peu long, mais cela vaut le d\u00e9tour et cela se termine en apoth\u00e9ose avec un magnifique hommage \u00e0 la bicyclette.<\/p>\n<p><iframe loading=\"lazy\" width=\"560\" height=\"315\" src=\"https:\/\/www.youtube.com\/embed\/K9J8tR7MYDA\" frameborder=\"0\" allowfullscreen><\/iframe><\/p>\n","protected":false},"excerpt":{"rendered":"<p>Cela date un peu et cela a d\u00e9j\u00e0 fait le tour du Net, mais voici un tr\u00e8s beau discours de l&rsquo;acteur et auteur Jacques Gamblin, prononc\u00e9 lors du parlement sensible <a class=\"more-link\" href=\"https:\/\/carfree.fr\/index.php\/2017\/01\/04\/le-climat-selon-jacques-gamblin\/\">Lire la suite&#8230;<\/a><\/p>\n","protected":false},"author":37,"featured_media":38334,"comment_status":"open","ping_status":"closed","sticky":false,"template":"","format":"standard","meta":[],"categories":[124,7],"tags":[1709,57,1664,648],"views":9148,"_links":{"self":[{"href":"https:\/\/carfree.fr\/index.php\/wp-json\/wp\/v2\/posts\/38333"}],"collection":[{"href":"https:\/\/carfree.fr\/index.php\/wp-json\/wp\/v2\/posts"}],"about":[{"href":"https:\/\/carfree.fr\/index.php\/wp-json\/wp\/v2\/types\/post"}],"author":[{"embeddable":true,"href":"https:\/\/carfree.fr\/index.php\/wp-json\/wp\/v2\/users\/37"}],"replies":[{"embeddable":true,"href":"https:\/\/carfree.fr\/index.php\/wp-json\/wp\/v2\/comments?post=38333"}],"version-history":[{"count":0,"href":"https:\/\/carfree.fr\/index.php\/wp-json\/wp\/v2\/posts\/38333\/revisions"}],"wp:featuredmedia":[{"embeddable":true,"href":"https:\/\/carfree.fr\/index.php\/wp-json\/wp\/v2\/media\/38334"}],"wp:attachment":[{"href":"https:\/\/carfree.fr\/index.php\/wp-json\/wp\/v2\/media?parent=38333"}],"wp:term":[{"taxonomy":"category","embeddable":true,"href":"https:\/\/carfree.fr\/index.php\/wp-json\/wp\/v2\/categories?post=38333"},{"taxonomy":"post_tag","embeddable":true,"href":"https:\/\/carfree.fr\/index.php\/wp-json\/wp\/v2\/tags?post=38333"}],"curies":[{"name":"wp","href":"https:\/\/api.w.org\/{rel}","templated":true}]}}