{"id":38392,"date":"2017-01-23T10:42:29","date_gmt":"2017-01-23T09:42:29","guid":{"rendered":"http:\/\/carfree.fr\/?p=38392"},"modified":"2017-01-23T10:42:29","modified_gmt":"2017-01-23T09:42:29","slug":"labellisez-votre-eco-trou","status":"publish","type":"post","link":"https:\/\/carfree.fr\/index.php\/2017\/01\/23\/labellisez-votre-eco-trou\/","title":{"rendered":"Labellisez votre \u00e9co-trou"},"content":{"rendered":"<p>Aujourd&rsquo;hui, on parle de plus en plus de ville durable et autres \u00e9co-quartiers pour r\u00e9pondre aux d\u00e9fis climatiques et environnementaux qui nous guettent au coin de la rue. Mais quid de nos espaces ruraux qui souhaitent s\u2019inscrire dans la transition \u00e9cologique et \u00e9nerg\u00e9tique du 21\u00e8me si\u00e8cle? <!--more--><\/p>\n<p>S\u00e9gol\u00e8ne Royal, avant de partir du minist\u00e8re de l&rsquo;\u00e9cologie pour rejoindre Emmanuel Macron, a souhait\u00e9 lancer d\u00e8s \u00e0 pr\u00e9sent le chantier de l&rsquo;\u00e9co-transition en milieu rural. Pourquoi? Parce que S\u00e9gol\u00e8ne Royal a une r\u00e9elle vision strat\u00e9gique de la ville durable en milieu rural.<\/p>\n<p><img decoding=\"async\" loading=\"lazy\" class=\"alignnone size-full wp-image-38394\" src=\"http:\/\/carfree.fr\/img\/2017\/01\/eco-trous.jpg\" alt=\"\" width=\"600\" height=\"396\" srcset=\"https:\/\/carfree.fr\/img\/2017\/01\/eco-trous.jpg 600w, https:\/\/carfree.fr\/img\/2017\/01\/eco-trous-150x99.jpg 150w\" sizes=\"(max-width: 600px) 100vw, 600px\" \/><\/p>\n<p>En premier lieu, elle souhaite mettre en place un label national \u00ab\u00a0\u00e9co-trou\u00a0\u00bb destin\u00e9 \u00e0 tous les petits bleds de la France profonde qui veulent lutter contre le changement climatique et la diminution des r\u00e9coltes. Gr\u00e2ce \u00e0 ce label national, chaque trou perdu pourra faire valoir la qualit\u00e9 de ses efforts pour sauver la plan\u00e8te.<\/p>\n<p>Pilot\u00e9 par le minist\u00e8re de l&rsquo;\u00e9cologie, le label \u00ab\u00a0\u00e9co-trou\u00a0\u00bb sera tr\u00e8s exigeant en mati\u00e8re de contraintes environnementales. Au travers d&rsquo;une grille de questionnement r\u00e9dig\u00e9e en patois et comprenant 752 questions incompr\u00e9hensibles, les \u00e9lus locaux devront prouver que leur village est v\u00e9ritablement un trou pr\u00e9occup\u00e9 par les enjeux environnementaux.<\/p>\n<p><img decoding=\"async\" loading=\"lazy\" class=\"alignnone size-full wp-image-38395\" src=\"http:\/\/carfree.fr\/img\/2017\/01\/chauffage-cochon.jpg\" alt=\"\" width=\"600\" height=\"457\" srcset=\"https:\/\/carfree.fr\/img\/2017\/01\/chauffage-cochon.jpg 600w, https:\/\/carfree.fr\/img\/2017\/01\/chauffage-cochon-150x114.jpg 150w\" sizes=\"(max-width: 600px) 100vw, 600px\" \/><\/p>\n<p>En mati\u00e8re d&rsquo;habitat \u00e9cologique, l&rsquo;accent sera mis sur les \u00e9tables passives et autres chaumi\u00e8res BBC utilisant des mat\u00e9riaux de construction performants et novateurs comme la bouse de vache ou le purin \u00e0 \u00e9nergie positive. Pour le chauffage, on privil\u00e9giera la chaleur animale avec l&rsquo;installation de cochons dans les salons et de vaches dans les chambres \u00e0 coucher, ce qui favorisera par la m\u00eame occasion la mixit\u00e9 fonctionnelle des \u00e9co-trous.<\/p>\n<p><img decoding=\"async\" loading=\"lazy\" class=\"alignnone size-full wp-image-38396\" src=\"http:\/\/carfree.fr\/img\/2017\/01\/solex-libre-service.jpg\" alt=\"\" width=\"600\" height=\"451\" srcset=\"https:\/\/carfree.fr\/img\/2017\/01\/solex-libre-service.jpg 600w, https:\/\/carfree.fr\/img\/2017\/01\/solex-libre-service-150x113.jpg 150w\" sizes=\"(max-width: 600px) 100vw, 600px\" \/><\/p>\n<p>Dans le domaine de la mobilit\u00e9 durable, les \u00e9co-trous seront attendus sur leurs infrastructures de recharge \u00e9lectrique pour tracteurs et sur la mise en place de syst\u00e8mes de solex et mobylettes en libre-service, accompagn\u00e9s d&rsquo;applications pour smartphone permettant de g\u00e9olocaliser en temps r\u00e9el les charrettes disponibles.<\/p>\n<p><img decoding=\"async\" loading=\"lazy\" class=\"alignnone size-full wp-image-38397\" src=\"http:\/\/carfree.fr\/img\/2017\/01\/mixite-sociale.jpg\" alt=\"\" width=\"600\" height=\"397\" srcset=\"https:\/\/carfree.fr\/img\/2017\/01\/mixite-sociale.jpg 600w, https:\/\/carfree.fr\/img\/2017\/01\/mixite-sociale-150x99.jpg 150w\" sizes=\"(max-width: 600px) 100vw, 600px\" \/><\/p>\n<p>L&rsquo;\u00e9co-trou du 21\u00e8me si\u00e8cle devra \u00e9galement r\u00e9pondre aux enjeux de la pr\u00e9servation des ressources et du recyclage des d\u00e9chets. Aussi, afin de r\u00e9pondre aux exigences de mixit\u00e9 sociale et g\u00e9n\u00e9rationnelle, les \u00e9co-trous feront appel aux personnes \u00e2g\u00e9es pour remplacer les chevaux de trait pour les travaux des champs. Pour pr\u00e9server la ressource en eau, les habitants des \u00e9co-trous devront privil\u00e9gier la r\u00e9utilisation de l&rsquo;eau de pluie pour le lavage.<\/p>\n<p><img decoding=\"async\" loading=\"lazy\" class=\"alignnone size-full wp-image-38398\" src=\"http:\/\/carfree.fr\/img\/2017\/01\/recuperation-eau-pluie.jpg\" alt=\"\" width=\"600\" height=\"353\" srcset=\"https:\/\/carfree.fr\/img\/2017\/01\/recuperation-eau-pluie.jpg 600w, https:\/\/carfree.fr\/img\/2017\/01\/recuperation-eau-pluie-150x88.jpg 150w\" sizes=\"(max-width: 600px) 100vw, 600px\" \/><\/p>\n<p>La mise en place de circuits courts dans le cadre de l&rsquo;\u00e9conomie circulaire valorisera la production de v\u00eatements en peau de ch\u00e8vre ou l&rsquo;utilisation de veaux pour se faire des \u00e9charpes.<\/p>\n<p><img decoding=\"async\" loading=\"lazy\" class=\"alignnone size-full wp-image-38399\" src=\"http:\/\/carfree.fr\/img\/2017\/01\/echarpe-ecologique.jpg\" alt=\"\" width=\"504\" height=\"524\" srcset=\"https:\/\/carfree.fr\/img\/2017\/01\/echarpe-ecologique.jpg 504w, https:\/\/carfree.fr\/img\/2017\/01\/echarpe-ecologique-150x156.jpg 150w\" sizes=\"(max-width: 504px) 100vw, 504px\" \/><\/p>\n<p>Si vous souhaitez obtenir le label national \u00ab\u00a0\u00e9co-trou\u00a0\u00bb pour votre village perdu aux fins fonds de la cambrousse, prenez contact avec nous, on recrutera un stagiaire-vacataire non r\u00e9mun\u00e9r\u00e9 qui \u00e9laborera avec vous un v\u00e9ritable projet de d\u00e9veloppement territorial de votre trou perdu.<\/p>\n<p>Nous vous fournirons des solutions cl\u00e9 en main, \u00e0 partir de 50.000 euros hors-taxes, pour red\u00e9finir le branding de votre \u00e9co-trou, y compris en utilisant les derni\u00e8res techniques de pointe en mati\u00e8re de benchmarking et de marketing viral, pour que votre \u00e9co-trou devienne le centre de la cambrousse \u00e9cologique et \u00e9nerg\u00e9tique du 21\u00e8me si\u00e8cle.<\/p>\n","protected":false},"excerpt":{"rendered":"<p>Aujourd&rsquo;hui, on parle de plus en plus de ville durable et autres \u00e9co-quartiers pour r\u00e9pondre aux d\u00e9fis climatiques et environnementaux qui nous guettent au coin de la rue. Mais quid <a class=\"more-link\" href=\"https:\/\/carfree.fr\/index.php\/2017\/01\/23\/labellisez-votre-eco-trou\/\">Lire la suite&#8230;<\/a><\/p>\n","protected":false},"author":18,"featured_media":38393,"comment_status":"open","ping_status":"closed","sticky":false,"template":"","format":"standard","meta":[],"categories":[72],"tags":[103,84,66,846,141],"views":6366,"_links":{"self":[{"href":"https:\/\/carfree.fr\/index.php\/wp-json\/wp\/v2\/posts\/38392"}],"collection":[{"href":"https:\/\/carfree.fr\/index.php\/wp-json\/wp\/v2\/posts"}],"about":[{"href":"https:\/\/carfree.fr\/index.php\/wp-json\/wp\/v2\/types\/post"}],"author":[{"embeddable":true,"href":"https:\/\/carfree.fr\/index.php\/wp-json\/wp\/v2\/users\/18"}],"replies":[{"embeddable":true,"href":"https:\/\/carfree.fr\/index.php\/wp-json\/wp\/v2\/comments?post=38392"}],"version-history":[{"count":0,"href":"https:\/\/carfree.fr\/index.php\/wp-json\/wp\/v2\/posts\/38392\/revisions"}],"wp:featuredmedia":[{"embeddable":true,"href":"https:\/\/carfree.fr\/index.php\/wp-json\/wp\/v2\/media\/38393"}],"wp:attachment":[{"href":"https:\/\/carfree.fr\/index.php\/wp-json\/wp\/v2\/media?parent=38392"}],"wp:term":[{"taxonomy":"category","embeddable":true,"href":"https:\/\/carfree.fr\/index.php\/wp-json\/wp\/v2\/categories?post=38392"},{"taxonomy":"post_tag","embeddable":true,"href":"https:\/\/carfree.fr\/index.php\/wp-json\/wp\/v2\/tags?post=38392"}],"curies":[{"name":"wp","href":"https:\/\/api.w.org\/{rel}","templated":true}]}}