{"id":38411,"date":"2017-01-25T09:39:22","date_gmt":"2017-01-25T08:39:22","guid":{"rendered":"http:\/\/carfree.fr\/?p=38411"},"modified":"2017-01-25T09:49:01","modified_gmt":"2017-01-25T08:49:01","slug":"que-faire-en-cas-de-pollution-automobile","status":"publish","type":"post","link":"https:\/\/carfree.fr\/index.php\/2017\/01\/25\/que-faire-en-cas-de-pollution-automobile\/","title":{"rendered":"Que faire en cas de pollution automobile"},"content":{"rendered":"<p>A la suite des diff\u00e9rents \u00e9pisodes de pollution, Carfree lance une campagne de sensibilisation pour mieux pr\u00e9parer et prot\u00e9ger les citoyens face \u00e0 la pollution automobile. L\u2019affiche \u00ab\u00a0Que faire en cas de pollution automobile\u00a0\u00bb donne des instructions pratiques qui s&rsquo;articulent autour du triptyque: \u00ab\u00a0s\u2019\u00e9chapper, se prot\u00e9ger, alerter\u00a0\u00bb. <!--more--><\/p>\n<p><img decoding=\"async\" loading=\"lazy\" class=\"alignnone size-full wp-image-38413\" src=\"http:\/\/carfree.fr\/img\/2017\/01\/que-faire-en-cas-de-pollution-automobile.jpg\" alt=\"\" width=\"1200\" height=\"2545\" srcset=\"https:\/\/carfree.fr\/img\/2017\/01\/que-faire-en-cas-de-pollution-automobile.jpg 1200w, https:\/\/carfree.fr\/img\/2017\/01\/que-faire-en-cas-de-pollution-automobile-302x640.jpg 302w, https:\/\/carfree.fr\/img\/2017\/01\/que-faire-en-cas-de-pollution-automobile-483x1024.jpg 483w, https:\/\/carfree.fr\/img\/2017\/01\/que-faire-en-cas-de-pollution-automobile-150x318.jpg 150w\" sizes=\"(max-width: 1200px) 100vw, 1200px\" \/><\/p>\n<p><a href=\"http:\/\/carfree.fr\/img\/2017\/01\/que-faire-en-cas-de-pollution-automobile.jpg\" target=\"_blank\">T\u00e9l\u00e9charger l&rsquo;affiche en grand format<\/a><\/p>\n","protected":false},"excerpt":{"rendered":"<p>A la suite des diff\u00e9rents \u00e9pisodes de pollution, Carfree lance une campagne de sensibilisation pour mieux pr\u00e9parer et prot\u00e9ger les citoyens face \u00e0 la pollution automobile. L\u2019affiche \u00ab\u00a0Que faire en <a class=\"more-link\" href=\"https:\/\/carfree.fr\/index.php\/2017\/01\/25\/que-faire-en-cas-de-pollution-automobile\/\">Lire la suite&#8230;<\/a><\/p>\n","protected":false},"author":1390,"featured_media":38412,"comment_status":"open","ping_status":"closed","sticky":false,"template":"","format":"standard","meta":[],"categories":[1037,72,24],"tags":[1709,31,175,33,41,176],"views":9947,"_links":{"self":[{"href":"https:\/\/carfree.fr\/index.php\/wp-json\/wp\/v2\/posts\/38411"}],"collection":[{"href":"https:\/\/carfree.fr\/index.php\/wp-json\/wp\/v2\/posts"}],"about":[{"href":"https:\/\/carfree.fr\/index.php\/wp-json\/wp\/v2\/types\/post"}],"author":[{"embeddable":true,"href":"https:\/\/carfree.fr\/index.php\/wp-json\/wp\/v2\/users\/1390"}],"replies":[{"embeddable":true,"href":"https:\/\/carfree.fr\/index.php\/wp-json\/wp\/v2\/comments?post=38411"}],"version-history":[{"count":0,"href":"https:\/\/carfree.fr\/index.php\/wp-json\/wp\/v2\/posts\/38411\/revisions"}],"wp:featuredmedia":[{"embeddable":true,"href":"https:\/\/carfree.fr\/index.php\/wp-json\/wp\/v2\/media\/38412"}],"wp:attachment":[{"href":"https:\/\/carfree.fr\/index.php\/wp-json\/wp\/v2\/media?parent=38411"}],"wp:term":[{"taxonomy":"category","embeddable":true,"href":"https:\/\/carfree.fr\/index.php\/wp-json\/wp\/v2\/categories?post=38411"},{"taxonomy":"post_tag","embeddable":true,"href":"https:\/\/carfree.fr\/index.php\/wp-json\/wp\/v2\/tags?post=38411"}],"curies":[{"name":"wp","href":"https:\/\/api.w.org\/{rel}","templated":true}]}}