{"id":38481,"date":"2017-02-17T14:22:19","date_gmt":"2017-02-17T13:22:19","guid":{"rendered":"http:\/\/carfree.fr\/?p=38481"},"modified":"2025-03-04T21:49:03","modified_gmt":"2025-03-04T20:49:03","slug":"palme-de-lamenagement-cyclable-merdique","status":"publish","type":"post","link":"https:\/\/carfree.fr\/index.php\/2017\/02\/17\/palme-de-lamenagement-cyclable-merdique\/","title":{"rendered":"Palme de l&rsquo;am\u00e9nagement cyclable merdique"},"content":{"rendered":"<p>Faire de mauvais am\u00e9nagements cyclables est quelque chose d&rsquo;assez facile, pratiqu\u00e9 par de nombreuses communes. Mais, pour r\u00e9aliser un am\u00e9nagement cyclable vraiment merdique, il faut un r\u00e9el talent, qui m\u00e9rite bien une palme. <!--more--><\/p>\n<p>Nous d\u00e9cernons donc la palme 2017 de l&rsquo;am\u00e9nagement cyclable merdique \u00e0 la commune de Montmagny dans le Val-d&rsquo;Oise (14.000 habitants) pour ce magnifique am\u00e9nagement cyclable qui constitue un bel \u00e9quilibre entre g\u00eane occasionn\u00e9e aux cyclistes, dangerosit\u00e9 \u00e9vidente et grand n&rsquo;importe quoi. Il s&rsquo;agit d&rsquo;un cas d&rsquo;\u00e9cole repris m\u00eame dans le <a href=\"http:\/\/carfree.fr\/index.php\/2020\/06\/24\/guide-des-amenagements-cyclables-merdiques\/\" rel=\"noopener\" target=\"_blank\">Guide des am\u00e9nagements cyclables merdiques<\/a>.<\/p>\n<p>Cette perle a \u00e9t\u00e9 d\u00e9couverte par le blog \u00ab\u00a0<a href=\"http:\/\/mdb95a.canalblog.com\/archives\/2017\/02\/01\/34881498.html\" target=\"_blank\" rel=\"noopener\">Am\u00e9nagements cyclables en Vall\u00e9e de Montmorency<\/a>\u00a0\u00bb et a m\u00eame fait l&rsquo;objet d&rsquo;une br\u00e8ve dans le journal <a href=\"http:\/\/www.leparisien.fr\/info-paris-ile-de-france-oise\/transports\/l-image-la-piste-cyclable-equipee-de-ralentisseurs-05-02-2017-6656574.php#xtor=AD-1481423551\" target=\"_blank\" rel=\"noopener\">Le Parisien<\/a> (le d\u00e9but de la c\u00e9l\u00e9brit\u00e9!).<\/p>\n<p>Selon la mairie, il s&rsquo;agit \u00ab\u00a0d&#8217;emp\u00eacher les d\u00e9passements dangereux d\u2019automobilistes\u00a0\u00bb (sur la piste cyclable?), qui auraient provoqu\u00e9 un accident avec un cycliste il y a quelques mois. C&rsquo;est logique, si les voitures mordent sur la piste cyclable pour doubler, autant rendre la piste cyclable impraticable (pour les voitures et les cyclistes)&#8230;<\/p>\n<p>Ceci dit, pourquoi ne pas interdire tout simplement le v\u00e9lo et les cyclistes?<\/p>\n<p><img decoding=\"async\" loading=\"lazy\" src=\"http:\/\/carfree.fr\/img\/2017\/02\/piste-cyclable-merdique2.jpg\" alt=\"\" width=\"600\" height=\"450\" class=\"alignnone size-full wp-image-38483\" srcset=\"https:\/\/carfree.fr\/img\/2017\/02\/piste-cyclable-merdique2.jpg 600w, https:\/\/carfree.fr\/img\/2017\/02\/piste-cyclable-merdique2-150x113.jpg 150w\" sizes=\"(max-width: 600px) 100vw, 600px\" \/><br \/>\n<img decoding=\"async\" loading=\"lazy\" src=\"http:\/\/carfree.fr\/img\/2017\/02\/piste-cyclable-merdique3.jpg\" alt=\"\" width=\"600\" height=\"450\" class=\"alignnone size-full wp-image-38484\" srcset=\"https:\/\/carfree.fr\/img\/2017\/02\/piste-cyclable-merdique3.jpg 600w, https:\/\/carfree.fr\/img\/2017\/02\/piste-cyclable-merdique3-150x113.jpg 150w\" sizes=\"(max-width: 600px) 100vw, 600px\" \/><\/p>\n","protected":false},"excerpt":{"rendered":"<p>Faire de mauvais am\u00e9nagements cyclables est quelque chose d&rsquo;assez facile, pratiqu\u00e9 par de nombreuses communes. Mais, pour r\u00e9aliser un am\u00e9nagement cyclable vraiment merdique, il faut un r\u00e9el talent, qui m\u00e9rite <a class=\"more-link\" href=\"https:\/\/carfree.fr\/index.php\/2017\/02\/17\/palme-de-lamenagement-cyclable-merdique\/\">Lire la suite&#8230;<\/a><\/p>\n","protected":false},"author":37,"featured_media":38482,"comment_status":"open","ping_status":"closed","sticky":false,"template":"","format":"standard","meta":[],"categories":[4,1038,7],"tags":[1709,146,11,646,743,178,1664],"views":12678,"_links":{"self":[{"href":"https:\/\/carfree.fr\/index.php\/wp-json\/wp\/v2\/posts\/38481"}],"collection":[{"href":"https:\/\/carfree.fr\/index.php\/wp-json\/wp\/v2\/posts"}],"about":[{"href":"https:\/\/carfree.fr\/index.php\/wp-json\/wp\/v2\/types\/post"}],"author":[{"embeddable":true,"href":"https:\/\/carfree.fr\/index.php\/wp-json\/wp\/v2\/users\/37"}],"replies":[{"embeddable":true,"href":"https:\/\/carfree.fr\/index.php\/wp-json\/wp\/v2\/comments?post=38481"}],"version-history":[{"count":0,"href":"https:\/\/carfree.fr\/index.php\/wp-json\/wp\/v2\/posts\/38481\/revisions"}],"wp:featuredmedia":[{"embeddable":true,"href":"https:\/\/carfree.fr\/index.php\/wp-json\/wp\/v2\/media\/38482"}],"wp:attachment":[{"href":"https:\/\/carfree.fr\/index.php\/wp-json\/wp\/v2\/media?parent=38481"}],"wp:term":[{"taxonomy":"category","embeddable":true,"href":"https:\/\/carfree.fr\/index.php\/wp-json\/wp\/v2\/categories?post=38481"},{"taxonomy":"post_tag","embeddable":true,"href":"https:\/\/carfree.fr\/index.php\/wp-json\/wp\/v2\/tags?post=38481"}],"curies":[{"name":"wp","href":"https:\/\/api.w.org\/{rel}","templated":true}]}}