{"id":38550,"date":"2017-03-17T08:02:00","date_gmt":"2017-03-17T07:02:00","guid":{"rendered":"http:\/\/carfree.fr\/?p=38550"},"modified":"2021-11-03T15:43:37","modified_gmt":"2021-11-03T14:43:37","slug":"quand-le-velo-devient-une-arme-par-destination","status":"publish","type":"post","link":"https:\/\/carfree.fr\/index.php\/2017\/03\/17\/quand-le-velo-devient-une-arme-par-destination\/","title":{"rendered":"Quand le v\u00e9lo devient une \u00ab\u00a0arme par destination\u00a0\u00bb"},"content":{"rendered":"<p>Un \u00e9lu \u00e9cologiste de Loos-lez-Lille, Jean-Luc Munro, \u00e9tait poursuivi cette semaine pour \u00ab\u00a0violences \u00e0 agent, avec arme par destination\u00a0\u00bb (en l\u2019occurrence son v\u00e9lo) depuis le d\u00e9mant\u00e8lement du camp de Roms de Loos. Pour lui et ses soutiens, les poursuites sont infond\u00e9es et l&rsquo;affaire rel\u00e8ve du \u00ab\u00a0d\u00e9lit de solidarit\u00e9\u00a0\u00bb. <!--more--><\/p>\n<p>Ce mercredi midi, environ 200 personnes se sont r\u00e9unies sur la Grand&rsquo;Place de Lille pour soutenir Jean-Luc Munro, conseiller municipal \u00e9cologiste \u00e0 la mairie de Loos. Le groupe de soutien l&rsquo;a ensuite accompagn\u00e9 au Tribunal de grande instance o\u00f9 une audience \u00e9tait pr\u00e9vue \u00e0 14h.<\/p>\n<p><strong>Rassemblement de soutien \u00e0 Jean-Luc Munro<\/strong><\/p>\n<p>Une histoire, et deux versions que tout oppose. Les faits remontent au 6 avril 2016. Ce jour l\u00e0, les forces de l&rsquo;ordre op\u00e8rent un \u00ab\u00a0resserrement\u00a0\u00bb (comprendre une \u00e9vacuation partielle) du camp de Roms de l&rsquo;ancienne prison de Loos. Jean-Luc Munro conna\u00eet bien les personnes qui vivent dans ce camp et leur vient en aide r\u00e9guli\u00e8rement.<\/p>\n<p>Ce jour l\u00e0, il d\u00e9cide donc de se rendre sur le camp pour v\u00e9rifier que tout se passe bien. \u00ab\u00a0Lors de ce genre d&rsquo;op\u00e9rations, c&rsquo;est important d&rsquo;avoir des b\u00e9n\u00e9voles qui ont la confiance des familles, qui parlent leur langue et peuvent servir d&rsquo;interm\u00e9diaires\u00a0\u00bb, explique Dominique Plancke, membre de l&rsquo;intercollectif de soutien aux Roms du Nord-Pas-de-Calais.<\/p>\n<p><img decoding=\"async\" loading=\"lazy\" class=\"alignnone size-full wp-image-38551\" src=\"http:\/\/carfree.fr\/img\/2017\/03\/boucq.jpg\" alt=\"\" width=\"800\" height=\"450\" srcset=\"https:\/\/carfree.fr\/img\/2017\/03\/boucq.jpg 800w, https:\/\/carfree.fr\/img\/2017\/03\/boucq-640x360.jpg 640w, https:\/\/carfree.fr\/img\/2017\/03\/boucq-150x84.jpg 150w\" sizes=\"(max-width: 800px) 100vw, 800px\" \/><\/p>\n<p><strong>Un v\u00e9lo pour toute arme<\/strong><\/p>\n<p>Apr\u00e8s avoir pass\u00e9 un premier barrage policier, l&rsquo;\u00e9lu se retrouve face \u00e0 un nouveau cordon, qu&rsquo;il tente de franchir avec son v\u00e9lo. C&rsquo;est ici que les versions divergent. D&rsquo;apr\u00e8s l&rsquo;\u00e9lu, un policier le fait tomber avec son v\u00e9lo et dans sa chute il en blesse un autre l\u00e9g\u00e8rement, au doigt. Cet incident lui co\u00fbtera cher : imm\u00e9diatement interpell\u00e9, l&rsquo;\u00e9lu est plac\u00e9 en garde \u00e0 vue puis poursuivi pour \u00ab\u00a0violences \u00e0 agent, avec arme par destination\u00a0\u00bb. L&rsquo;arme, c&rsquo;est le v\u00e9lo. \u00ab\u00a0Il n&rsquo;y a pas eu d&rsquo;acte de violence de ma part, m\u00eame si je n&rsquo;accable pas le policier\u00a0\u00bb, se d\u00e9fend Jean-Luc Munro.<\/p>\n<p>\u00ab\u00a0Le v\u00e9lo renvers\u00e9, c&rsquo;est presque anecdotique, mais la mise en accusation est assez cons\u00e9quente\u00a0\u00bb, poursuit l&rsquo;\u00e9lu. En effet, il risquait 5 ans de prison et 75 000 \u20ac d&rsquo;amende&#8230; Une situation ubuesque dans laquelle il est aid\u00e9 par de nombreux soutiens.<\/p>\n<p><strong>D\u00e9lit de solidarit\u00e9<\/strong><\/p>\n<p>Rapidement, plusieurs personnes s&rsquo;organisent pour soutenir Jean-Luc Munro, un collectif est m\u00eame cr\u00e9\u00e9. \u00ab\u00a0On s&rsquo;est aper\u00e7u qu&rsquo;il y avait des personnes dans des situations similaires, qui avaient subi des intimidations, des gardes \u00e0 vue, des amendes pour stationnement sur des camps\u00a0\u00bb, explique le Loosois. \u00ab\u00a0Depuis quelques mois il y a une utilisation d&rsquo;une partie des textes de l&rsquo;Etat d&rsquo;urgence contre ceux qui veulent simplement aider des personnes en d\u00e9tresse.\u00a0\u00bb<\/p>\n<p>Car ces poursuites sont assimil\u00e9es par Jean-Luc Munro et ses soutiens \u00e0 un v\u00e9ritable \u00ab\u00a0d\u00e9lit de solidarit\u00e9\u00a0\u00bb. \u00ab\u00a0Aujourd&rsquo;hui le d\u00e9lit de solidarit\u00e9 n&rsquo;existe pas dans le droit. Donc ils contournent la loi pour nous poursuivre\u00a0\u00bb, explique Dominique Plancke. \u00ab\u00a0Les menaces sont \u00e0 peine voil\u00e9es.\u00a0\u00bb<\/p>\n<p>Il a finalement \u00e9t\u00e9 condamn\u00e9, ce mercredi, \u00e0 500\u00a0euros d\u2019amende avec sursis, selon <em>La Voix du Nord.<\/em><\/p>\n<p>Source: <a href=\"http:\/\/france3-regions.francetvinfo.fr\/hauts-de-france\/nord-pas-calais\/nord\/lille-metropole\/lille\/proces-jean-luc-munro-violence-delit-solidarite-1192851.html\" target=\"_blank\">http:\/\/france3-regions.francetvinfo.fr\/hauts-de-france\/nord-pas-calais\/nord\/lille-metropole\/lille\/proces-jean-luc-munro-violence-delit-solidarite-1192851.html<\/a><\/p>\n<p>Jean-Luc Munro a un comit\u00e9 de soutien sur internet et il y a \u00e9galement une <a href=\"https:\/\/www.change.org\/p\/comit%C3%A9-de-soutien-pour-jean-luc-munro-et-son-v%C3%A9lo-pour-la-d%C3%A9fense-de-jean-luc-munro-engag%C3%A9-pour-les-droits-humains\" target=\"_blank\">p\u00e9tition pour le soutenir<\/a>.<\/p>\n","protected":false},"excerpt":{"rendered":"<p>Un \u00e9lu \u00e9cologiste de Loos-lez-Lille, Jean-Luc Munro, \u00e9tait poursuivi cette semaine pour \u00ab\u00a0violences \u00e0 agent, avec arme par destination\u00a0\u00bb (en l\u2019occurrence son v\u00e9lo) depuis le d\u00e9mant\u00e8lement du camp de Roms <a class=\"more-link\" href=\"https:\/\/carfree.fr\/index.php\/2017\/03\/17\/quand-le-velo-devient-une-arme-par-destination\/\">Lire la suite&#8230;<\/a><\/p>\n","protected":false},"author":37,"featured_media":38553,"comment_status":"open","ping_status":"closed","sticky":false,"template":"","format":"standard","meta":[],"categories":[4,7],"tags":[580,646,84,331,287,1664],"views":10777,"_links":{"self":[{"href":"https:\/\/carfree.fr\/index.php\/wp-json\/wp\/v2\/posts\/38550"}],"collection":[{"href":"https:\/\/carfree.fr\/index.php\/wp-json\/wp\/v2\/posts"}],"about":[{"href":"https:\/\/carfree.fr\/index.php\/wp-json\/wp\/v2\/types\/post"}],"author":[{"embeddable":true,"href":"https:\/\/carfree.fr\/index.php\/wp-json\/wp\/v2\/users\/37"}],"replies":[{"embeddable":true,"href":"https:\/\/carfree.fr\/index.php\/wp-json\/wp\/v2\/comments?post=38550"}],"version-history":[{"count":0,"href":"https:\/\/carfree.fr\/index.php\/wp-json\/wp\/v2\/posts\/38550\/revisions"}],"wp:featuredmedia":[{"embeddable":true,"href":"https:\/\/carfree.fr\/index.php\/wp-json\/wp\/v2\/media\/38553"}],"wp:attachment":[{"href":"https:\/\/carfree.fr\/index.php\/wp-json\/wp\/v2\/media?parent=38550"}],"wp:term":[{"taxonomy":"category","embeddable":true,"href":"https:\/\/carfree.fr\/index.php\/wp-json\/wp\/v2\/categories?post=38550"},{"taxonomy":"post_tag","embeddable":true,"href":"https:\/\/carfree.fr\/index.php\/wp-json\/wp\/v2\/tags?post=38550"}],"curies":[{"name":"wp","href":"https:\/\/api.w.org\/{rel}","templated":true}]}}