{"id":38567,"date":"2017-03-24T09:56:05","date_gmt":"2017-03-24T08:56:05","guid":{"rendered":"http:\/\/carfree.fr\/?p=38567"},"modified":"2017-05-10T16:26:56","modified_gmt":"2017-05-10T15:26:56","slug":"les-nouveaux-delinquants","status":"publish","type":"post","link":"https:\/\/carfree.fr\/index.php\/2017\/03\/24\/les-nouveaux-delinquants\/","title":{"rendered":"Les nouveaux d\u00e9linquants"},"content":{"rendered":"<p>Voici une belle brochette de d\u00e9linquants! D\u00e9sormais, le port du casque v\u00e9lo est <a href=\"https:\/\/www.legifrance.gouv.fr\/eli\/decret\/2016\/12\/21\/INTS1616476D\/jo\/texte\" target=\"_blank\">obligatoire<\/a> pour les enfants de moins de 12 ans et tous ceux qui n&rsquo;auront pas de casque se verront notifier une contravention de 4\u00e8me classe avec amende de 90 euros. <!--more--><\/p>\n<p>On peut donc le v\u00e9rifier, beaucoup d&rsquo;hommes politiques ont raison: la d\u00e9linquance des mineurs explose! En particulier, il y a de plus en plus de jeunes sauvageons qui ne respectent aucune r\u00e8gle. Imaginez en effet ces hordes sauvages d&rsquo;enfants de moins de 12 ans sans casque v\u00e9lo sur la voie publique! Terrifiant&#8230;<\/p>\n<p>Et comme chacun le sait, on commence avec de petits d\u00e9lits comme ne pas porter de casque v\u00e9lo et on finit dans le grand banditisme! D&rsquo;ailleurs, on peut le voir sur les photos, ces \u00ab\u00a0petits\u00a0\u00bb d\u00e9linquants sont de la v\u00e9ritable graine de racaille. Certains masquent m\u00eame leurs turpitudes en faisant mine d&rsquo;aller \u00e0 l&rsquo;\u00e9cole \u00e0 v\u00e9lo alors qu&rsquo;ils sont probablement en route pour aller commettre moult m\u00e9faits.<\/p>\n<p>Par ailleurs, ces d\u00e9linquants sont clairement en voie de radicalisation: cet extr\u00e9misme cyclable est insupportable dans notre soci\u00e9t\u00e9 automobilistique. Ces petits djihadistes de la p\u00e9dale attaquent les fondements de la civilisation de l&rsquo;automobile.<\/p>\n<p>Certains hommes politiques proposent d&rsquo;abaisser la majorit\u00e9 p\u00e9nale \u00e0 16 ans, mais c&rsquo;est \u00e0 5 ans qu&rsquo;il faut l&rsquo;abaisser, d\u00e8s qu&rsquo;ils savent faire du v\u00e9lo! Car, beaucoup d&rsquo;enfants de moins de 12 ans qui seront pris en flagrant d\u00e9lit de non port du casque v\u00e9lo ne pourront probablement m\u00eame pas payer l&rsquo;amende de 90 euros, avec des arguments fallacieux du type \u00ab\u00a0je n&rsquo;ai pas de ch\u00e9quier ou de carte bleue\u00a0\u00bb. Et ceux qui pourront payer en liquide sont probablement des dealers. Stop \u00e0 l&rsquo;impunit\u00e9! C&rsquo;est pourquoi, il faut plut\u00f4t les envoyer directement en centre \u00e9ducatif ferm\u00e9 ou, \u00e0 la rigueur, en centre de d\u00e9radicalisation avec passage du permis de conduire acc\u00e9l\u00e9r\u00e9.<\/p>\n<p>Mais surtout, il faut que la mar\u00e9chauss\u00e9e confisque imm\u00e9diatement \u00e0 ces individus de moins de 12 ans leur v\u00e9hicule \u00e0 deux roues, probablement vol\u00e9, \u00e0 des fins de recyclage pour alimenter les besoins en m\u00e9taux de notre industrie automobile nationale.<\/p>\n<p>La d\u00e9linquance cyclable doit cesser et il faut d\u00e9sormais lancer une grande <a href=\"http:\/\/carfree.fr\/index.php\/2015\/02\/19\/campagne-nationale-pour-le-port-du-scaphandre-a-velo\/\" target=\"_blank\">campagne nationale pour le port du scaphandre \u00e0 v\u00e9lo<\/a>!<\/p>\n<p><em>Photos: <a href=\"https:\/\/droitauvelo.org\/IMG\/pdf\/1510casqueargumadav.pdf\" target=\"_blank\">Droit au v\u00e9lo<\/a><\/em><\/p>\n","protected":false},"excerpt":{"rendered":"<p>Voici une belle brochette de d\u00e9linquants! D\u00e9sormais, le port du casque v\u00e9lo est obligatoire pour les enfants de moins de 12 ans et tous ceux qui n&rsquo;auront pas de casque <a class=\"more-link\" href=\"https:\/\/carfree.fr\/index.php\/2017\/03\/24\/les-nouveaux-delinquants\/\">Lire la suite&#8230;<\/a><\/p>\n","protected":false},"author":3,"featured_media":38568,"comment_status":"open","ping_status":"closed","sticky":false,"template":"","format":"standard","meta":[],"categories":[4,7],"tags":[1709,751,646,588,1664],"views":11031,"_links":{"self":[{"href":"https:\/\/carfree.fr\/index.php\/wp-json\/wp\/v2\/posts\/38567"}],"collection":[{"href":"https:\/\/carfree.fr\/index.php\/wp-json\/wp\/v2\/posts"}],"about":[{"href":"https:\/\/carfree.fr\/index.php\/wp-json\/wp\/v2\/types\/post"}],"author":[{"embeddable":true,"href":"https:\/\/carfree.fr\/index.php\/wp-json\/wp\/v2\/users\/3"}],"replies":[{"embeddable":true,"href":"https:\/\/carfree.fr\/index.php\/wp-json\/wp\/v2\/comments?post=38567"}],"version-history":[{"count":0,"href":"https:\/\/carfree.fr\/index.php\/wp-json\/wp\/v2\/posts\/38567\/revisions"}],"wp:featuredmedia":[{"embeddable":true,"href":"https:\/\/carfree.fr\/index.php\/wp-json\/wp\/v2\/media\/38568"}],"wp:attachment":[{"href":"https:\/\/carfree.fr\/index.php\/wp-json\/wp\/v2\/media?parent=38567"}],"wp:term":[{"taxonomy":"category","embeddable":true,"href":"https:\/\/carfree.fr\/index.php\/wp-json\/wp\/v2\/categories?post=38567"},{"taxonomy":"post_tag","embeddable":true,"href":"https:\/\/carfree.fr\/index.php\/wp-json\/wp\/v2\/tags?post=38567"}],"curies":[{"name":"wp","href":"https:\/\/api.w.org\/{rel}","templated":true}]}}