{"id":38592,"date":"2017-04-04T09:20:23","date_gmt":"2017-04-04T08:20:23","guid":{"rendered":"http:\/\/carfree.fr\/?p=38592"},"modified":"2017-05-10T16:22:33","modified_gmt":"2017-05-10T15:22:33","slug":"2754-automobilistes","status":"publish","type":"post","link":"https:\/\/carfree.fr\/index.php\/2017\/04\/04\/2754-automobilistes\/","title":{"rendered":"2754 automobilistes"},"content":{"rendered":"<p>Ce qu&rsquo;il y a de bien avec le micro-lobby \u00ab\u00a040 millions d&rsquo;automobilistes\u00a0\u00bb, c&rsquo;est qu&rsquo;ils n&rsquo;ont vraiment pas peur du ridicule. Comme nous l&rsquo;avons vu <a href=\"http:\/\/carfree.fr\/index.php\/2016\/12\/12\/la-qualite-de-lair-na-jamais-ete-aussi-bonne-quaujourdhui\/\" target=\"_blank\">r\u00e9cemment<\/a>, ils affirmaient d\u00e9j\u00e0 en 2014 que \u00ab\u00a0la qualit\u00e9 de l\u2019air n\u2019a jamais \u00e9t\u00e9 aussi bonne qu\u2019aujourd\u2019hui\u00a0\u00bb. Aujourd&rsquo;hui, ils racontent sur Twitter que la pi\u00e9tonnisation des voies sur berge \u00e0 Paris est responsable de la d\u00e9gradation de la pollution. <!--more--><\/p>\n<p>Encore une fois, c&rsquo;est Pierre Chasseray, le D\u00e9l\u00e9gu\u00e9 G\u00e9n\u00e9ral de l\u2019association 40 Millions d\u2019automobilistes, qui fait des siennes sur Twitter. En fait, Pierre Chasseray, c&rsquo;est un peu notre Donald Trump \u00e0 nous: il adore raconter n&rsquo;importe quoi sur Twitter&#8230;<\/p>\n<p>Au passage, quand on parle de \u00ab\u00a040 millions d&rsquo;automobilistes\u00a0\u00bb, on s&rsquo;attend \u00e0 trouver sur Twitter un compte avec des centaines de milliers d&rsquo;abonn\u00e9s (\u00e0 d\u00e9faut de 40 millions&#8230;). Surprise, le compte Twitter du micro-lobby compte \u00e0 ce jour 2754 abonn\u00e9s! A titre de comparaison, le <a href=\"https:\/\/twitter.com\/carfreefrance\" target=\"_blank\">compte Twitter de Carfree France<\/a>, c&rsquo;est 4258 abonn\u00e9s! <\/p>\n<p>Comme quoi, ce n&rsquo;est vraiment pas la peine de sombrer dans le complotisme en imaginant un lobby automobile surpuissant. \u00ab\u00a040 millions d&rsquo;automobilistes\u00a0\u00bb, c&rsquo;est tout juste un micro-lobby pilot\u00e9 par un Donald Trump \u00e0 la fran\u00e7aise. Au passage, ils devraient peut-\u00eatre changer de nom et s&rsquo;appeler, de mani\u00e8re plus r\u00e9aliste, \u00ab\u00a02754 automobilistes\u00a0\u00bb&#8230;<\/p>\n<p><a href=\"http:\/\/carfree.fr\/index.php\/2016\/11\/16\/idiocratie\/\" target=\"_blank\">Donald Trump<\/a>, c&rsquo;est celui qui raconte sur Twitter que \u00ab\u00a0<em>le r\u00e9chauffement climatique a \u00e9t\u00e9 invent\u00e9 par et pour les Chinois, afin de rendre l\u2019industrie am\u00e9ricaine moins comp\u00e9titive<\/em>.\u00a0\u00bb<\/p>\n<p>Pour \u00ab\u00a02754 automobilistes\u00a0\u00bb, la pi\u00e9tonnisation des voies sur berge \u00e0 Paris est responsable de la d\u00e9gradation de la pollution. Bon, au moins ce n&rsquo;est pas la faute des Chinois!<\/p>\n<p>On pourrait \u00e9piloguer longtemps sur cette nouvelle saillie de notre micro-lobby pr\u00e9f\u00e9r\u00e9. Mais, comme tout ceci se trouve sur Twitter, des d\u00e9clarations de ce type sont vite d\u00e9menties par les internautes et c&rsquo;est assez piquant de voir les discussions qui s&rsquo;en suivent. En particulier, c&rsquo;est touchant de voir le micro-lobby tenter de r\u00e9pondre aux premi\u00e8res critiques pour battre en retraite en rase campagne quand le flot des critiques devient trop important&#8230;<\/p>\n<p><img decoding=\"async\" loading=\"lazy\" src=\"http:\/\/carfree.fr\/img\/2017\/03\/twitter1.jpg\" alt=\"\" width=\"600\" height=\"655\" class=\"alignnone size-full wp-image-38593\" srcset=\"https:\/\/carfree.fr\/img\/2017\/03\/twitter1.jpg 600w, https:\/\/carfree.fr\/img\/2017\/03\/twitter1-586x640.jpg 586w, https:\/\/carfree.fr\/img\/2017\/03\/twitter1-150x164.jpg 150w\" sizes=\"(max-width: 600px) 100vw, 600px\" \/><br \/>\n<img decoding=\"async\" loading=\"lazy\" src=\"http:\/\/carfree.fr\/img\/2017\/03\/twitter2.jpg\" alt=\"\" width=\"600\" height=\"709\" class=\"alignnone size-full wp-image-38594\" srcset=\"https:\/\/carfree.fr\/img\/2017\/03\/twitter2.jpg 600w, https:\/\/carfree.fr\/img\/2017\/03\/twitter2-542x640.jpg 542w, https:\/\/carfree.fr\/img\/2017\/03\/twitter2-150x177.jpg 150w\" sizes=\"(max-width: 600px) 100vw, 600px\" \/><br \/>\n<img decoding=\"async\" loading=\"lazy\" src=\"http:\/\/carfree.fr\/img\/2017\/03\/twitter3.jpg\" alt=\"\" width=\"600\" height=\"855\" class=\"alignnone size-full wp-image-38595\" srcset=\"https:\/\/carfree.fr\/img\/2017\/03\/twitter3.jpg 600w, https:\/\/carfree.fr\/img\/2017\/03\/twitter3-449x640.jpg 449w, https:\/\/carfree.fr\/img\/2017\/03\/twitter3-150x214.jpg 150w\" sizes=\"(max-width: 600px) 100vw, 600px\" \/><br \/>\n<img decoding=\"async\" loading=\"lazy\" src=\"http:\/\/carfree.fr\/img\/2017\/03\/twitter4.jpg\" alt=\"\" width=\"600\" height=\"670\" class=\"alignnone size-full wp-image-38596\" srcset=\"https:\/\/carfree.fr\/img\/2017\/03\/twitter4.jpg 600w, https:\/\/carfree.fr\/img\/2017\/03\/twitter4-573x640.jpg 573w, https:\/\/carfree.fr\/img\/2017\/03\/twitter4-150x168.jpg 150w\" sizes=\"(max-width: 600px) 100vw, 600px\" \/><br \/>\n<img decoding=\"async\" loading=\"lazy\" src=\"http:\/\/carfree.fr\/img\/2017\/03\/twitter5.jpg\" alt=\"\" width=\"600\" height=\"794\" class=\"alignnone size-full wp-image-38597\" srcset=\"https:\/\/carfree.fr\/img\/2017\/03\/twitter5.jpg 600w, https:\/\/carfree.fr\/img\/2017\/03\/twitter5-484x640.jpg 484w, https:\/\/carfree.fr\/img\/2017\/03\/twitter5-150x199.jpg 150w\" sizes=\"(max-width: 600px) 100vw, 600px\" \/><br \/>\n<img decoding=\"async\" loading=\"lazy\" src=\"http:\/\/carfree.fr\/img\/2017\/03\/twitter6.jpg\" alt=\"\" width=\"600\" height=\"122\" class=\"alignnone size-full wp-image-38598\" srcset=\"https:\/\/carfree.fr\/img\/2017\/03\/twitter6.jpg 600w, https:\/\/carfree.fr\/img\/2017\/03\/twitter6-150x31.jpg 150w\" sizes=\"(max-width: 600px) 100vw, 600px\" \/><\/p>\n","protected":false},"excerpt":{"rendered":"<p>Ce qu&rsquo;il y a de bien avec le micro-lobby \u00ab\u00a040 millions d&rsquo;automobilistes\u00a0\u00bb, c&rsquo;est qu&rsquo;ils n&rsquo;ont vraiment pas peur du ridicule. Comme nous l&rsquo;avons vu r\u00e9cemment, ils affirmaient d\u00e9j\u00e0 en 2014 <a class=\"more-link\" href=\"https:\/\/carfree.fr\/index.php\/2017\/04\/04\/2754-automobilistes\/\">Lire la suite&#8230;<\/a><\/p>\n","protected":false},"author":70,"featured_media":38600,"comment_status":"open","ping_status":"closed","sticky":false,"template":"","format":"standard","meta":[],"categories":[73,1037],"tags":[1709,177,106,1477,33],"views":10393,"_links":{"self":[{"href":"https:\/\/carfree.fr\/index.php\/wp-json\/wp\/v2\/posts\/38592"}],"collection":[{"href":"https:\/\/carfree.fr\/index.php\/wp-json\/wp\/v2\/posts"}],"about":[{"href":"https:\/\/carfree.fr\/index.php\/wp-json\/wp\/v2\/types\/post"}],"author":[{"embeddable":true,"href":"https:\/\/carfree.fr\/index.php\/wp-json\/wp\/v2\/users\/70"}],"replies":[{"embeddable":true,"href":"https:\/\/carfree.fr\/index.php\/wp-json\/wp\/v2\/comments?post=38592"}],"version-history":[{"count":0,"href":"https:\/\/carfree.fr\/index.php\/wp-json\/wp\/v2\/posts\/38592\/revisions"}],"wp:featuredmedia":[{"embeddable":true,"href":"https:\/\/carfree.fr\/index.php\/wp-json\/wp\/v2\/media\/38600"}],"wp:attachment":[{"href":"https:\/\/carfree.fr\/index.php\/wp-json\/wp\/v2\/media?parent=38592"}],"wp:term":[{"taxonomy":"category","embeddable":true,"href":"https:\/\/carfree.fr\/index.php\/wp-json\/wp\/v2\/categories?post=38592"},{"taxonomy":"post_tag","embeddable":true,"href":"https:\/\/carfree.fr\/index.php\/wp-json\/wp\/v2\/tags?post=38592"}],"curies":[{"name":"wp","href":"https:\/\/api.w.org\/{rel}","templated":true}]}}