{"id":38678,"date":"2017-05-04T08:46:43","date_gmt":"2017-05-04T07:46:43","guid":{"rendered":"http:\/\/carfree.fr\/?p=38678"},"modified":"2021-01-14T15:05:27","modified_gmt":"2021-01-14T14:05:27","slug":"ces-neo-negawatt-qui-valent-des-milliards","status":"publish","type":"post","link":"https:\/\/carfree.fr\/index.php\/2017\/05\/04\/ces-neo-negawatt-qui-valent-des-milliards\/","title":{"rendered":"Ces N\u00e9o-N\u00e9gaWatt qui valent des Milliards&#8230;"},"content":{"rendered":"<p>Bien \u00e9videmment c\u2019est un secret de Polichinelle\u2026 En tant qu\u2019entreprise vendant de l\u2019\u00e9lectricit\u00e9 atomique, EDF, cribl\u00e9e de dettes, survit dans son parc d\u00e9labr\u00e9 en limite de la faillite. M\u00eame si la pr\u00e9sentation soign\u00e9e de l\u2019\u00e9tat de ses finances appara\u00eet moins pr\u00e9occupante que celle d\u2019Ar\u00e9va, apr\u00e8s Fukushima, il n\u2019y a plus d\u2019illusion possible sur l\u2019avenir du fleuron national. L\u2019atome tricolore va de mal en pis, dans l\u2019\u00e9conomie r\u00e9elle l\u2019\u00e9lectronucl\u00e9aire ne paie plus&#8230; <!--more--><\/p>\n<p>Mais, au tournant du si\u00e8cle, insidieusement la donne \u00e9conomique s\u2019est quelque peu modifi\u00e9e pour devenir toxique avec la d\u00e9r\u00e9gulation du march\u00e9 de l\u2019\u00e9nergie. Si, comme on nous l\u2019a annonc\u00e9, le monde est pass\u00e9 de l\u2019\u00e9conomie r\u00e9elle \u00e0 la d\u00e9mat\u00e9rialisation de l\u2019\u00e9conomie, la logique obsessionnelle du chiffre d\u2019affaires est rest\u00e9e la m\u00eame. Et, perversion ultime du syst\u00e8me, il appara\u00eet, dans cette nouvelle \u00e8re \u00e9conomique num\u00e9rique et n\u00e9olib\u00e9rale que le virtuel serait capable de faire des miracles, comme transmuter le n\u00e9ant en or.<\/p>\n<p>Alors changement de d\u00e9cor, en tant qu\u2019entreprise poss\u00e9dant potentiellement des milliards de kilowatts-heure futurs, EDF dans sa friche industrielle et plus particuli\u00e8rement ses actionnaires peuvent sereinement tabler sur un avenir radieux, assur\u00e9 jusqu\u2019\u00e0 la fin du si\u00e8cle. Par le jeu des tribunaux arbitraux, de nouveaux comportements pr\u00e9dateurs ont vu le jour sur les Etats\u2026 Mais, en d\u00e9finitive les victimes, c\u2019est nous.<\/p>\n<p>C\u2019est ce que nous apprennent les tractations politico-financi\u00e8res avec les actionnaires pour rendre possible la fermeture de la centrale de Fessenheim. Des \u00ab\u00a0manque-\u00e0-gagner\u00a0\u00bb se sont n\u00e9goci\u00e9s au prix fort et la facture sera calcul\u00e9e au prorata du prix futur du M\u00e9gawatt-heure\u2026 Les estimations, m\u00eame les plus raisonnables, se chiffrent en milliards.<\/p>\n<p>Comment en est-on arriv\u00e9 l\u00e0\u00a0? Calculer des N\u00e9gawatt virtuels et les valoriser.<\/p>\n<p><strong>Rappel liminaire sur la notion originelle de N\u00e9gaWatt<\/strong><\/p>\n<p>A tout seigneur tout honneur, on doit au physicien am\u00e9ricain Amory Lovins le concept de N\u00e9gawatt. Ce vieil expert en \u00e9nergie, fondateur du Rocky Mountain Institute en 1982 et anti-nucl\u00e9aire convaincu, avait \u00e9t\u00e9 frapp\u00e9, comme beaucoup de ses contemporains, par l\u2019invraisemblable gabegie d\u2019\u00e9nergie du syst\u00e8me \u00e9conomique et technique \u00e9tasunien. D\u00e8s les ann\u00e9es soixante, il pouvait chiffrer pour son pays, le gisement potentiel de N\u00e9gaWatt. Le calcul en r\u00e9v\u00e9lait des milliers de milliards. De quoi s\u2019agit-il\u00a0? Les N\u00e9gaWatt sont les kilowatts heure qu\u2019il serait tout simplement inutile de produire si une r\u00e9elle volont\u00e9 politique orientait l\u2019\u00e9conomie vers la sobri\u00e9t\u00e9 et l\u2019efficience \u00e9nerg\u00e9tique\u2026 Dans les ann\u00e9es 1970, au temps o\u00f9 il \u00e9crivait pour les Amis de la Terre, Lovins avait pr\u00e9sent\u00e9 comme aberration monumentale le cas symbolique de la passoire \u00e9nerg\u00e9tique du Word Trade Center (1).<\/p>\n<p>En France, il y a une association d\u2019experts en \u00e9nergie qui depuis le d\u00e9but les ann\u00e9es 2000 propose un sc\u00e9nario N\u00e9gaWatt associant sobri\u00e9t\u00e9, efficience \u00e9nerg\u00e9tique et d\u00e9ploiement des \u00e9nergies renouvelables. Dans cette perspective \u00e9nerg\u00e9tique en rupture avec le mod\u00e8le actuel, la seule sobri\u00e9t\u00e9 permettrait de r\u00e9duire de 60% la consommation d\u2019\u00e9nergie sans perte  significative de confort. Pr\u00e9cisons, 60 % d\u2019\u00e9nergie import\u00e9e ou produite sont inutilement consomm\u00e9s en France et c\u2019est au moins deux fois plus que ce que produit le parc nucl\u00e9aire national.<\/p>\n<p>La derni\u00e8re mouture du Sc\u00e9nario N\u00e9gaWatt  2017 &#8211; 2050 assurerait la sortie du nucl\u00e9aire dans les ann\u00e9es 2030 et annonce un quasi 100% d\u2019\u00e9nergie renouvelable \u00e0 \u00e9ch\u00e9ance 2050 (2).<\/p>\n<p>Bien \u00e9videmment, ces milliards de N\u00e9gawatt utilement retir\u00e9s de l\u2019\u00e9conomie r\u00e9elle ne co\u00fbtent pas un kopeck.<\/p>\n<p>Mais, dans la fameuse \u00e9conomie d\u00e9mat\u00e9rialis\u00e9e ultralib\u00e9rale des transnationales, de nouveaux n\u00e9gawatt ont vu le jour et se n\u00e9gocient aujourd\u2019hui \u00e0 prix d\u2019or.<\/p>\n<p><strong>Le Cas Allemand et les N\u00e9o-N\u00e9gaWatt de Vattenfall <\/strong><\/p>\n<p>D\u00e9cid\u00e9ment, l\u2019imposture internationale de l\u2019\u00e9nergie atomique s\u2019est inscrite dans la dur\u00e9e. Elle concerne non seulement les domaines techniques, sanitaires et environnementaux bien connus, mais s\u2019ajoutent aujourd\u2019hui les proc\u00e9dures juridiques et financi\u00e8res.<\/p>\n<p>En 2011, apr\u00e8s la catastrophe de Fukushima, l\u2019Etat Allemand sans attendre a pris la sage d\u00e9cision de sortir le pays de la menace nucl\u00e9aire.<\/p>\n<p>Mais ce fut sans compter la voracit\u00e9 \u00e9conomique des transnationales impliqu\u00e9es dans cette industrie. C\u2019est l\u00e0 qu\u2019apparaissent les nouveaux N\u00e9gaWatt virtuels qui ne seront ni produits ni consomm\u00e9s mais que les acteurs du secteur souhaitent facturer \u00e0 la collectivit\u00e9.<\/p>\n<p>Les Allemands d\u00e9couvrent aujourd\u2019hui \u00e0 la man\u0153uvre trois grands philanthropes de leur nucl\u00e9aire national\u00a0: deux allemands E.ON et RWE et le su\u00e9dois Vattenfall. Ces g\u00e9ants de l\u2019\u00e9nergie, loin d\u2019\u00eatre soulag\u00e9s par l\u2019\u00e9loignement de la menace atomique, veulent se faire payer au prix fort les m\u00e9gawatts heure qu\u2019ils auraient pu produire mais que la perspective de fermeture des centrales \u00e0 l\u2019horizon 2022 emp\u00eachera de produire et vendre.<\/p>\n<p>D\u2019entr\u00e9e de jeu, alors que le monde \u00e9tait encore sous le choc de Fukushima, Vattenfall, en grand viking conqu\u00e9rant, lan\u00e7ait l\u2019attaque en saisissant un tribunal d&rsquo;arbitrage. Deux ans plus tard, en 2014, on apprenait ses pr\u00e9tentions de ran\u00e7on. Le groupe public su\u00e9dois r\u00e9clamait 4,7 milliard d\u2019euros aux contribuables allemands.<\/p>\n<p>En 2016, Vattenfall \u00e9tait rejoint dans sa d\u00e9marche belliqueuse par deux g\u00e9ants allemands de l\u2019\u00e9nergie. Tous trois d\u00e9posaient une plainte aupr\u00e8s du Tribunal constitutionnel de Karlsruhe. \u00ab\u00a0<em>Selon certaines sources, l\u2019enjeu financier peut \u00eatre majeur. Le d\u00e9dommagement pourrait atteindre pr\u00e8s de 20\u00a0milliards d\u2019euros au total <\/em>(2).\u00a0\u00bb Ces calculs sordides de la nouvelle \u00e9conomie faisant fi de la sant\u00e9 et suret\u00e9 publique se font sur la base des m\u00e9gawattheures que les fermetures emp\u00eacheront de produire et de vendre\u2026<\/p>\n<p>Dans cette affaire, il faut signaler un quatri\u00e8me larron, l\u2019op\u00e9rateur EnBW. Ce dernier, propri\u00e9t\u00e9 du Land du Bade-Wurtemberg dirig\u00e9 aujourd\u2019hui par les Verts, ne s\u2019est pas associ\u00e9 \u00e0 la plainte. Mais on le retrouvera dans ses basses \u0153uvres avec ses N\u00e9gaWatt \u00e0 valoriser dans le montage politico-financier de la fermeture de Fessenheim.<\/p>\n<p><em>Les N\u00e9gaWatt de Fessenheim <\/em><\/p>\n<p>Cot\u00e9 tractation financi\u00e8re rien n\u2019avait fuit\u00e9 ou presque. Cot\u00e9 politique politicienne, l\u2019affaire de Fessenheim refaisait surface avec la nouvelle \u00e9ch\u00e9ance pr\u00e9sidentielle. Les Fran\u00e7ais connaissaient la vieille promesse de fermeture de la campagne de 2012, ils la red\u00e9couvraient dans la presse \u00e0 la veille de l\u2019\u00e9ch\u00e9ance pr\u00e9sidentielle de 2017. Le candidat Hollande avait promis de fermer Fessenheim durant son mandat\u2026 s\u2019il \u00e9tait \u00e9lu. En ces temps de campagne, il s\u2019agissait pour lui de s\u2019assurer le report large des suffrages des \u00e9lecteurs habituels d\u2019Europe Ecologie les Verts. Il a \u00e9t\u00e9 \u00e9lu et, sans surprise selon la fameuse r\u00e8gle \u00ab\u00a0<em>les promesses qui n\u2019engagent que ceux qui y croient<\/em>\u00a0\u00bb, son engagement n\u2019a pas \u00e9t\u00e9 tenu.<\/p>\n<p>Arriv\u00e9 en fin de mandat et \u00e0 quelques mois de la nouvelle \u00e9ch\u00e9ance pr\u00e9sidentielle la fermeture de Fessenheim s\u2019imposait \u00e0 nouveau dans les agendas, mais la question se posait d\u00e9sormais dans une ambiance d\u2019urgence vitale pour le nouveau candidat du Parti Socialiste. La situation \u00e9tait en effet des plus pr\u00e9occupantes, rien n\u2019\u00e9tait gagn\u00e9. Avec le candidat Macron en \u00e9lectron libre au centre de l\u2019\u00e9chiquier politique ratissant large \u00e0 gauche comme \u00e0 droite le spectre Jospinien n\u2019\u00e9tait pas \u00e0 exclure. Dans ce contexte de grandes incertitudes, il fallait tout faire pour sauver le candidat Hamon. Tra\u00eenant les casseroles de la casse sociale et environnementale de la loi travail et du code minier, le parti devait lui donner au moins l\u2019ombre d\u2019une chance d\u2019\u00eatre pr\u00e9sent au second tour.<\/p>\n<p>Apr\u00e8s le quinquennat des entourloupes Hollande, Les Verts \u00e9chaud\u00e9s avaient cette fois-ci mis la barre au plus haut pour accepter de mettre \u00e0 la trappe leur propre candidat. Et le PS, au pied du mur, avait tout accept\u00e9 pour \u00e9viter le pire.<\/p>\n<p>Sur le volet nucl\u00e9aire, l\u2019accord d\u2019appareil Rose-Vert, Jadot-Hamon, ne contenait pas moins qu\u2019une sortie progressive et int\u00e9grale du nucl\u00e9aire, avec objectif d\u2019y parvenir d\u2019ici 25 ans, et la fin du projet d\u2019enfouissement profond des d\u00e9chets nucl\u00e9aires \u00e0 Bure (3). Les groupes anti-nucl\u00e9aires pourraient \u00e9videment tiquer sur la p\u00e9riode astronomique de \u00ab\u00a0<em>25 ans<\/em>\u00a0\u00bb, qui est tout sauf une sortie volontaire du nucl\u00e9aire, c\u2019est tout de m\u00eame nettement mieux que l\u2019inconsistante promesse de r\u00e9duire \u00e0 50% la part de l\u2019atome dans le mix \u00e9nerg\u00e9tique tricolore.<\/p>\n<p>Premier tour des pr\u00e9sidentielles, le candidat rose officiel investi par les primaires du parti socialiste fait un excellent score de candidat vert mais, malgr\u00e9 \u00e7a, n\u2019arrive qu\u2019en 5e position. Il ne peut donc pas acc\u00e9der au second tour. Avec un 7% des suffrages exprim\u00e9s on peut se permettre de dire que seuls les \u00e9lecteurs des Verts auraient vot\u00e9 Hamon, l\u2019ensemble des voix PS se seraient port\u00e9es sur Macron. En cons\u00e9quences logiques les tractations politiciennes de derni\u00e8re minute sur l\u2019avenir de l\u2019atome tricolore sont d\u00e9sormais obsol\u00e8tes.<\/p>\n<p>Dans une analyse politicienne <em>a posteriori<\/em> on peut se demander si le candidat Hamon n\u2019\u00e9tait pas un pi\u00e8ge \u00e0 \u00e9lecteurs verts pour assurer au candidat Macron un duel \u00e0 droite avec Le Pen plut\u00f4t qu\u2019\u00e0 gauche avec M\u00e9lenchon\u2026 Mais revenons \u00e0 nos moutons\u2026<\/p>\n<p>Reste entier et int\u00e9ressant \u00e0 regarder le versant financier n\u00e9goci\u00e9 de la fermeture de Fessenheim pour la mise en bouche du pacte d\u2019appareil Rose Vert.<\/p>\n<p>C\u00f4t\u00e9 m\u00e9cano fran\u00e7ais, \u00e0 la veille du scrutin, EDF avait encore une fois d\u00e9croch\u00e9 le jackpot de l&rsquo;Etat, son actionnaire principal, avec un d\u00e9cret en trompe l\u2019\u0153il de fermeture conditionnelle (4). En substance, on a: Fessenheim fermera quand l\u2019EPR de Flamanville divergera. Autant dire jamais\u2026 Le gouvernement PS anticipait la victoire \u00e9lectorale du candidat de la haute finance et l\u2019obsolescence de l\u2019accord rose-vert\u2026 en faveur encore de l\u2019hypoth\u00e8se Hamon pi\u00e8ge \u00e0 \u00e9cologistes ben\u00eats.<\/p>\n<p>Cot\u00e9 extra-hexagonal, on d\u00e9couvre le pot aux roses, il y a d\u2019autres actionnaires \u00e0 r\u00e9galer. Ils sont certes minoritaires, mais l\u2019Etat providence de la finance se fait un devoir de les satisfaire aussi. Le montage des tractations financi\u00e8res finales de fermeture de Fessenheim r\u00e9serve en effet quelques surprises de taille, entre autre chose la dur\u00e9e de vie de la centrale sur laquelle se font les calculs de d\u00e9dommagements des actionnaires.<\/p>\n<p>Pour le partage du g\u00e2teau, on retrouve attabl\u00e9, en plus d\u2019EDF, l\u2019op\u00e9rateur patriotique allemand EnBW du Land de Bade-Wurtemberg associ\u00e9 \u00e0 un consortium helv\u00e9tique, CNP. Le premier est actionnaire \u00e0 hauteur de 17,5%, le second de 15%.<\/p>\n<p>Si sur le plan technique, selon l\u2019ASN, le gendarme de Saint-Tropez du nucl\u00e9aire, la prolongation de la dur\u00e9e de vie des r\u00e9acteurs jusqu\u2019\u00e0 60 ans n\u2019est toujours pas acquise, il semble qu\u2019il en va diff\u00e9remment dans l\u2019\u00e9conomie d\u00e9mat\u00e9rialis\u00e9e du march\u00e9 d\u00e9-r\u00e9gularis\u00e9 de l\u2019\u00e9nergie. Entr\u00e9e en fonction en 1978, la centrale de Fessenheim aurait d\u00fb fermer trente ans plus tard, en 2008. Mais c\u2019\u00e9tait sans compter sur une g\u00e9n\u00e9reuse bonification g\u00e9n\u00e9rale du parc nucl\u00e9aire tricolore. Ainsi la date de 2041 appara\u00eet dans les calculs sur les n\u00e9o-n\u00e9gawatt factur\u00e9s aux contribuables fran\u00e7ais. Pour la centrale de Fessenheim cela fait une retraite virtuelle \u00e0 63 ans. Surprise de taille, en effet, c\u2019est sur cette base que s\u2019\u00e9tablissent les n\u00e9gociations de fermeture de Fessenheim. Trente-trois ans en plus d\u2019activit\u00e9 possible, c\u2019est autant de n\u00e9gawatts dans la corbeille des n\u00e9gociations. Selon les termes de l\u2019accord, l\u2019Allemand EnBW et le consortium Helv\u00e9tique \u00ab\u00a0<em>toucheront leur quote-part du manque \u00e0 gagner d\u00fb \u00e0 la non production constat\u00e9 en 2041<\/em>\u00a0\u00bb. Si, sur cette p\u00e9riode de production fictive le prix du m\u00e9gawattheure s\u2019envole, l\u2019enveloppe \u00e0 r\u00e9gler peut atteindre les 8 milliards d\u2019euros (6)\u2026<\/p>\n<p>On a vu outre-Rhin que l\u2019acteur EnBW s\u2019\u00e9tait abstenu de porter plainte contre l\u2019Etat Allemand. Dans Hexagone, pour la centrale de Fessenheim, il n\u2019a m\u00eame pas eu besoin de se plaindre, c\u2019est spontan\u00e9ment l\u2019entit\u00e9 bic\u00e9phale Etat-EDF qui se charge de le r\u00e9galer ainsi que l\u2019autre actionnaire minoritaire helv\u00e9tique\u2026<\/p>\n<p><strong>La victimisation valoris\u00e9e des actionnaires<\/strong><\/p>\n<p>Il ne faut pas se leurrer sur l&rsquo;aspect \u00e9ternel de l\u2019imposture nucl\u00e9aire en France. Il ne rel\u00e8ve ni d\u2019une politique de l\u2019autruche ni de la sid\u00e9ration intellectuelle des \u00e9lites face \u00e0 une faillite technico-\u00e9conomique pr\u00e9visible ou du risque d\u2019une catastrophe atomique sur le territoire&#8230;  Il comporte aussi une juteuse financiarisation de m\u00e9gawattheures fictifs futurs, au profit des actionnaires. Sous la rubrique \u00ab\u00a0<em>pr\u00e9judice<\/em>\u00a0\u00bb \u00ab\u00a0<em>manque \u00e0 gagner<\/em>\u00a0\u00bb \u00ab\u00a0<em>d\u00e9dommagement<\/em>\u00a0\u00bb s\u2019organise en coulisse une victimisation valoris\u00e9e des actionnaires d\u2019une friche industrielle en fin de potentiel.<\/p>\n<p>Comme l\u2019exprime si naturellement l\u2019Institut Montaigne dans son devis \u00e9pouvantail surfactur\u00e9 de sortie n\u00e9goci\u00e9e du nucl\u00e9aire\u00a0: \u00ab\u00a0 <em>le Gouvernement et EDF sont convenus d\u2019un protocole d\u2019indemnisation correspondant au pr\u00e9judice commercial de la fermeture anticip\u00e9e de Fessenheim, protocole qui a \u00e9t\u00e9 approuv\u00e9 par le conseil d\u2019administration d\u2019EDF le 24 janvier 2017<\/em>.\u00a0\u00bb<\/p>\n<p>Cette arnaque de fin d\u2019empire au profit des actionnaires que l\u2019Institut Montaigne nomme pompeusement \u00ab\u00a0protocole\u00a0\u00bb, comprend d\u2019entr\u00e9e de jeu une part fixe estim\u00e9e \u00e0 la louche \u00e0 un demi-milliard d\u2019euros et une \u00ab<em>\u00a0part additionnelle variable donnant lieu, le cas \u00e9ch\u00e9ant, \u00e0 des versements ult\u00e9rieurs, refl\u00e9tant le manque \u00e0 gagner pour EDF jusqu\u2019en 2041. Les partenaires d\u2019EDF dans la centrale (EnBW et CNP) pourront, \u00e0 certaines conditions, recevoir une quotepart de l\u2019indemnisation du manque \u00e0 gagner en fonction de leurs droits contractuels sur la capacit\u00e9 de production de la centrale <\/em>(7).\u00a0\u00bb<\/p>\n<p>Derri\u00e8re le projet de prolongation it\u00e9rative de la dur\u00e9e de vie des r\u00e9acteurs jusqu\u2019\u00e0 60 ans et plus se cache l\u2019une des plus grosses arnaques de la 5e R\u00e9publique. A l\u2019origine elle semblait palier aux retards au d\u00e9marrage de l\u2019EPR. D\u00e9sormais, dans cette atmosph\u00e8re sordide de fin d\u2019empire et de financiarisation de l\u2019\u00e9conomie, ces d\u00e9cennies additionnelles de retraite constamment report\u00e9es constituent la base de calcul de n\u00e9o-n\u00e9gawatts \u00e0 facturer aux contribuables.<\/p>\n<p>Dans ses pseudo-transactions sommitales, l\u2019Etat appara\u00eet comme une entit\u00e9 conciliante et mall\u00e9able \u00e0 l\u2019usage des transnationales. C\u2019est peut-\u00eatre aussi la premi\u00e8re fois dans l\u2019histoire qu\u2019un vaste parc industriel arrivant en fin de potentiel se n\u00e9gocie en milliards.<br \/>\nContrairement \u00e0 l\u2019Etat f\u00e9d\u00e9ral des Etats-Unis capable de mettre au pas et \u00e0 l\u2019amende des transnationales fautives en regard de ses lois, on a l\u00e0 en France le cas caricatural d\u2019un Etat souverain organisant d\u00e9lib\u00e9r\u00e9ment la spoliation de sa population nationale au profit d\u2019investisseurs transnationaux. Avec 58 r\u00e9acteurs bonifi\u00e9s de m\u00e9gawattheures fictifs valoris\u00e9s au prix futur de l\u2019\u00e9nergie et la complicit\u00e9 de l\u2019Etat, les actionnaires EDF peuvent afficher une durable s\u00e9r\u00e9nit\u00e9 sur l\u2019avenir.<\/p>\n<p>Notons cependant pour nous consoler que, dans notre malheur de nation nucl\u00e9aire, que le molosse bic\u00e9phale Etat-EDF nous a \u00e9pargn\u00e9 la facturation d\u2019un <em>pretium doloris<\/em> au profit des nucl\u00e9ocrates, polytechniciens, chercheurs, ing\u00e9nieurs et techniciens sup\u00e9rieurs qui ont tant \u0153uvr\u00e9 pour le rayonnement atomique de la France\u2026 Mais, fort probablement avec leur haut niveau d\u2019\u00e9tude, ces travailleurs de l\u2019ombre de l\u2019atome doivent avoir eu la pr\u00e9sence d\u2019esprit d\u2019investir dans EDF et sa friche industrielle valoris\u00e9e par des m\u00e9gawatts-heure fictifs sur le dos des g\u00e9n\u00e9rations futures\u2026<\/p>\n<p>Avril 2017<br \/>\nJean-Marc S\u00e9r\u00e9kian<\/p>\n<p>(1) Amory B. Lovins \u00ab\u00a0Strat\u00e9gies \u00e9nerg\u00e9tiques plan\u00e9taires\u00a0\u00bb Ed. Christian Bourgeois 1976.<br \/>\n(2) S\u00e9nario N\u00e9gaWatt 2017-2050<br \/>\n(3) LE MONDE | 17.03.2016 | Fr\u00e9d\u00e9ric Lema\u00eetre \u00ab\u00a0La sortie du nucl\u00e9aire allemand devant les juges\u00a0\u00bb<br \/>\n(4) Reporterre, 24 f\u00e9vrier 2017  Herv\u00e9 Kempf \u00ab\u00a0Voici le texte de l\u2019accord entre Hamon et Jadot\u00a0\u00bb<br \/>\n(5) Le Monde.fr avec AFP | 09.04.2017 | \u00ab\u00a0Le d\u00e9cret sur la fermeture de la centrale nucl\u00e9aire de Fessenheim est sign\u00e9\u00a0\u00bb<br \/>\n(6) Le Canard Enchain\u00e9,\u00a0mercredi 12 avril 2017 : Odile Benyahia-Kouider \u00ab\u00a0Fessenheim\u00a0: les atomes et l\u2019argent des atomes\u00a0\u00bb<br \/>\n(7) Institut Montaigne, \u00ab\u00a0Sortir progressivement du nucl\u00e9aire\u00a0\u00bb Pr\u00e9sidentielle 2017<\/p>\n","protected":false},"excerpt":{"rendered":"<p>Bien \u00e9videmment c\u2019est un secret de Polichinelle\u2026 En tant qu\u2019entreprise vendant de l\u2019\u00e9lectricit\u00e9 atomique, EDF, cribl\u00e9e de dettes, survit dans son parc d\u00e9labr\u00e9 en limite de la faillite. M\u00eame si <a class=\"more-link\" href=\"https:\/\/carfree.fr\/index.php\/2017\/05\/04\/ces-neo-negawatt-qui-valent-des-milliards\/\">Lire la suite&#8230;<\/a><\/p>\n","protected":false},"author":128,"featured_media":38679,"comment_status":"open","ping_status":"closed","sticky":false,"template":"","format":"standard","meta":[],"categories":[52,6],"tags":[1709,11,60,68,16,694],"views":9250,"_links":{"self":[{"href":"https:\/\/carfree.fr\/index.php\/wp-json\/wp\/v2\/posts\/38678"}],"collection":[{"href":"https:\/\/carfree.fr\/index.php\/wp-json\/wp\/v2\/posts"}],"about":[{"href":"https:\/\/carfree.fr\/index.php\/wp-json\/wp\/v2\/types\/post"}],"author":[{"embeddable":true,"href":"https:\/\/carfree.fr\/index.php\/wp-json\/wp\/v2\/users\/128"}],"replies":[{"embeddable":true,"href":"https:\/\/carfree.fr\/index.php\/wp-json\/wp\/v2\/comments?post=38678"}],"version-history":[{"count":0,"href":"https:\/\/carfree.fr\/index.php\/wp-json\/wp\/v2\/posts\/38678\/revisions"}],"wp:featuredmedia":[{"embeddable":true,"href":"https:\/\/carfree.fr\/index.php\/wp-json\/wp\/v2\/media\/38679"}],"wp:attachment":[{"href":"https:\/\/carfree.fr\/index.php\/wp-json\/wp\/v2\/media?parent=38678"}],"wp:term":[{"taxonomy":"category","embeddable":true,"href":"https:\/\/carfree.fr\/index.php\/wp-json\/wp\/v2\/categories?post=38678"},{"taxonomy":"post_tag","embeddable":true,"href":"https:\/\/carfree.fr\/index.php\/wp-json\/wp\/v2\/tags?post=38678"}],"curies":[{"name":"wp","href":"https:\/\/api.w.org\/{rel}","templated":true}]}}