{"id":38752,"date":"2017-06-07T08:14:04","date_gmt":"2017-06-07T07:14:04","guid":{"rendered":"http:\/\/carfree.fr\/?p=38752"},"modified":"2017-06-07T08:50:17","modified_gmt":"2017-06-07T07:50:17","slug":"histoire-dune-place","status":"publish","type":"post","link":"https:\/\/carfree.fr\/index.php\/2017\/06\/07\/histoire-dune-place\/","title":{"rendered":"Histoire d&rsquo;une place"},"content":{"rendered":"<p>Apr\u00e8s <a href=\"http:\/\/carfree.fr\/index.php\/2017\/06\/02\/de-la-ville-auto-centree-a-la-ville-velo-amicale\/\" target=\"_blank\">Amsterdam aux Pays-Bas<\/a>, faisons un petit d\u00e9tour par Copenhague au Danemark, avec une br\u00e8ve histoire de la place Amager. <!--more--><\/p>\n<p>La place Amager (Amagertorv en danois), aujourd\u2019hui partie int\u00e9grante de la zone pi\u00e9tonni\u00e8re de Str\u00f8get, est souvent consid\u00e9r\u00e9e comme la place centrale de Copenhague, la capitale du Danemark. Apr\u00e8s Gammeltorv, c\u2019est en tout cas une des plus vieilles places de la ville. Elle doit son nom \u00e0 l\u2019\u00eele d\u2019Amager, toute proche. <\/p>\n<p>Le nom d\u2019Amagertorv est mentionn\u00e9 pour la premi\u00e8re fois en 1472 mais le site est bien plus ancien. Les paysans de l\u2019\u00eele d\u2019Amager venaient y vendre leur production, d&rsquo;o\u00f9 le nom de la place. Peu \u00e0 peu s\u2019\u00e9tablit \u00e0 cet endroit le premier march\u00e9 de la ville.<\/p>\n<p>Les images suivantes montrent l&rsquo;\u00e9volution de la place \u00e0 travers le temps. L&rsquo;automobilisation appara\u00eet comme une parenth\u00e8se dans l&rsquo;histoire de la place, que l&rsquo;on peut dater de l&rsquo;apr\u00e8s-guerre. La derni\u00e8re photo montre la place actuelle dont l&rsquo;am\u00e9nagement enti\u00e8rement pi\u00e9tonnier date de 1993.<\/p>\n<p>L&rsquo;histoire de cette place peut \u00eatre illustr\u00e9e par un proverbe saoudien: \u00ab\u00a0<em>Mon p\u00e8re chevauchait un chameau, je conduis une voiture. Mon fils vole en jet. Son fils chevauchera un chameau<\/em>.\u00a0\u00bb<\/p>\n<p>Cela montre aussi qu&rsquo;un vieux centre-ville n&rsquo;est pas forc\u00e9ment naturellement prot\u00e9g\u00e9 de la massification automobile. Rendre cet espace aux pi\u00e9tons n&rsquo;\u00e9tait donc pas une \u00e9vidence dict\u00e9e par l&rsquo;urbanisme ou le caract\u00e8re contraignant d&rsquo;un vieux centre urbain. C&rsquo;\u00e9tait tout simplement un choix.<\/p>\n<p>A l&rsquo;action !<\/p>\n<p><img decoding=\"async\" loading=\"lazy\" src=\"http:\/\/carfree.fr\/img\/2017\/06\/Amagertorv-1.jpg\" alt=\"\" width=\"600\" height=\"478\" class=\"alignnone size-full wp-image-38753\" srcset=\"https:\/\/carfree.fr\/img\/2017\/06\/Amagertorv-1.jpg 600w, https:\/\/carfree.fr\/img\/2017\/06\/Amagertorv-1-150x120.jpg 150w\" sizes=\"(max-width: 600px) 100vw, 600px\" \/><br \/>\n<img decoding=\"async\" loading=\"lazy\" src=\"http:\/\/carfree.fr\/img\/2017\/06\/Amagertorv-2.jpg\" alt=\"\" width=\"600\" height=\"444\" class=\"alignnone size-full wp-image-38754\" srcset=\"https:\/\/carfree.fr\/img\/2017\/06\/Amagertorv-2.jpg 600w, https:\/\/carfree.fr\/img\/2017\/06\/Amagertorv-2-150x111.jpg 150w\" sizes=\"(max-width: 600px) 100vw, 600px\" \/><br \/>\n<img decoding=\"async\" loading=\"lazy\" src=\"http:\/\/carfree.fr\/img\/2017\/06\/Amagertorv-3.jpg\" alt=\"\" width=\"600\" height=\"336\" class=\"alignnone size-full wp-image-38755\" srcset=\"https:\/\/carfree.fr\/img\/2017\/06\/Amagertorv-3.jpg 600w, https:\/\/carfree.fr\/img\/2017\/06\/Amagertorv-3-150x84.jpg 150w\" sizes=\"(max-width: 600px) 100vw, 600px\" \/><br \/>\n<img decoding=\"async\" loading=\"lazy\" src=\"http:\/\/carfree.fr\/img\/2017\/06\/Amagertorv-4.jpg\" alt=\"\" width=\"600\" height=\"419\" class=\"alignnone size-full wp-image-38756\" srcset=\"https:\/\/carfree.fr\/img\/2017\/06\/Amagertorv-4.jpg 600w, https:\/\/carfree.fr\/img\/2017\/06\/Amagertorv-4-150x105.jpg 150w\" sizes=\"(max-width: 600px) 100vw, 600px\" \/><br \/>\n<img decoding=\"async\" loading=\"lazy\" src=\"http:\/\/carfree.fr\/img\/2017\/06\/Amagertorv-5.jpg\" alt=\"\" width=\"600\" height=\"421\" class=\"alignnone size-full wp-image-38757\" srcset=\"https:\/\/carfree.fr\/img\/2017\/06\/Amagertorv-5.jpg 600w, https:\/\/carfree.fr\/img\/2017\/06\/Amagertorv-5-150x105.jpg 150w\" sizes=\"(max-width: 600px) 100vw, 600px\" \/><\/p>\n","protected":false},"excerpt":{"rendered":"<p>Apr\u00e8s Amsterdam aux Pays-Bas, faisons un petit d\u00e9tour par Copenhague au Danemark, avec une br\u00e8ve histoire de la place Amager.<\/p>\n","protected":false},"author":1390,"featured_media":38758,"comment_status":"open","ping_status":"closed","sticky":false,"template":"","format":"standard","meta":[],"categories":[4,73,9],"tags":[1709,146,565,323,198,1477,101,35],"views":9003,"_links":{"self":[{"href":"https:\/\/carfree.fr\/index.php\/wp-json\/wp\/v2\/posts\/38752"}],"collection":[{"href":"https:\/\/carfree.fr\/index.php\/wp-json\/wp\/v2\/posts"}],"about":[{"href":"https:\/\/carfree.fr\/index.php\/wp-json\/wp\/v2\/types\/post"}],"author":[{"embeddable":true,"href":"https:\/\/carfree.fr\/index.php\/wp-json\/wp\/v2\/users\/1390"}],"replies":[{"embeddable":true,"href":"https:\/\/carfree.fr\/index.php\/wp-json\/wp\/v2\/comments?post=38752"}],"version-history":[{"count":0,"href":"https:\/\/carfree.fr\/index.php\/wp-json\/wp\/v2\/posts\/38752\/revisions"}],"wp:featuredmedia":[{"embeddable":true,"href":"https:\/\/carfree.fr\/index.php\/wp-json\/wp\/v2\/media\/38758"}],"wp:attachment":[{"href":"https:\/\/carfree.fr\/index.php\/wp-json\/wp\/v2\/media?parent=38752"}],"wp:term":[{"taxonomy":"category","embeddable":true,"href":"https:\/\/carfree.fr\/index.php\/wp-json\/wp\/v2\/categories?post=38752"},{"taxonomy":"post_tag","embeddable":true,"href":"https:\/\/carfree.fr\/index.php\/wp-json\/wp\/v2\/tags?post=38752"}],"curies":[{"name":"wp","href":"https:\/\/api.w.org\/{rel}","templated":true}]}}