{"id":38765,"date":"2017-06-12T08:16:04","date_gmt":"2017-06-12T07:16:04","guid":{"rendered":"http:\/\/carfree.fr\/?p=38765"},"modified":"2017-06-12T08:16:04","modified_gmt":"2017-06-12T07:16:04","slug":"petition-de-soutien-a-la-velorution-de-toulouse","status":"publish","type":"post","link":"https:\/\/carfree.fr\/index.php\/2017\/06\/12\/petition-de-soutien-a-la-velorution-de-toulouse\/","title":{"rendered":"P\u00e9tition de soutien \u00e0 la V\u00e9lorution de Toulouse"},"content":{"rendered":"<p>L&rsquo;association \u00ab V\u00e9lorution ! \u00bb, forte de pr\u00e8s d&rsquo;un millier de membres, \u0153uvre depuis 2002 au d\u00e9veloppement de la mobilit\u00e9 \u00e0 v\u00e9lo. Elle a mont\u00e9 un des tout premiers atelier-v\u00e9lo en France, atelier qui s&rsquo;est enrichi de multiples activit\u00e9s au fil des ans : voyages, association d&rsquo;usagers, cours de m\u00e9canique, v\u00e9lo-\u00e9cole, actions de soutien \u00e0 d&rsquo;autres associations et collectifs, de solidarit\u00e9s, stages et formations professionnelles, etc. <!--more--><\/p>\n<p><strong>\u00c0 l&rsquo;attention : de Monsieur le Maire et Pr\u00e9sident de Toulouse M\u00e9tropole<\/strong><\/p>\n<p>Gr\u00e2ce aux adh\u00e9sions crois\u00e9es qu&rsquo;elle a \u00e9t\u00e9 la premi\u00e8re \u00e0 mettre en place, les adh\u00e9rents des associations v\u00e9los sur Toulouse, en France et partout ailleurs sur la plan\u00e8te, \u00e0 jour de cotisation dans leurs associations respectives, peuvent avoir acc\u00e8s aux conseils, outils, pi\u00e8ces d&rsquo;occasions, savoirs-faire de cet atelier-v\u00e9lo. Chaque ann\u00e9e, c&rsquo;est pr\u00e8s de 3000 cyclistes qui ont recours \u00e0 ses services pour l\u2019entretien de leur v\u00e9lo et augmentent ainsi leur propre s\u00e9curit\u00e9 en m\u00eame temps que celle des autres&#8230;<\/p>\n<p>Sans aide des collectivit\u00e9s locales, malgr\u00e9 de multiples demandes sur l&rsquo;organisation des r\u00e9cup\u00e9rations, sur des r\u00e9unions de concertation pour des am\u00e9nagements et une vraie prise en compte des cyclistes dans les politiques de transports urbains, l&rsquo;association continue d\u2019\u0153uvrer concr\u00e8tement au renforcement du v\u00e9lo et des cyclistes. Depuis 2012, l&rsquo;association a cr\u00e9\u00e9 plusieurs emplois en CDD, certains sont maintenant en CDI et des embauches devraient se poursuivre.<\/p>\n<p>Un bail pr\u00e9caire accord\u00e9 en 2011 a \u00e9t\u00e9 annul\u00e9 en 2012 mais ne faisait pas l&rsquo;objet d&rsquo;une demande d&rsquo;expulsion. En 2015, la mairie a ajourn\u00e9 un premier proc\u00e8s (sous pr\u00e9texte de faire des propositions de relogement convenables), qu&rsquo;elle relance aujourd&rsquo;hui mais sans la moindre proposition, alors que l&rsquo;association a fait de multiples propositions d&rsquo;achat du lieu actuel, d&rsquo;autres lieux propos\u00e9s \u00e0 d&rsquo;autres associations (mais jamais \u00e0 elle&#8230;), et elle travaille \u00e0 pr\u00e9sent \u00e0 r\u00e9pondre \u00e0 un appel \u00e0 projet sur l&rsquo;ancien Restaurant Universitaire de la cit\u00e9 U Daniel Faucher, avec d&rsquo;autres associations travaillant sur l&rsquo;\u00e9ducation populaire, l&rsquo;\u00e9cologie, les solidarit\u00e9s, etc.<\/p>\n<p>Depuis quelques jours, l&rsquo;association a re\u00e7u une nouvelle assignation \u00e0 compara\u00eetre de la part de la mairie de Toulouse. Cette action contribuera \u00e0 rendre plus difficile la vie des cyclistes toulousains et s\u2019inscrit en droite ligne du prochain Plan de D\u00e9placement Urbain qui pr\u00e9voit des montagnes d&rsquo;argent public pour l\u2019accroissement du trafic automobile&#8230; Alors que Toulouse \u00e9touffe dans les bouchons, alors que le v\u00e9lo est peu soutenu par la ville comme par l&rsquo;agglom\u00e9ration, des \u00e9lu(e)s irresponsables continuent d&rsquo;agir pour saborder les initiatives citoyennes et les associations \u0153uvrant pour une \u00e9cologie r\u00e9elle !<\/p>\n<p>Par votre signature et vos commentaires, vous soutenez V\u00e9lorution et incitez la mairie de Toulouse \u00e0 faire des propositions dignes et correctes soit de rachat de ce local soit de relogement s\u00e9rieux. Vous pouvez en plus \u00e9crire directement \u00e0 Jean Luc Moudenc, Jean Michel Lattes, Franck Biasotto, Nicole Miquel-Belaud, Roger Atsarias, Elysabeth Toutut-Picard, Jacqueline Winnepenninckx-Kieser, directement sur leurs bo\u00eetes mail \u00e0 la mairie de Toulouse, sur Facebook, Twitter, etc. Ou les appeler!<\/p>\n<p><a href=\"http:\/\/www.mesopinions.com\/petition\/autres\/soutien-velorution-toulouse\/30293\" target=\"_blank\" rel=\"noopener noreferrer\">http:\/\/www.mesopinions.com\/petition\/autres\/soutien-velorution-toulouse\/30293<\/a><\/p>\n","protected":false},"excerpt":{"rendered":"<p>L&rsquo;association \u00ab V\u00e9lorution ! \u00bb, forte de pr\u00e8s d&rsquo;un millier de membres, \u0153uvre depuis 2002 au d\u00e9veloppement de la mobilit\u00e9 \u00e0 v\u00e9lo. Elle a mont\u00e9 un des tout premiers atelier-v\u00e9lo <a class=\"more-link\" href=\"https:\/\/carfree.fr\/index.php\/2017\/06\/12\/petition-de-soutien-a-la-velorution-de-toulouse\/\">Lire la suite&#8230;<\/a><\/p>\n","protected":false},"author":168,"featured_media":38766,"comment_status":"open","ping_status":"closed","sticky":false,"template":"","format":"standard","meta":[],"categories":[4,78,7],"tags":[1668,218,1664,113],"views":7818,"_links":{"self":[{"href":"https:\/\/carfree.fr\/index.php\/wp-json\/wp\/v2\/posts\/38765"}],"collection":[{"href":"https:\/\/carfree.fr\/index.php\/wp-json\/wp\/v2\/posts"}],"about":[{"href":"https:\/\/carfree.fr\/index.php\/wp-json\/wp\/v2\/types\/post"}],"author":[{"embeddable":true,"href":"https:\/\/carfree.fr\/index.php\/wp-json\/wp\/v2\/users\/168"}],"replies":[{"embeddable":true,"href":"https:\/\/carfree.fr\/index.php\/wp-json\/wp\/v2\/comments?post=38765"}],"version-history":[{"count":0,"href":"https:\/\/carfree.fr\/index.php\/wp-json\/wp\/v2\/posts\/38765\/revisions"}],"wp:featuredmedia":[{"embeddable":true,"href":"https:\/\/carfree.fr\/index.php\/wp-json\/wp\/v2\/media\/38766"}],"wp:attachment":[{"href":"https:\/\/carfree.fr\/index.php\/wp-json\/wp\/v2\/media?parent=38765"}],"wp:term":[{"taxonomy":"category","embeddable":true,"href":"https:\/\/carfree.fr\/index.php\/wp-json\/wp\/v2\/categories?post=38765"},{"taxonomy":"post_tag","embeddable":true,"href":"https:\/\/carfree.fr\/index.php\/wp-json\/wp\/v2\/tags?post=38765"}],"curies":[{"name":"wp","href":"https:\/\/api.w.org\/{rel}","templated":true}]}}