{"id":38810,"date":"2017-06-23T08:17:36","date_gmt":"2017-06-23T07:17:36","guid":{"rendered":"http:\/\/carfree.fr\/?p=38810"},"modified":"2017-06-23T08:17:36","modified_gmt":"2017-06-23T07:17:36","slug":"alerte-enlevement","status":"publish","type":"post","link":"https:\/\/carfree.fr\/index.php\/2017\/06\/23\/alerte-enlevement\/","title":{"rendered":"Alerte enl\u00e8vement"},"content":{"rendered":"<p>Nicolas hulot, ministre de la transition \u00e9cologique et solidaire, a disparu. Au troisi\u00e8me jour de pollution, les citoyens n&rsquo;ont toujours aucune nouvelle de l&rsquo;ancien animateur de t\u00e9l\u00e9vision. <!--more--><\/p>\n<p>Si vous localisez le ministre, n&rsquo;intervenez pas vous-m\u00eame, ou alors seulement pour lui montrer des photos de vos bronches.<\/p>\n<p>Si vous avez des renseignements, contactez directement les services du ministre sur Twitter <a href=\"https:\/\/twitter.com\/Min_Ecologie\" target=\"_blank\">@Min_Ecologie<\/a> ou directement le ministre sur <a href=\"https:\/\/twitter.com\/N_Hulot\" target=\"_blank\">@N_Hulot<\/a>.<\/p>\n<p>#AlerteEnlevement #PorteDisparu #Pollution<\/p>\n","protected":false},"excerpt":{"rendered":"<p>Nicolas hulot, ministre de la transition \u00e9cologique et solidaire, a disparu. Au troisi\u00e8me jour de pollution, les citoyens n&rsquo;ont toujours aucune nouvelle de l&rsquo;ancien animateur de t\u00e9l\u00e9vision.<\/p>\n","protected":false},"author":70,"featured_media":38811,"comment_status":"open","ping_status":"closed","sticky":false,"template":"","format":"standard","meta":[],"categories":[1037],"tags":[84,691,33,320],"views":17444,"_links":{"self":[{"href":"https:\/\/carfree.fr\/index.php\/wp-json\/wp\/v2\/posts\/38810"}],"collection":[{"href":"https:\/\/carfree.fr\/index.php\/wp-json\/wp\/v2\/posts"}],"about":[{"href":"https:\/\/carfree.fr\/index.php\/wp-json\/wp\/v2\/types\/post"}],"author":[{"embeddable":true,"href":"https:\/\/carfree.fr\/index.php\/wp-json\/wp\/v2\/users\/70"}],"replies":[{"embeddable":true,"href":"https:\/\/carfree.fr\/index.php\/wp-json\/wp\/v2\/comments?post=38810"}],"version-history":[{"count":0,"href":"https:\/\/carfree.fr\/index.php\/wp-json\/wp\/v2\/posts\/38810\/revisions"}],"wp:featuredmedia":[{"embeddable":true,"href":"https:\/\/carfree.fr\/index.php\/wp-json\/wp\/v2\/media\/38811"}],"wp:attachment":[{"href":"https:\/\/carfree.fr\/index.php\/wp-json\/wp\/v2\/media?parent=38810"}],"wp:term":[{"taxonomy":"category","embeddable":true,"href":"https:\/\/carfree.fr\/index.php\/wp-json\/wp\/v2\/categories?post=38810"},{"taxonomy":"post_tag","embeddable":true,"href":"https:\/\/carfree.fr\/index.php\/wp-json\/wp\/v2\/tags?post=38810"}],"curies":[{"name":"wp","href":"https:\/\/api.w.org\/{rel}","templated":true}]}}