{"id":38855,"date":"2017-08-16T07:57:30","date_gmt":"2017-08-16T06:57:30","guid":{"rendered":"http:\/\/carfree.fr\/?p=38855"},"modified":"2020-08-18T10:04:28","modified_gmt":"2020-08-18T09:04:28","slug":"conduire-rend-con","status":"publish","type":"post","link":"https:\/\/carfree.fr\/index.php\/2017\/08\/16\/conduire-rend-con\/","title":{"rendered":"Conduire rend con"},"content":{"rendered":"<p>Conduire une voiture plus de 2\u2009heures par jour aurait un effet n\u00e9gatif sur nos performances intellectuelles, selon une r\u00e9cente \u00e9tude britannique. Conduire r\u00e9guli\u00e8rement trop longtemps serait donc non seulement mauvais pour le c\u0153ur, mais aussi pour le cerveau, expliquent les chercheurs de l\u2019universit\u00e9 de Leicester, en Angleterre. <!--more--><\/p>\n<p>Passer trop de temps au volant n\u2019est pas bon pour notre cerveau, \u00e0 en croire une r\u00e9cente \u00e9tude britannique r\u00e9v\u00e9l\u00e9e par <em>The Times<\/em>. Les chercheurs de l\u2019universit\u00e9 de Leicester (Angleterre) se sont pench\u00e9s sur les pratiques r\u00e9guli\u00e8res des adultes britanniques, dont la conduite, et ont \u00e9tudi\u00e9 leur influence sur le quotient intellectuel.<\/p>\n<p>Ils ont d\u00e9couvert que les Britanniques qui conduisaient plus de 2\u2009heures par jour avaient un QI (quotient intellectuel) inf\u00e9rieur \u00e0 la moyenne, tout comme ceux qui regardaient la t\u00e9l\u00e9vision plus de 3 heures par jour.<\/p>\n<p>Non seulement le QI \u00e9tait plus faible chez les grands rouleurs, mais il continuerait en plus \u00e0 chuter dans le temps. Une \u00e9volution n\u00e9gative que l\u2019\u00e9tude rel\u00e8ve aussi chez les personnes qui regardent la t\u00e9l\u00e9vision plus de 3 heures par jour.<\/p>\n<p>Selon Kishan Bakrania, \u00e9pid\u00e9miologiste \u00e0 l\u2019universit\u00e9 de Leicester, \u00ab\u00a0<em>conduire est mauvais pour le cerveau sans doute parce que l\u2019esprit est moins sollicit\u00e9 pendant ce temps<\/em>.\u00a0\u00bb Mais la conduite \u00ab\u00a0<em>provoque aussi du stress et de la fatigue, ce qui expliquerait la d\u00e9gradation des capacit\u00e9s cognitives<\/em>.\u00a0\u00bb<\/p>\n<p>Selon le journal <em>The Times<\/em>, \u00ab\u00a0<em>les personnes qui veulent prot\u00e9ger leur cerveau des ravages du temps devraient r\u00e9duire le temps pass\u00e9 sur la route, au profit d\u2019activit\u00e9s plus stimulantes d\u2019un point de vue cognitif, comme les rencontres et les sorties<\/em>.\u00a0\u00bb<\/p>\n<p>Source: Ouest-France<\/p>\n","protected":false},"excerpt":{"rendered":"<p>Conduire une voiture plus de 2\u2009heures par jour aurait un effet n\u00e9gatif sur nos performances intellectuelles, selon une r\u00e9cente \u00e9tude britannique. Conduire r\u00e9guli\u00e8rement trop longtemps serait donc non seulement mauvais <a class=\"more-link\" href=\"https:\/\/carfree.fr\/index.php\/2017\/08\/16\/conduire-rend-con\/\">Lire la suite&#8230;<\/a><\/p>\n","protected":false},"author":70,"featured_media":38856,"comment_status":"open","ping_status":"closed","sticky":false,"template":"","format":"standard","meta":[],"categories":[73],"tags":[1709,350,211,320,831],"views":15990,"_links":{"self":[{"href":"https:\/\/carfree.fr\/index.php\/wp-json\/wp\/v2\/posts\/38855"}],"collection":[{"href":"https:\/\/carfree.fr\/index.php\/wp-json\/wp\/v2\/posts"}],"about":[{"href":"https:\/\/carfree.fr\/index.php\/wp-json\/wp\/v2\/types\/post"}],"author":[{"embeddable":true,"href":"https:\/\/carfree.fr\/index.php\/wp-json\/wp\/v2\/users\/70"}],"replies":[{"embeddable":true,"href":"https:\/\/carfree.fr\/index.php\/wp-json\/wp\/v2\/comments?post=38855"}],"version-history":[{"count":0,"href":"https:\/\/carfree.fr\/index.php\/wp-json\/wp\/v2\/posts\/38855\/revisions"}],"wp:featuredmedia":[{"embeddable":true,"href":"https:\/\/carfree.fr\/index.php\/wp-json\/wp\/v2\/media\/38856"}],"wp:attachment":[{"href":"https:\/\/carfree.fr\/index.php\/wp-json\/wp\/v2\/media?parent=38855"}],"wp:term":[{"taxonomy":"category","embeddable":true,"href":"https:\/\/carfree.fr\/index.php\/wp-json\/wp\/v2\/categories?post=38855"},{"taxonomy":"post_tag","embeddable":true,"href":"https:\/\/carfree.fr\/index.php\/wp-json\/wp\/v2\/tags?post=38855"}],"curies":[{"name":"wp","href":"https:\/\/api.w.org\/{rel}","templated":true}]}}