{"id":38859,"date":"2017-08-18T14:40:20","date_gmt":"2017-08-18T13:40:20","guid":{"rendered":"http:\/\/carfree.fr\/?p=38859"},"modified":"2020-08-18T10:09:18","modified_gmt":"2020-08-18T09:09:18","slug":"10-idees-de-sorties-montagne-sans-voiture","status":"publish","type":"post","link":"https:\/\/carfree.fr\/index.php\/2017\/08\/18\/10-idees-de-sorties-montagne-sans-voiture\/","title":{"rendered":"10 id\u00e9es de sorties montagne sans voiture"},"content":{"rendered":"<p>L&rsquo;association Mountain Wilderness vient de sortir une nouvelle brochure intitul\u00e9e \u00ab\u00a0<em>10 id\u00e9es de sorties montagne sans voiture dans le Parc national de la Vanoise<\/em>.\u00a0\u00bb Cette publication vient enrichir la collection \u00ab\u00a010 id\u00e9es de sorties montagne sans voiture\u00a0\u00bb. Chacune de ces brochures est consacr\u00e9e \u00e0 un territoire sp\u00e9cifique, au d\u00e9part d\u2019une \u00ab ville porte \u00bb ou \u00e0 destination d\u2019un massif. <!--more--><\/p>\n<p>Au total, la collection \u00ab\u00a010 id\u00e9es de sorties montagne sans voiture\u00a0\u00bb regroupe d\u00e9sormais 9 publications en t\u00e9l\u00e9chargement au format pdf:<\/p>\n<p><img decoding=\"async\" loading=\"lazy\" class=\"alignnone size-full wp-image-38860\" src=\"http:\/\/carfree.fr\/img\/2017\/08\/v-10id-vanoise-bb78c-6de96.jpg\" alt=\"\" width=\"140\" height=\"196\" \/><br \/>\n10 id\u00e9es de sorties montagne sans voiture dans le Parc national de la Vanoise<\/p>\n<p><img decoding=\"async\" loading=\"lazy\" class=\"alignnone size-full wp-image-38861\" src=\"http:\/\/carfree.fr\/img\/2017\/08\/couv10idlyon-d28d7-50364.jpg\" alt=\"\" width=\"140\" height=\"196\" \/><br \/>\n10 id\u00e9es de sorties montagne sans voiture \u00e0 partir de Lyon<\/p>\n<p><img decoding=\"async\" loading=\"lazy\" class=\"alignnone size-full wp-image-38862\" src=\"http:\/\/carfree.fr\/img\/2017\/08\/10_idees_mont-blanc_francais-vf-web-couv-051f2-2a6e0.jpg\" alt=\"\" width=\"140\" height=\"196\" \/><br \/>\n10 id\u00e9es de sorties montagne sans voiture autour du Mont-Blanc<\/p>\n<p><img decoding=\"async\" loading=\"lazy\" class=\"alignnone size-full wp-image-38863\" src=\"http:\/\/carfree.fr\/img\/2017\/08\/couv10-idees-gap-75607-807a3.jpg\" alt=\"\" width=\"140\" height=\"196\" \/><br \/>\n10 id\u00e9es de sorties montagne sans voiture dans les Hautes-Alpes<\/p>\n<p><img decoding=\"async\" loading=\"lazy\" class=\"alignnone size-full wp-image-38864\" src=\"http:\/\/carfree.fr\/img\/2017\/08\/couv-10-idees-annecy-b51a5-20ac1.jpg\" alt=\"\" width=\"140\" height=\"196\" \/><br \/>\n10 id\u00e9es de sorties montagne sans voiture autour d\u2019Annecy<\/p>\n<p><img decoding=\"async\" loading=\"lazy\" class=\"alignnone size-full wp-image-38865\" src=\"http:\/\/carfree.fr\/img\/2017\/08\/couv10-idees-po-5f68b-a11bf.jpg\" alt=\"\" width=\"140\" height=\"196\" \/><br \/>\n10 id\u00e9es de sorties montagne sans voiture dans les Pyr\u00e9n\u00e9es orientales<\/p>\n<p><img decoding=\"async\" loading=\"lazy\" class=\"alignnone size-full wp-image-38866\" src=\"http:\/\/carfree.fr\/img\/2017\/08\/10_ides_mercantour_fr_-_web-1-04f1b-157fc.jpg\" alt=\"\" width=\"140\" height=\"197\" \/><br \/>\n10 id\u00e9es de sorties montagne sans voiture \u00e0 destination du mercantour<\/p>\n<p><img decoding=\"async\" loading=\"lazy\" class=\"alignnone size-full wp-image-38867\" src=\"http:\/\/carfree.fr\/img\/2017\/08\/couv10-idees-grenoble-ec520-c985d.jpg\" alt=\"\" width=\"140\" height=\"200\" \/><br \/>\n10 id\u00e9es de sorties montagne sans voiture en Is\u00e8re<\/p>\n<p><img decoding=\"async\" loading=\"lazy\" class=\"alignnone size-full wp-image-38868\" src=\"http:\/\/carfree.fr\/img\/2017\/08\/couv10idbca-7575c-6a364.jpg\" alt=\"\" width=\"140\" height=\"196\" \/><br \/>\n10 id\u00e9es de sorties montagne sans voiture autour de Barcelone<\/p>\n<p>&nbsp;<\/p>\n<p>Source: <a href=\"https:\/\/www.mountainwilderness.fr\/\" target=\"_blank\" rel=\"noopener\">https:\/\/www.mountainwilderness.fr\/<\/a><\/p>\n","protected":false},"excerpt":{"rendered":"<p>L&rsquo;association Mountain Wilderness vient de sortir une nouvelle brochure intitul\u00e9e \u00ab\u00a010 id\u00e9es de sorties montagne sans voiture dans le Parc national de la Vanoise.\u00a0\u00bb Cette publication vient enrichir la collection <a class=\"more-link\" href=\"https:\/\/carfree.fr\/index.php\/2017\/08\/18\/10-idees-de-sorties-montagne-sans-voiture\/\">Lire la suite&#8230;<\/a><\/p>\n","protected":false},"author":104,"featured_media":38869,"comment_status":"open","ping_status":"closed","sticky":false,"template":"","format":"standard","meta":[],"categories":[4,72,70,71],"tags":[1709,438,473,103,158,279,278,1667,94,173],"views":12884,"_links":{"self":[{"href":"https:\/\/carfree.fr\/index.php\/wp-json\/wp\/v2\/posts\/38859"}],"collection":[{"href":"https:\/\/carfree.fr\/index.php\/wp-json\/wp\/v2\/posts"}],"about":[{"href":"https:\/\/carfree.fr\/index.php\/wp-json\/wp\/v2\/types\/post"}],"author":[{"embeddable":true,"href":"https:\/\/carfree.fr\/index.php\/wp-json\/wp\/v2\/users\/104"}],"replies":[{"embeddable":true,"href":"https:\/\/carfree.fr\/index.php\/wp-json\/wp\/v2\/comments?post=38859"}],"version-history":[{"count":0,"href":"https:\/\/carfree.fr\/index.php\/wp-json\/wp\/v2\/posts\/38859\/revisions"}],"wp:featuredmedia":[{"embeddable":true,"href":"https:\/\/carfree.fr\/index.php\/wp-json\/wp\/v2\/media\/38869"}],"wp:attachment":[{"href":"https:\/\/carfree.fr\/index.php\/wp-json\/wp\/v2\/media?parent=38859"}],"wp:term":[{"taxonomy":"category","embeddable":true,"href":"https:\/\/carfree.fr\/index.php\/wp-json\/wp\/v2\/categories?post=38859"},{"taxonomy":"post_tag","embeddable":true,"href":"https:\/\/carfree.fr\/index.php\/wp-json\/wp\/v2\/tags?post=38859"}],"curies":[{"name":"wp","href":"https:\/\/api.w.org\/{rel}","templated":true}]}}