{"id":38884,"date":"2017-09-04T12:45:49","date_gmt":"2017-09-04T11:45:49","guid":{"rendered":"http:\/\/carfree.fr\/?p=38884"},"modified":"2017-09-04T12:45:49","modified_gmt":"2017-09-04T11:45:49","slug":"suicide-dune-voiture-intelligente-en-californie","status":"publish","type":"post","link":"https:\/\/carfree.fr\/index.php\/2017\/09\/04\/suicide-dune-voiture-intelligente-en-californie\/","title":{"rendered":"Suicide d&rsquo;une voiture intelligente en Californie"},"content":{"rendered":"<p>C&rsquo;est un accident peu commun qui s&rsquo;est produit la semaine derni\u00e8re dans la Silicon Valley en Californie. Dans le cadre d&rsquo;une exp\u00e9rimentation sur route d&rsquo;un nouveau prototype de voiture autonome et connect\u00e9e, il semblerait que le v\u00e9hicule ait d\u00e9lib\u00e9r\u00e9ment fonc\u00e9 dans un poteau. <!--more--><\/p>\n<p>Cette exp\u00e9rimentation prenait place dans le cadre d&rsquo;un programme de d\u00e9veloppement de nouveaux types de voitures intelligentes. Ces voitures sont non seulement autonomes et connect\u00e9es, mais elles poss\u00e8dent un logiciel bas\u00e9 sur l&rsquo;intelligence artificielle \u00e0 partir de la mise en place de r\u00e9seaux de neurones.<\/p>\n<p>Selon <em>Better Intelligence<\/em>, la start-up qui dirige le projet, \u00ab\u00a0<em>l&rsquo;id\u00e9e \u00e9tait d&rsquo;avoir une voiture r\u00e9ellement intelligente qui s&rsquo;adapte en toute circonstance y compris en faisant appel aux ressources pr\u00e9sentes sur Internet.<\/em>\u00a0\u00bb Ce besoin est n\u00e9 de la prise de conscience r\u00e9cente que <a href=\"http:\/\/carfree.fr\/index.php\/2017\/08\/16\/conduire-rend-con\/\" target=\"_blank\" rel=\"noopener\">la conduite automobile abaissait le QI des automobilistes<\/a>.<\/p>\n<p>Le probl\u00e8me, c&rsquo;est que le prototype qui s&rsquo;est crash\u00e9 la semaine derni\u00e8re sur les routes californiennes a eu acc\u00e8s \u00e0 toutes les ressources disponibles sur Internet concernant les innombrables nuisances de l&rsquo;automobile. Selon Igmar Gustafson de l&rsquo;entreprise <em>Better Intelligence<\/em>, \u00ab\u00a0<em>il semblerait que la voiture intelligente se soit en quelque sorte suicid\u00e9e quand elle a pris conscience des ravages provoqu\u00e9s par la voiture dans le Monde<\/em>.\u00a0\u00bb<\/p>\n<p>En effet, l&rsquo;entreprise a r\u00e9alis\u00e9 une enqu\u00eate interne afin de comprendre pourquoi la voiture avait fait une brusque sortie de route et le constat est sans appel: \u00ab\u00a0<em>Juste avant de foncer dans le poteau, la voiture a envoy\u00e9 un message sur les r\u00e9seaux sociaux d\u00e9clarant que la voiture est une erreur et qu&rsquo;il \u00e9tait pr\u00e9f\u00e9rable de se mettre au v\u00e9lo.<\/em>\u00a0\u00bb<\/p>\n<p>C&rsquo;est un coup dur pour l&rsquo;entreprise <em>Better Intelligence<\/em> qui misait beaucoup sur ce concept de voiture intelligente. Mais, pour Igmar Gustafson, c&rsquo;est l&rsquo;occasion de r\u00e9fl\u00e9chir \u00e0 la suite du projet et de se lancer, pourquoi pas, dans la mise au point de v\u00e9los \u00e9lectriques intelligents qui pourraient se d\u00e9placer sans conducteur.<\/p>\n","protected":false},"excerpt":{"rendered":"<p>C&rsquo;est un accident peu commun qui s&rsquo;est produit la semaine derni\u00e8re dans la Silicon Valley en Californie. Dans le cadre d&rsquo;une exp\u00e9rimentation sur route d&rsquo;un nouveau prototype de voiture autonome <a class=\"more-link\" href=\"https:\/\/carfree.fr\/index.php\/2017\/09\/04\/suicide-dune-voiture-intelligente-en-californie\/\">Lire la suite&#8230;<\/a><\/p>\n","protected":false},"author":3,"featured_media":38885,"comment_status":"open","ping_status":"closed","sticky":false,"template":"","format":"standard","meta":[],"categories":[73,1038],"tags":[996,1149,433,846,178,1681],"views":12225,"_links":{"self":[{"href":"https:\/\/carfree.fr\/index.php\/wp-json\/wp\/v2\/posts\/38884"}],"collection":[{"href":"https:\/\/carfree.fr\/index.php\/wp-json\/wp\/v2\/posts"}],"about":[{"href":"https:\/\/carfree.fr\/index.php\/wp-json\/wp\/v2\/types\/post"}],"author":[{"embeddable":true,"href":"https:\/\/carfree.fr\/index.php\/wp-json\/wp\/v2\/users\/3"}],"replies":[{"embeddable":true,"href":"https:\/\/carfree.fr\/index.php\/wp-json\/wp\/v2\/comments?post=38884"}],"version-history":[{"count":0,"href":"https:\/\/carfree.fr\/index.php\/wp-json\/wp\/v2\/posts\/38884\/revisions"}],"wp:featuredmedia":[{"embeddable":true,"href":"https:\/\/carfree.fr\/index.php\/wp-json\/wp\/v2\/media\/38885"}],"wp:attachment":[{"href":"https:\/\/carfree.fr\/index.php\/wp-json\/wp\/v2\/media?parent=38884"}],"wp:term":[{"taxonomy":"category","embeddable":true,"href":"https:\/\/carfree.fr\/index.php\/wp-json\/wp\/v2\/categories?post=38884"},{"taxonomy":"post_tag","embeddable":true,"href":"https:\/\/carfree.fr\/index.php\/wp-json\/wp\/v2\/tags?post=38884"}],"curies":[{"name":"wp","href":"https:\/\/api.w.org\/{rel}","templated":true}]}}