{"id":38934,"date":"2017-09-20T08:49:38","date_gmt":"2017-09-20T07:49:38","guid":{"rendered":"http:\/\/carfree.fr\/?p=38934"},"modified":"2025-03-04T21:30:18","modified_gmt":"2025-03-04T20:30:18","slug":"la-logistique-urbaine-decarbonee","status":"publish","type":"post","link":"https:\/\/carfree.fr\/index.php\/2017\/09\/20\/la-logistique-urbaine-decarbonee\/","title":{"rendered":"La logistique urbaine d\u00e9carbon\u00e9e"},"content":{"rendered":"<p>Dans le domaine prometteur de la <a href=\"https:\/\/www.blurb.fr\/b\/4952538-v-logistique\" target=\"_blank\" rel=\"noopener\">v\u00e9logistique<\/a>, signalons l&rsquo;apparition d&rsquo;une innovation fran\u00e7aise du nom de BicyLift. Il s&rsquo;agit d&rsquo;un syst\u00e8me combinant un transpalette et une remorque v\u00e9lo pour assurer la livraison du dernier kilom\u00e8tre en ville. <!--more--><\/p>\n<p><iframe id=\"fitvid570706\" class=\"youtube-player\" type=\"text\/html\" src=\"http:\/\/www.youtube.com\/embed\/hgbZTNIMn48?version=3&amp;rel=1&amp;fs=1&amp;autohide=2&amp;showsearch=0&amp;showinfo=1&amp;iv_load_policy=1&amp;wmode=transparent\" allowfullscreen=\"true\" style=\"border:0;\"><\/iframe><\/p>\n<p>Le concept, d\u00e9velopp\u00e9 \u00e0 Rennes par Fleximodal, r\u00e9side dans l\u2019optimisation d\u2019un mouvement de bras de levier, constitu\u00e9 par le ch\u00e2ssis, autour de l\u2019axe des roues. Combin\u00e9e \u00e0 une charge munie de points de levage sp\u00e9cifique, cette solution technique permet de lever jusqu\u2019\u00e0 8 fois son poids sans aucun effort. Le syst\u00e8me est 100% m\u00e9canique.<\/p>\n<p>Avec une charge maximale de 180 kg, la remorque \u00e9quip\u00e9e de freins vient s&rsquo;attacher ensuite au v\u00e9lo.<\/p>\n<p>L&rsquo;id\u00e9e est donc de r\u00e9aliser la livraison du dernier kilom\u00e8tre \u00e0 v\u00e9lo et du dernier m\u00e8tre \u00e0 pied.<\/p>\n<p>Il s&rsquo;agit donc en quelque sorte d&rsquo;une nouvelle application du concept <a href=\"http:\/\/carfree.fr\/index.php\/2012\/06\/18\/velocube\/\" target=\"_blank\" rel=\"noopener\">v\u00e9locube<\/a> pens\u00e9 d\u00e8s 2012. La remorque BicyLift permet de lever et transporter des charges conditionn\u00e9es sur la base du format universel que constitue la palette Europe 120x80cm.<\/p>\n<p><img decoding=\"async\" loading=\"lazy\" src=\"http:\/\/carfree.fr\/img\/2017\/09\/conteneurs-velo.jpg\" alt=\"\" width=\"600\" height=\"387\" class=\"alignnone size-full wp-image-38935\" srcset=\"https:\/\/carfree.fr\/img\/2017\/09\/conteneurs-velo.jpg 600w, https:\/\/carfree.fr\/img\/2017\/09\/conteneurs-velo-150x97.jpg 150w\" sizes=\"(max-width: 600px) 100vw, 600px\" \/><\/p>\n<p>Source: <a href=\"http:\/\/fleximodal.fr\/fr\/\" target=\"_blank\" rel=\"noopener\">http:\/\/fleximodal.fr\/fr\/<\/a><\/p>\n","protected":false},"excerpt":{"rendered":"<p>Dans le domaine prometteur de la v\u00e9logistique, signalons l&rsquo;apparition d&rsquo;une innovation fran\u00e7aise du nom de BicyLift. Il s&rsquo;agit d&rsquo;un syst\u00e8me combinant un transpalette et une remorque v\u00e9lo pour assurer la <a class=\"more-link\" href=\"https:\/\/carfree.fr\/index.php\/2017\/09\/20\/la-logistique-urbaine-decarbonee\/\">Lire la suite&#8230;<\/a><\/p>\n","protected":false},"author":1721,"featured_media":38936,"comment_status":"open","ping_status":"closed","sticky":false,"template":"","format":"standard","meta":[],"categories":[4,7],"tags":[1709,668,719,1308,334,1664,1587],"views":15006,"_links":{"self":[{"href":"https:\/\/carfree.fr\/index.php\/wp-json\/wp\/v2\/posts\/38934"}],"collection":[{"href":"https:\/\/carfree.fr\/index.php\/wp-json\/wp\/v2\/posts"}],"about":[{"href":"https:\/\/carfree.fr\/index.php\/wp-json\/wp\/v2\/types\/post"}],"author":[{"embeddable":true,"href":"https:\/\/carfree.fr\/index.php\/wp-json\/wp\/v2\/users\/1721"}],"replies":[{"embeddable":true,"href":"https:\/\/carfree.fr\/index.php\/wp-json\/wp\/v2\/comments?post=38934"}],"version-history":[{"count":0,"href":"https:\/\/carfree.fr\/index.php\/wp-json\/wp\/v2\/posts\/38934\/revisions"}],"wp:featuredmedia":[{"embeddable":true,"href":"https:\/\/carfree.fr\/index.php\/wp-json\/wp\/v2\/media\/38936"}],"wp:attachment":[{"href":"https:\/\/carfree.fr\/index.php\/wp-json\/wp\/v2\/media?parent=38934"}],"wp:term":[{"taxonomy":"category","embeddable":true,"href":"https:\/\/carfree.fr\/index.php\/wp-json\/wp\/v2\/categories?post=38934"},{"taxonomy":"post_tag","embeddable":true,"href":"https:\/\/carfree.fr\/index.php\/wp-json\/wp\/v2\/tags?post=38934"}],"curies":[{"name":"wp","href":"https:\/\/api.w.org\/{rel}","templated":true}]}}