{"id":38950,"date":"2017-09-27T08:58:17","date_gmt":"2017-09-27T07:58:17","guid":{"rendered":"http:\/\/carfree.fr\/?p=38950"},"modified":"2019-05-28T14:52:21","modified_gmt":"2019-05-28T13:52:21","slug":"mon-velo-ma-liberte","status":"publish","type":"post","link":"https:\/\/carfree.fr\/index.php\/2017\/09\/27\/mon-velo-ma-liberte\/","title":{"rendered":"Mon v\u00e9lo, ma libert\u00e9 !"},"content":{"rendered":"<p>Petit d\u00e9jeuner aval\u00e9, c\u2019est plus fort que moi. Il faut que je d\u00e9carre. J\u2019enfourche mon v\u00e9lo et file vers le chemin de halage qui borde la Vilaine de Rennes \u00e0 Redon. Je ne sais pas encore jusqu\u2019o\u00f9 je vais aller. Deux ou trois heures \u00e0 rouler minimum. <!--more--><\/p>\n<p>On quitte l\u2019urbain quand les personnes crois\u00e9es vous disent bonjour. En ville, l\u2019anonymat est l\u2019habituel. On se croise sans croiser le regard, la t\u00eate souvent viss\u00e9e dans des \u00e9couteurs. Trop de monde lasse, la raret\u00e9 aiguillonne le sens social. Le mouvement de la ville absorbe le passant, le d\u00e9nuement de la campagne fait d\u2019une rencontre un moment rare.<\/p>\n<p>Je passe peu \u00e0 peu de la plan\u00e8te de l\u2019agite \u00e0 celle de la m\u00e9dite\u00a0: des p\u00eacheurs et des marcheurs tout \u00e0 leurs pens\u00e9es le long du serpent d\u2019eau. Et pas que des vieux. Beaucoup de jeunes asticotent la carpe.<\/p>\n<p>\u00c9tonnants les pouvoirs d\u2019une rivi\u00e8re\u00a0! L\u2019eau justifie ma promenade \u00e0 v\u00e9lo au fil de ses m\u00e9andres. L\u2019eau justifie la construction de maisons toutes baies tourn\u00e9es vers le miroir. Un miroir magique. Une rivi\u00e8re transforme un coucher de soleil en f\u00e9erie de lumi\u00e8res. Elle convoque la brume les soirs d\u2019automne et les matins d\u2019\u00e9t\u00e9. Une rivi\u00e8re se fige d\u2019effroi les froids d\u2019hiver. Elle bouillonne d\u2019idylles d\u2019insectes, de poissons, d\u2019oiseaux et de rongeurs.<\/p>\n<p><strong>Un tr\u00e8s bon chemin correct et sans danger<\/strong><\/p>\n<p>Premi\u00e8re pause au bout d\u2019une heure. Assis sur un banc pr\u00e8s de mon biclou, je parcours le carnet de notes qui m\u2019accompagne quotidiennement. Je relis ces vers de Marie No\u00eblle consign\u00e9s il y a plusieurs mois. Ils me donnent la clef de ma vir\u00e9e \u00e0 deux roues\u00a0:<br \/>\n<em><br \/>\n\u00ab\u00a0C&rsquo;est un tr\u00e8s bon chemin correct et sans danger,<br \/>\nQuand on y trouve de quoi manger.<br \/>\nEt les moutons \u2013\u00a0l&rsquo;air de moudre une paten\u00f4tre\u00a0\u2013<br \/>\nS&rsquo;en vont par-l\u00e0 broutant dans les pas l&rsquo;un de l&rsquo;autre.<\/em><\/p>\n<p><em>Moi, la ch\u00e8vre, je suis le surplus du troupeau<br \/>\nEt je m&rsquo;ennuie avec ces gens de tout repos<br \/>\nQui font tout bonnement tous la m\u00eame chose.<br \/>\nJe m&rsquo;ennuie \u00e0 mourir sur ce chemin morose.<br \/>\nJe n&rsquo;aime pas\u00a0\u2013\u00a0j&rsquo;en ai le cerveau courbatu\u00a0\u2013<br \/>\nMarcher en foule ainsi sur un terrain battu\u00a0;<br \/>\nJe n&rsquo;aime pas broutter l&rsquo;herbe d\u00e9j\u00e0 tondue,<br \/>\nCe petit foin sans go\u00fbt, sans fleur inattendue&#8230;<\/em><\/p>\n<p><em>Aussi, d\u00e8s que le P\u00e2tre en son grand manteau bleu<br \/>\nRempli de vent cherche l&rsquo;espace et r\u00eave un peu,<br \/>\nJe m&rsquo;\u00e9chappe, je cours \u00e0 travers la campagne,<br \/>\nJe bondis pour trouver quelque peu de montagne,<br \/>\nJe grimpe \u00e0 des talus tr\u00e8s hauts de chemins creux.<br \/>\nOn est tr\u00e8s bien tout seul, sans moutons, tr\u00e8s loin d&rsquo;eux<br \/>\nQui semblent tout au fond du val des pierres grises.<br \/>\nLes thyms inviol\u00e9s ont des saveurs exquises&#8230;\u00a0\u00bb<\/em> (1)<\/p>\n<p>Ouvrir mon c\u0153ur perclus d\u2019habitudes et de pens\u00e9es toutes faites\u00a0; lui redonner un peu de palpitant.\u00a0! Voil\u00e0 le sens de ma qu\u00eate \u00e0 deux roues.<\/p>\n<p>Cette lecture me galvanise. Je d\u00e9cide de poursuivre jusqu\u2019\u00e0 Redon o\u00f9 je prendrai un train r\u00e9gional pour rentrer \u00e0 Rennes avec ma petite reine.<\/p>\n<p><strong>Le palpitant est au rendez-vous<\/strong><\/p>\n<p>Le palpitant est au rendez-vous. Je rencontre une retrait\u00e9e qui trace la voie dans le sens Redon Rennes. Nous partageons nos pique-niques et nos histoires. La discussion n\u2019est pas superficielle\u00a0: deux cyclistes qui se croisent en terre inconnue balaient vite les banalit\u00e9s et livrent le sel de leur vie. Je go\u00fbte aussi \u00e0 la beaut\u00e9 des paysages\u00a0: un ch\u00eane isol\u00e9 au milieu d\u2019une grande parcelle, un ch\u00e2teau en surplomb avec son air italien. Je saisis enfin des petits pans d\u2019histoire. Une voie romaine au bord du halage ou encore cette plaque rappelant qu\u2019ici une jeune fille est morte en 1948. Elle avait 23 ans\u00a0; je lui fais secr\u00e8tement la supplique de prot\u00e9ger toutes ces vies qui p\u00e9dalent sur la berge.<\/p>\n<p>L\u2019arriv\u00e9e sur Redon est singuli\u00e8re. Le clocher de la basilique surgit au loin au-dessus des arbres. On se demande quand on va l\u2019atteindre\u00a0car la campagne n\u2019en finit pas comme si les baliveaux avalaient la ville. Et puis tout \u00e0 tout, je tombe dans les rues de Redon, son asphalte et son agitation. Cela ne pr\u00e9vient pas. J\u2019aurais d\u00fb prendre le temps de la transition en m\u2019octroyant une derni\u00e8re pause pr\u00e8s du ruban d\u2019eau qui m\u2019accompagne depuis des heures. Je p\u00e9dale vers la gare pour prendre le billet de train qui nous ram\u00e8nera \u00e0 Rennes ma monture et moi.<\/p>\n<p><strong>Mon v\u00e9lo, ma libert\u00e9\u00a0!<\/strong><\/p>\n<p>Assis dans le TER, je me rem\u00e9more une histoire. Au moment o\u00f9 des lyc\u00e9ens manifestent contre la r\u00e9forme des retraites, une association savoyarde accueille plusieurs enfants des steppes mongoles dans le cadre d\u2019un \u00e9change linguistique. Un journaliste demande \u00e0 l\u2019un d\u2019eux, le jour du retour en Mongolie\u00a0: \u00ab\u00a0Qu\u2019est ce qui t\u2019a manqu\u00e9 le plus pendant ton s\u00e9jour en France\u00a0?\u00a0\u00bb R\u00e9ponse de l\u2019enfant\u00a0: \u00ab\u00a0Mon cheval et ma libert\u00e9\u00a0\u00bb. Pendant ce temps, d\u2019autres jeunes d\u00e9filent dans les rues pour leur s\u00e9curit\u00e9. (2)<\/p>\n<p>Ma vir\u00e9e \u00e0 v\u00e9lo m\u2019a fait quitter un temps mon \u00ab\u00a0chemin correct et sans danger\u00a0\u00bb. Je d\u00e9cide d&rsquo;adopter ce cri du c\u0153ur du jeune cavalier des steppes\u00a0: \u00ab\u00a0Mon v\u00e9lo, ma libert\u00e9\u00a0!\u00a0\u00bb<\/p>\n<p>Lo\u00efc TERTRAIS<\/p>\n<p>(1) Marie No\u00eblle, Les chansons et les heures<br \/>\n(2) Racont\u00e9e par Sylvain TESSON, G\u00e9ographie de l\u2019instant<\/p>\n","protected":false},"excerpt":{"rendered":"<p>Petit d\u00e9jeuner aval\u00e9, c\u2019est plus fort que moi. Il faut que je d\u00e9carre. J\u2019enfourche mon v\u00e9lo et file vers le chemin de halage qui borde la Vilaine de Rennes \u00e0 <a class=\"more-link\" href=\"https:\/\/carfree.fr\/index.php\/2017\/09\/27\/mon-velo-ma-liberte\/\">Lire la suite&#8230;<\/a><\/p>\n","protected":false},"author":1666,"featured_media":38951,"comment_status":"open","ping_status":"closed","sticky":false,"template":"","format":"standard","meta":[],"categories":[4,7],"tags":[1709,967,835,1748,334,1000,1664],"views":9756,"_links":{"self":[{"href":"https:\/\/carfree.fr\/index.php\/wp-json\/wp\/v2\/posts\/38950"}],"collection":[{"href":"https:\/\/carfree.fr\/index.php\/wp-json\/wp\/v2\/posts"}],"about":[{"href":"https:\/\/carfree.fr\/index.php\/wp-json\/wp\/v2\/types\/post"}],"author":[{"embeddable":true,"href":"https:\/\/carfree.fr\/index.php\/wp-json\/wp\/v2\/users\/1666"}],"replies":[{"embeddable":true,"href":"https:\/\/carfree.fr\/index.php\/wp-json\/wp\/v2\/comments?post=38950"}],"version-history":[{"count":0,"href":"https:\/\/carfree.fr\/index.php\/wp-json\/wp\/v2\/posts\/38950\/revisions"}],"wp:featuredmedia":[{"embeddable":true,"href":"https:\/\/carfree.fr\/index.php\/wp-json\/wp\/v2\/media\/38951"}],"wp:attachment":[{"href":"https:\/\/carfree.fr\/index.php\/wp-json\/wp\/v2\/media?parent=38950"}],"wp:term":[{"taxonomy":"category","embeddable":true,"href":"https:\/\/carfree.fr\/index.php\/wp-json\/wp\/v2\/categories?post=38950"},{"taxonomy":"post_tag","embeddable":true,"href":"https:\/\/carfree.fr\/index.php\/wp-json\/wp\/v2\/tags?post=38950"}],"curies":[{"name":"wp","href":"https:\/\/api.w.org\/{rel}","templated":true}]}}