{"id":39005,"date":"2017-10-18T08:49:51","date_gmt":"2017-10-18T07:49:51","guid":{"rendered":"http:\/\/carfree.fr\/?p=39005"},"modified":"2017-10-18T08:49:51","modified_gmt":"2017-10-18T07:49:51","slug":"un-premier-ministre-a-velo","status":"publish","type":"post","link":"https:\/\/carfree.fr\/index.php\/2017\/10\/18\/un-premier-ministre-a-velo\/","title":{"rendered":"Un Premier Ministre \u00e0 v\u00e9lo"},"content":{"rendered":"<p>C&rsquo;est une image qui a fait r\u00e9cemment le buzz sur Internet. On y voit le premier ministre hollandais Mark Rutte garer son v\u00e9lo devant le palais royal avant une entrevue avec le roi des Pays-Bas. <!--more--><\/p>\n<p>Mark Rutte, premier ministre depuis 2010, est un habitu\u00e9 du v\u00e9lo. Il effectue la plupart de ses trajets courts \u00e0 v\u00e9lo.<\/p>\n<p>Apparemment, sur la photo, il est en train de verrouiller son v\u00e9lo. Beaucoup d&rsquo;internautes se sont interrog\u00e9s sur la n\u00e9cessit\u00e9 de verrouiller son v\u00e9lo devant le palais royal, le risque de vol \u00e9tant probablement assez faible. <\/p>\n<p>Volont\u00e9 de montrer le bon exemple ou plut\u00f4t geste quotidien fait machinalement?<\/p>\n<p>Le premier ministre avait rendez-vous avec Willem-Alexander, roi des Pays-Bas, dont voici ci-dessous la photo de famille&#8230;<\/p>\n<p><img decoding=\"async\" loading=\"lazy\" src=\"http:\/\/carfree.fr\/img\/2017\/10\/willem-alexander-2-z.jpg\" alt=\"\" width=\"545\" height=\"409\" class=\"alignnone size-full wp-image-39006\" srcset=\"https:\/\/carfree.fr\/img\/2017\/10\/willem-alexander-2-z.jpg 545w, https:\/\/carfree.fr\/img\/2017\/10\/willem-alexander-2-z-150x113.jpg 150w\" sizes=\"(max-width: 545px) 100vw, 545px\" \/><\/p>\n","protected":false},"excerpt":{"rendered":"<p>C&rsquo;est une image qui a fait r\u00e9cemment le buzz sur Internet. On y voit le premier ministre hollandais Mark Rutte garer son v\u00e9lo devant le palais royal avant une entrevue <a class=\"more-link\" href=\"https:\/\/carfree.fr\/index.php\/2017\/10\/18\/un-premier-ministre-a-velo\/\">Lire la suite&#8230;<\/a><\/p>\n","protected":false},"author":37,"featured_media":39007,"comment_status":"open","ping_status":"closed","sticky":false,"template":"","format":"standard","meta":[],"categories":[7],"tags":[88,287,1664],"views":15174,"_links":{"self":[{"href":"https:\/\/carfree.fr\/index.php\/wp-json\/wp\/v2\/posts\/39005"}],"collection":[{"href":"https:\/\/carfree.fr\/index.php\/wp-json\/wp\/v2\/posts"}],"about":[{"href":"https:\/\/carfree.fr\/index.php\/wp-json\/wp\/v2\/types\/post"}],"author":[{"embeddable":true,"href":"https:\/\/carfree.fr\/index.php\/wp-json\/wp\/v2\/users\/37"}],"replies":[{"embeddable":true,"href":"https:\/\/carfree.fr\/index.php\/wp-json\/wp\/v2\/comments?post=39005"}],"version-history":[{"count":0,"href":"https:\/\/carfree.fr\/index.php\/wp-json\/wp\/v2\/posts\/39005\/revisions"}],"wp:featuredmedia":[{"embeddable":true,"href":"https:\/\/carfree.fr\/index.php\/wp-json\/wp\/v2\/media\/39007"}],"wp:attachment":[{"href":"https:\/\/carfree.fr\/index.php\/wp-json\/wp\/v2\/media?parent=39005"}],"wp:term":[{"taxonomy":"category","embeddable":true,"href":"https:\/\/carfree.fr\/index.php\/wp-json\/wp\/v2\/categories?post=39005"},{"taxonomy":"post_tag","embeddable":true,"href":"https:\/\/carfree.fr\/index.php\/wp-json\/wp\/v2\/tags?post=39005"}],"curies":[{"name":"wp","href":"https:\/\/api.w.org\/{rel}","templated":true}]}}