{"id":39021,"date":"2017-10-24T08:18:38","date_gmt":"2017-10-24T07:18:38","guid":{"rendered":"http:\/\/carfree.fr\/?p=39021"},"modified":"2021-11-03T15:43:47","modified_gmt":"2021-11-03T14:43:47","slug":"en-2017-on-continue-a-tuer-sans-aller-en-prison","status":"publish","type":"post","link":"https:\/\/carfree.fr\/index.php\/2017\/10\/24\/en-2017-on-continue-a-tuer-sans-aller-en-prison\/","title":{"rendered":"En 2017, on continue \u00e0 tuer sans aller en prison"},"content":{"rendered":"<p>Quelle est la soci\u00e9t\u00e9 qui permet de tuer des gens en toute impunit\u00e9, sans passer par la case prison? Notre soci\u00e9t\u00e9 automobile. <!--more--><\/p>\n<p>Aujourd&rsquo;hui, il est fr\u00e9quent d&rsquo;\u00e9coper de prison ferme pour des vols ou du trafic de drogue et de pouvoir, par contre, rentrer tranquillement chez soi du tribunal alors qu&rsquo;on a \u00e9t\u00e9 jug\u00e9 pour avoir tu\u00e9 des gens en voiture.<\/p>\n<p>Cela para\u00eet compl\u00e9tement aberrant, mais c&rsquo;est pourtant la r\u00e9alit\u00e9 du syst\u00e8me judiciaire fran\u00e7ais.<\/p>\n<p><a href=\"https:\/\/www.francebleu.fr\/infos\/faits-divers-justice\/dordogne-un-apres-la-mort-de-joel-deffreix-l-automobiliste-condamne-1508395493\" rel=\"noopener\" target=\"_blank\">Le 18 octobre 2017<\/a>, un automobiliste de 82 ans \u00e9tait jug\u00e9 au tribunal correctionnel de P\u00e9rigueux pour avoir tu\u00e9 un jeune cycliste de 15 ans en 2016, apr\u00e8s avoir doubl\u00e9 sur une ligne blanche. L&rsquo;octog\u00e9naire a \u00e9t\u00e9 reconnu coupable d&rsquo;homicide volontaire et la \u00ab\u00a0justice\u00a0\u00bb l&rsquo;a condamn\u00e9 \u00e0 deux ans de prison avec sursis. Oui, vous avez bien lu, avec sursis! Cette homme qui \u00e9tait en faute ne passera pas une nuit en prison alors qu&rsquo;il a tu\u00e9 un gamin de 15 ans.<\/p>\n<p>Le 17 octobre 2017, le tribunal de grande instance de Valenciennes rendait son d\u00e9lib\u00e9r\u00e9 dans l\u2019affaire de l\u2019accident mortel qui s\u2019est produit le 4 avril 2016 et avait co\u00fbt\u00e9 la vie d\u2019une octog\u00e9naire. Ce jour-l\u00e0, une femme de 24 ans, qui roulait avec son b\u00e9b\u00e9 de six mois \u00e0 l\u2019arri\u00e8re de son v\u00e9hicule, avait donn\u00e9 un coup de volant vers la gauche et avait percut\u00e9 le v\u00e9hicule qui la croisait. Le choc avait provoqu\u00e9 quinze jours d\u2019ITT pour le conducteur du v\u00e9hicule, et de tr\u00e8s graves fractures au bassin pour sa femme, qui avait 84 ans et qui a succomb\u00e9 de ses blessures dans les heures qui ont suivi. En pleurs lors de sa comparution, en ao\u00fbt dernier, la conductrice avait expliqu\u00e9 que, debout depuis douze heures, elle s\u2019\u00e9tait endormie au volant. Le tribunal avait plut\u00f4t insist\u00e9 sur les SMS qu\u2019elle avait \u00e9chang\u00e9s, sur la route, avec une amie. Elle a \u00e9t\u00e9 condamn\u00e9e \u00e0 dix-huit mois de prison assortis du sursis.<\/p>\n<p><a href=\"https:\/\/www.francebleu.fr\/infos\/faits-divers-justice\/18-mois-de-prison-avec-sursis-requis-pour-un-homicide-involontaire-au-volant-a-chatellerault-1507653161\" rel=\"noopener\" target=\"_blank\">Le 10 octobre 2017<\/a>, un homme de 19 ans \u00e9tait poursuivi pour homicide involontaire devant le tribunal correctionnel de Poitiers. En juin dernier, l&rsquo;automobiliste avait mortellement fauch\u00e9 une femme de 84 ans sur un passage pi\u00e9ton \u00e0 Ch\u00e2tellerault. Ce jour-l\u00e0, il roulait \u00e0 plus de 50 km\/h dans une zone limit\u00e9e \u00e0 30 quand il \u00e9crase cette dame d\u00e9j\u00e0 engag\u00e9e aux trois-quarts sur le passage pi\u00e9ton. L&rsquo;automobiliste roulait \u00ab\u00a0avec la musique \u00e0 fond\u00a0\u00bb. Il \u00e9cope de 18 mois de prison avec sursis.<\/p>\n<p><a href=\"https:\/\/actu.fr\/normandie\/souleuvre-en-bocage_14061\/la-retraitee-responsable-la-mort-jeune-motard-echappe-la-prison_12858431.html\" rel=\"noopener\" target=\"_blank\">Le 3 octobre 2017<\/a>, le tribunal correctionnel de Caen jugeait une femme de 71 ans qui a tu\u00e9 un motard de 22 ans en lui coupant la route le 15 juillet 2016. Il \u00e9tait un peu plus de 7h30 ce matin-l\u00e0. La septuag\u00e9naire s\u2019est engag\u00e9e sur la route d\u00e9partementale 577, dans le sens Vire-Caen. Le motard n\u2019a rien pu faire. Sa moto a percut\u00e9 la voiture de plein fouet. Un pompier volontaire, t\u00e9moin de l\u2019accident, a tent\u00e9 de le r\u00e9animer. En vain, il est mort sur le coup. Apr\u00e8s en avoir d\u00e9lib\u00e9r\u00e9, le tribunal suspend finalement le permis de la pr\u00e9venue pendant un an, dont six mois avec sursis. Elle devra \u00e9galement payer une amende de 300 euros pour le refus de priorit\u00e9.<\/p>\n<p><a href=\"https:\/\/www.francebleu.fr\/infos\/faits-divers-justice\/il-avait-provoque-un-accident-mortel-alors-qu-il-conduisait-en-envoyant-des-sms-1506017222\" rel=\"noopener\" target=\"_blank\">Le 21 septembre 2017<\/a>, un automobiliste de 47 ans est jug\u00e9 par le tribunal correctionnel d&rsquo;Orl\u00e9ans pour avoir provoqu\u00e9 un accident mortel en mars 2015 \u00e0 Olivet. Il conduisait tout en envoyant des SMS \u00e0 son \u00e9pouse. A ce moment l\u00e0, il perd le contr\u00f4le de sa voiture, franchit la ligne blanche et percute un poids lourd en face de lui. Le camion se met en portefeuille et la voiture derri\u00e8re ne peut \u00e9viter le choc. Le conducteur \u00e2g\u00e9 de 45 ans est tu\u00e9, ses 2 fils de 12 et 13 ans sont bless\u00e9s. L&rsquo;automobiliste responsable de l&rsquo;accident mortel est condamn\u00e9 \u00e0 trois ans de prison avec suris.<\/p>\n<p><a href=\"http:\/\/www.ladepeche.fr\/article\/2017\/08\/31\/2636439-homicide-involontaire-trois-mois-avec-sursis-pour-la-jeune-conductrice.html\" rel=\"noopener\" target=\"_blank\">Le 31 ao\u00fbt 2017<\/a>, une femme de 25 ans \u00e9tait jug\u00e9e pour l&rsquo;homicide involontaire d&rsquo;un homme de 67 ans qui se trouvait sur la route de Saint-Nauphary en novembre 205. L&rsquo;homme \u00e9tait \u00e0 c\u00f4t\u00e9 de son propre v\u00e9hicule accident\u00e9 et stationn\u00e9 sur le bas-c\u00f4t\u00e9 quand il a \u00e9t\u00e9 percut\u00e9 par l&rsquo;automobiliste. Celle-ci \u00e9cope de trois mois de prison avec sursis et six mois de suspension du permis de conduire.<\/p>\n<p>Le 21 juin 2017, un automobiliste qui a la particularit\u00e9 d&rsquo;\u00eatre borgne \u00e9tait jug\u00e9 pour avoir tu\u00e9 un cycliste de 52 ans le 29 avril 2017 \u00e0 Courgains. L&rsquo;accident s&rsquo;est produit sur la route d\u00e9partementale 300. L&rsquo;automobiliste est venu percuter, par l&rsquo;arri\u00e8re, un cycliste qui circulait dans le m\u00eame sens. Projet\u00e9 \u00e0 plusieurs m\u00e8tres du point de choc, le cycliste n&rsquo;a pas surv\u00e9cu \u00e0 ses blessures. Pour la mort de ce cycliste, l&rsquo;automobiliste a \u00e9t\u00e9 condamn\u00e9 \u00e0 18 mois de prison avec sursis.<\/p>\n<p><a href=\"http:\/\/www.ladepeche.fr\/article\/2017\/06\/02\/2585945-accident-mortel-capdenac-haut-18-mois-sursis-automobiliste.html\" rel=\"noopener\" target=\"_blank\">Le 2 juin 2017<\/a>, un automobiliste de 54 ans est jug\u00e9 par la Tribunal correctionnel de Cahors pour avoir tu\u00e9 une m\u00e8re de famille de 47 ans \u00e0 moto. Les faits remontent au 18 d\u00e9cembre 2016 sur la commune de Capdenac-le-Haut. La victime circulait \u00e0 moto sur la D840. Au niveau d&rsquo;un carrefour entre la d\u00e9partementale et l&rsquo;entr\u00e9e de la zone commerciale de Leclerc, au lieu-dit Le Couquet, l&rsquo;automobiliste a percut\u00e9 la motarde, ne tenant pas compte de l&rsquo;interdiction de tourner \u00e0 gauche \u00e0 cet endroit. L&rsquo;accident a co\u00fbt\u00e9 la vie \u00e0 cette m\u00e8re de famille. Reconnu coupable de violation d\u00e9lib\u00e9r\u00e9e d&rsquo;une obligation de s\u00e9curit\u00e9 ou de prudence, de refus de priorit\u00e9 \u00e0 une intersection o\u00f9 l&rsquo;obligation de c\u00e9der le passage est signal\u00e9e, de circulation avec un v\u00e9hicule sans assurance et sans contr\u00f4le technique, l&rsquo;automobiliste est condamn\u00e9 \u00e0 18 mois de prison avec sursis, peine assortie d&rsquo;une annulation de permis de 9 mois.<\/p>\n<p><a href=\"http:\/\/www.lyonne.fr\/auxerre\/justice\/2017\/05\/04\/enfant-mortellement-renverse-a-auxerre-dix-huit-mois-avec-sursis_12389863.html\" rel=\"noopener\" target=\"_blank\">Le 4 mai 2017<\/a>, une femme de 29 ans \u00e9tait jug\u00e9e par le tribunal correctionnel d&rsquo;Auxerre pour avoir renvers\u00e9 et tu\u00e9 un enfant de 8 ans \u00e0 Auxerre. Le 5 juin 2016, cette femme avait fauch\u00e9 un enfant de 8 ans, qui traversait sur un passage pi\u00e9ton de la voie romaine, \u00e0 Auxerre. Le jeune gar\u00e7on n&rsquo;avait pas surv\u00e9cu \u00e0 ses blessures. La femme a \u00e9t\u00e9 condamn\u00e9e \u00e0 dix-huit mois de prison avec sursis. Elle a \u00e9galement l&rsquo;interdiction de conduire pendant un an. Son permis lui a \u00e9t\u00e9 retir\u00e9.<\/p>\n<p>Le 26 avril 2017, un chauffeur livreur de 27 ans \u00e9tait jug\u00e9 pour avoir percut\u00e9 violemment, \u00e0 90 km\/h et sans s&rsquo;\u00eatre arr\u00eat\u00e9 \u00e0 un stop, une Kangoo dont le conducteur d\u00e9c\u00e9dera sur place, des suites de ses blessures. Deux autres personnes \u00e9taient dans la Kangoo au moment de l\u2019accident : le petit fr\u00e8re et la compagne du conducteur d\u00e9c\u00e9d\u00e9. Celle-ci s\u2019est retrouv\u00e9e plusieurs jours dans le coma et a d\u00fb faire face \u00e0 l\u2019annonce du d\u00e9c\u00e8s de son conjoint \u00e0 son r\u00e9veil. Le chauffeur livreur, qui n&rsquo;avait pas sa ceinture lors de l&rsquo;accident, est condamn\u00e9 \u00e0 un an de prison avec sursis pour homicide involontaire par n\u00e9gligence et \u00e0 1 200 \u20ac d\u2019amende. Son permis a \u00e9t\u00e9 annul\u00e9 et interdiction lui est faite, pendant dix-huit mois, de le repasser.<\/p>\n<p><a href=\"http:\/\/www.caradisiac.com\/cycliste-tue-a-strasbourg-condamnation-pour-un-automobiliste-qui-etait-gare-sur-une-piste-cyclable-113417.htm\" rel=\"noopener\" target=\"_blank\">Le 22 mars 2017<\/a>, le tribunal de Strasbourg rendait son verdict dans une affaire o\u00f9 une jeune cycliste de 25 ans avait perdu la vie. Alors qu&rsquo;elle roulait en ao\u00fbt 2015 sur la piste cyclable am\u00e9nag\u00e9e au niveau de l&rsquo;avenue de Colmar, elle avait d\u00fb se d\u00e9porter pour contourner une camionnette gar\u00e9e sur la voie r\u00e9serv\u00e9e aux v\u00e9los. Ayant perdu l&rsquo;\u00e9quilibre, elle a \u00e0 ce moment-l\u00e0 \u00e9t\u00e9 happ\u00e9e par un poids lourd. Le propri\u00e9taire de l&rsquo;utilitaire et le conducteur du camion ont \u00e9t\u00e9 jug\u00e9s fin janvier par le tribunal de Strasbourg: les deux hommes ont \u00e9t\u00e9 condamn\u00e9s \u00e0 six mois de prison avec sursis pour homicide involontaire. L&rsquo;homme gar\u00e9 sur la piste avait expliqu\u00e9 s&rsquo;\u00eatre mis \u00e0 cet endroit pour d\u00e9charger du mat\u00e9riel d&rsquo;un chantier \u00e0 proximit\u00e9.<\/p>\n<p><a href=\"http:\/\/www.lyonne.fr\/nevers\/justice\/2016\/10\/14\/un-automobiliste-condamne-a-de-la-prison-avec-sursis-pour-avoir-tue-un-pieton-a-decize_12112233.html\" rel=\"noopener\" target=\"_blank\">En octobre 2016<\/a>, un autre octog\u00e9naire de 86 ans celui-l\u00e0, \u00e9tait jug\u00e9 pour avoir tu\u00e9 une pi\u00e9tonne, une femme de 53 ans, m\u00e8re de trois enfants. Au tribunal, il appara\u00eet comme \u00ab\u00a0sourd comme un pot\u00a0\u00bb, il faut lui r\u00e9p\u00e9ter plusieurs fois les questions. Et pourtant, cet homme conduit et a renvers\u00e9 une femme. Il \u00e9cope d&rsquo;un an de prison avec sursis en plus de son retrait de permis. Non seulement, il ne passera pas une nuit en prison, mais il roule d\u00e9sormais en voiturette sans permis!<\/p>\n<p>On pourrait continuer comme cela pendant longtemps. Les affaires se suivent et se ressemblent avec un point commun: l&rsquo;automobiliste qui est jug\u00e9 pour avoir tu\u00e9 quelqu&rsquo;un en voiture ne passe pas une seule nuit en prison.<\/p>\n<p>Dans le m\u00eame temps, on emprisonne par milliers des voleurs ou des dealers. Voire m\u00eame, on envoie en prison un internaute pour avoir menac\u00e9 de mort Hollande et Valls sur Twitter. Cette homme a \u00e9t\u00e9 condamn\u00e9 en ao\u00fbt 2016 \u00e0 <a href=\"http:\/\/www.europe1.fr\/societe\/cinq-mois-de-prison-ferme-pour-avoir-menace-hollande-et-valls-sur-twitter-2820061\" rel=\"noopener\" target=\"_blank\">cinq mois de prison ferme<\/a> pour menaces de mort et \u00e0 un mois suppl\u00e9mentaire pour refus de se soumettre \u00e0 un test d&rsquo;ADN.<\/p>\n<p>Menacer de mort Hollande et Valls sur Twitter peut donc vous envoyer en prison. Tuer des gens en voiture, c&rsquo;est moins grave.<\/p>\n<p>En 2017, c&rsquo;est d\u00e9sormais inacceptable. Dans les quelques exemples pr\u00e9sent\u00e9s plus haut, parmi des centaines d&rsquo;autres, il y a des hommes, des femmes, des enfants parfois dont la vie est tout simplement enlev\u00e9e par un automobiliste. Il y a des pi\u00e9tons qui traversaient sur un passage pi\u00e9ton, des cyclistes ou des motards qui ne demandaient rien \u00e0 personne, et m\u00eame d&rsquo;autres automobilistes victimes eux aussi. Il y a des p\u00e8res ou des m\u00e8res de famille qui disparaissent d&rsquo;un seul coup, en laissant derri\u00e8re eux des enfants qui vont grandir sans leur parent. Il y a des familles d\u00e9vast\u00e9es. Il y a la mort.<\/p>\n<p>Et il n&rsquo;y a pas vraiment de coupables puisque les responsables de ces morts ne vont m\u00eame pas en prison.<\/p>\n<p>Tout ceci doit prendre fin. La loi n&rsquo;est plus adapt\u00e9e. Il faut que la mort de quelqu&rsquo;un se paye d&rsquo;une certaine mani\u00e8re, et pas avec un sursis th\u00e9orique ou un retrait provisoire du permis de conduire.<\/p>\n<p>Le prochain mort sur la route, c&rsquo;est peut-\u00eatre vous ou moi. Renvers\u00e9 \u00e0 v\u00e9lo ou fauch\u00e9 sur un passage pi\u00e9ton, il faudrait accepter que l&rsquo;automobiliste responsable reparte dormir chez lui le soir du jugement?<\/p>\n<p>Cette soci\u00e9t\u00e9 est incompr\u00e9hensible. Il y a une multitude de causes, plus ou moins bonnes, d\u00e9fendues avec passion par une multitude de personnes, associations, organisations diverses et vari\u00e9es. Qui se bat concr\u00e8tement pour qu&rsquo;\u00e0 chaque mort sur la route, le coupable aille obligatoirement en prison?<\/p>\n<p>C&rsquo;est pourtant la moindre des choses. Le coupable doit aller en prison ne serait-ce que pour m\u00e9diter la gravit\u00e9 de ses actes et son immense responsabilit\u00e9 dans la mort de quelqu&rsquo;un. Si l&rsquo;on peut entendre que la dur\u00e9e de l&#8217;emprisonnement soit modul\u00e9e en fonction de nombreux param\u00e8tres, y compris la notion de circonstance att\u00e9nuante, la r\u00e8gle doit \u00eatre la prison obligatoire d\u00e8s lors que l&rsquo;on est responsable de la mort de quelqu&rsquo;un.<\/p>\n<p>Certains diront sans doute que la notion d&rsquo;homicide involontaire ne permet pas d&rsquo;envoyer tout le monde en prison. Si c&rsquo;est \u00ab\u00a0involontaire\u00a0\u00bb, c&rsquo;est que l&rsquo;automobiliste \u00ab\u00a0ne voulait pas la mort\u00a0\u00bb de celui ou celle qu&rsquo;il a tu\u00e9. Et alors? Heureusement que c&rsquo;est involontaire! Car sinon, c&rsquo;est tout simplement un meurtre&#8230;<\/p>\n<p>Dans les quelques exemples pr\u00e9sent\u00e9s plus haut, on voit que cette notion d&rsquo;homicide involontaire est ambigu\u00eb. Dans le cas du livreur qui a provoqu\u00e9 la mort d&rsquo;une cycliste en se garant sur une bande cyclable, il n&rsquo;a bien s\u00fbr pas voulu tuer la cycliste. Mais, en se garant consciemment sur la bande cyclable, il savait qu&rsquo;il obligeait les cyclistes \u00e0 faire un \u00e9cart sur la route pour passer. Il suffisait ensuite qu&rsquo;un camion passe&#8230; Il est donc pleinement responsable de sa mort.<\/p>\n<p>D&rsquo;autres diront que le vrai probl\u00e8me, c&rsquo;est qu&rsquo;il n&rsquo;est sans doute techniquement pas possible d&rsquo;envoyer tous les automobilistes tueurs en prison. Cela ferait probablement trop de monde \u00e0 envoyer dans des prisons d\u00e9j\u00e0 surpeupl\u00e9es. Oui et non. S&rsquo;il est vrai que les prisons sont d\u00e9j\u00e0 largement pleines, la justice trouve toujours des places pour les voleurs ou pour ceux qui envoient des tweets mena\u00e7ants \u00e0 Hollande ou Valls&#8230;<\/p>\n<p>La question rel\u00e8ve plut\u00f4t du statut des automobilistes tueurs et il est particuli\u00e8rement inqui\u00e9tant: on peut voir en effet que le profil de ces automobilistes tueurs est en fait celui de Monsieur et Madame tout le monde! Des gens qui tr\u00e8s souvent travaillent et qui ont sans doute eux aussi une famille. Des gens qui n&rsquo;ont pas de casier. Mettre ces gens-l\u00e0 en prison, au-del\u00e0 du nombre, c&rsquo;est provoquer au bout du compte l&rsquo;effondrement d&rsquo;un certain mod\u00e8le de soci\u00e9t\u00e9, celui de la soci\u00e9t\u00e9 automobile dans laquelle nous vivons.<\/p>\n<p>Car, qu&rsquo;on le veuille ou non, dans la t\u00eate de chaque automobiliste qui prend le volant, il y a l&rsquo;id\u00e9e que s&rsquo;il tue accidentellement quelqu&rsquo;un, ce sera justement un \u00ab\u00a0accident\u00a0\u00bb, certes dommageable (y compris pour lui!), mais ce sera \u00ab\u00a0involontaire\u00a0\u00bb donc assez b\u00e9nin d&rsquo;un point de vue judiciaire. Comme on dit, la \u00ab\u00a0faute \u00e0 pas de chance\u00a0\u00bb&#8230; M\u00eame si, quand on regarde plus en d\u00e9tail les accidents mortels, il y a bien souvent \u00e0 un moment donn\u00e9 une \u00ab\u00a0faute\u00a0\u00bb de l&rsquo;automobiliste.<\/p>\n<p>Alors que si l&rsquo;automobiliste sait en prenant le volant qu&rsquo;il risque obligatoirement la prison s&rsquo;il tue quelqu&rsquo;un avec sa voiture, le syst\u00e8me automobile dans son ensemble s&rsquo;\u00e9croule. Un bon nombre de personnes n&rsquo;accepterait plus de prendre le volant. Ce serait moralement, psychologiquement et juridiquement trop difficile \u00e0 supporter.<\/p>\n<p>C&rsquo;est sans doute pour cela que notre soci\u00e9t\u00e9 accepte de fait que l&rsquo;on tue des gens en voiture sans aller en prison. Pour que le syst\u00e8me automobile puisse continuer \u00e0 rouler.<\/p>\n<p>Au moins, si l&rsquo;on meurt sur la route et que l\u2019automobiliste ne va pas en prison, on saura que c&rsquo;est pour maintenir au bout du compte le syst\u00e8me automobile&#8230;<\/p>\n","protected":false},"excerpt":{"rendered":"<p>Quelle est la soci\u00e9t\u00e9 qui permet de tuer des gens en toute impunit\u00e9, sans passer par la case prison? Notre soci\u00e9t\u00e9 automobile.<\/p>\n","protected":false},"author":18,"featured_media":33112,"comment_status":"open","ping_status":"closed","sticky":false,"template":"","format":"standard","meta":[],"categories":[73,1038],"tags":[1709,1716,996,578,1213,178,1764],"views":17188,"_links":{"self":[{"href":"https:\/\/carfree.fr\/index.php\/wp-json\/wp\/v2\/posts\/39021"}],"collection":[{"href":"https:\/\/carfree.fr\/index.php\/wp-json\/wp\/v2\/posts"}],"about":[{"href":"https:\/\/carfree.fr\/index.php\/wp-json\/wp\/v2\/types\/post"}],"author":[{"embeddable":true,"href":"https:\/\/carfree.fr\/index.php\/wp-json\/wp\/v2\/users\/18"}],"replies":[{"embeddable":true,"href":"https:\/\/carfree.fr\/index.php\/wp-json\/wp\/v2\/comments?post=39021"}],"version-history":[{"count":0,"href":"https:\/\/carfree.fr\/index.php\/wp-json\/wp\/v2\/posts\/39021\/revisions"}],"wp:featuredmedia":[{"embeddable":true,"href":"https:\/\/carfree.fr\/index.php\/wp-json\/wp\/v2\/media\/33112"}],"wp:attachment":[{"href":"https:\/\/carfree.fr\/index.php\/wp-json\/wp\/v2\/media?parent=39021"}],"wp:term":[{"taxonomy":"category","embeddable":true,"href":"https:\/\/carfree.fr\/index.php\/wp-json\/wp\/v2\/categories?post=39021"},{"taxonomy":"post_tag","embeddable":true,"href":"https:\/\/carfree.fr\/index.php\/wp-json\/wp\/v2\/tags?post=39021"}],"curies":[{"name":"wp","href":"https:\/\/api.w.org\/{rel}","templated":true}]}}