{"id":39022,"date":"2017-11-08T09:38:30","date_gmt":"2017-11-08T08:38:30","guid":{"rendered":"http:\/\/carfree.fr\/?p=39022"},"modified":"2017-11-23T11:32:37","modified_gmt":"2017-11-23T10:32:37","slug":"bebe-a-bord-meme-sur-un-velo","status":"publish","type":"post","link":"https:\/\/carfree.fr\/index.php\/2017\/11\/08\/bebe-a-bord-meme-sur-un-velo\/","title":{"rendered":"\u00ab\u00a0B\u00e9b\u00e9 \u00e0 bord\u00a0\u00bb, m\u00eame sur un v\u00e9lo !"},"content":{"rendered":"<p>Quand je me suis retrouv\u00e9e enceinte, je n&rsquo;ai pas voulu abandonner le v\u00e9lo (j&rsquo;ai p\u00e9dal\u00e9 jusqu&rsquo;\u00e0 8 mois de grossesse et je suis all\u00e9e accoucher \u00e0 pied, <a href=\"http:\/\/carfree.fr\/index.php\/2013\/10\/14\/aller-a-lhopital-a-velo-pour-accoucher\/\" rel=\"noopener\" target=\"_blank\">\u00e0 d\u00e9faut d&rsquo;y \u00eatre all\u00e9e \u00e0 v\u00e9lo<\/a>). <!--more--><\/p>\n<p>Mais j&rsquo;ai voulu sensibiliser les automobilistes \u00e0 ma situation&#8230;<\/p>\n<p>Ne trouvant pas, m\u00eame sur carfree, un gilet avec un message percutant, j&rsquo;ai command\u00e9 \u00e0 une amie de me faire un symbole adapt\u00e9. J&rsquo;ai griffonn\u00e9 mon id\u00e9e, et elle s&rsquo;est charg\u00e9e de le mettre en forme.<\/p>\n<p>Voici maintenant \u00e0 quoi ressemble MON gilet jaune :<br \/>\n<img decoding=\"async\" loading=\"lazy\" src=\"http:\/\/carfree.fr\/img\/2017\/11\/bebe-a-bord-velo.jpg\" alt=\"\" width=\"350\" height=\"583\" class=\"alignnone size-full wp-image-39044\" srcset=\"https:\/\/carfree.fr\/img\/2017\/11\/bebe-a-bord-velo.jpg 350w, https:\/\/carfree.fr\/img\/2017\/11\/bebe-a-bord-velo-150x250.jpg 150w\" sizes=\"(max-width: 350px) 100vw, 350px\" \/><\/p>\n<p>Je l&rsquo;ai fait sciemment, avec beaucoup de r\u00e9flexion derri\u00e8re&#8230; et j&rsquo;avoue, le message qui se cache derri\u00e8re est: \u00ab\u00a0<em>merci les automobilistes qui ne faites pas toujours bien attention aux cyclistes de faire un effort tout particulier !<\/em>\u00a0\u00bb<\/p>\n<p>Bon, c&rsquo;est pas tr\u00e8s r\u00e9aliste, parce que mon b\u00e9b\u00e9 n&rsquo;est pas derri\u00e8re moi, mais devant moi, dans mon v\u00e9lo cargo&#8230;<\/p>\n<p>Mais j&rsquo;ai quand m\u00eame l&rsquo;impression que \u00e7a marche !<\/p>\n<p><img decoding=\"async\" loading=\"lazy\" src=\"http:\/\/carfree.fr\/img\/2017\/11\/velo-cargo.jpg\" alt=\"\" width=\"600\" height=\"360\" class=\"alignnone size-full wp-image-39045\" srcset=\"https:\/\/carfree.fr\/img\/2017\/11\/velo-cargo.jpg 600w, https:\/\/carfree.fr\/img\/2017\/11\/velo-cargo-150x90.jpg 150w\" sizes=\"(max-width: 600px) 100vw, 600px\" \/><\/p>\n","protected":false},"excerpt":{"rendered":"<p>Quand je me suis retrouv\u00e9e enceinte, je n&rsquo;ai pas voulu abandonner le v\u00e9lo (j&rsquo;ai p\u00e9dal\u00e9 jusqu&rsquo;\u00e0 8 mois de grossesse et je suis all\u00e9e accoucher \u00e0 pied, \u00e0 d\u00e9faut d&rsquo;y <a class=\"more-link\" href=\"https:\/\/carfree.fr\/index.php\/2017\/11\/08\/bebe-a-bord-meme-sur-un-velo\/\">Lire la suite&#8230;<\/a><\/p>\n","protected":false},"author":1637,"featured_media":39043,"comment_status":"open","ping_status":"closed","sticky":false,"template":"","format":"standard","meta":[],"categories":[1038,7],"tags":[1709,646,588,1281,1664],"views":10293,"_links":{"self":[{"href":"https:\/\/carfree.fr\/index.php\/wp-json\/wp\/v2\/posts\/39022"}],"collection":[{"href":"https:\/\/carfree.fr\/index.php\/wp-json\/wp\/v2\/posts"}],"about":[{"href":"https:\/\/carfree.fr\/index.php\/wp-json\/wp\/v2\/types\/post"}],"author":[{"embeddable":true,"href":"https:\/\/carfree.fr\/index.php\/wp-json\/wp\/v2\/users\/1637"}],"replies":[{"embeddable":true,"href":"https:\/\/carfree.fr\/index.php\/wp-json\/wp\/v2\/comments?post=39022"}],"version-history":[{"count":0,"href":"https:\/\/carfree.fr\/index.php\/wp-json\/wp\/v2\/posts\/39022\/revisions"}],"wp:featuredmedia":[{"embeddable":true,"href":"https:\/\/carfree.fr\/index.php\/wp-json\/wp\/v2\/media\/39043"}],"wp:attachment":[{"href":"https:\/\/carfree.fr\/index.php\/wp-json\/wp\/v2\/media?parent=39022"}],"wp:term":[{"taxonomy":"category","embeddable":true,"href":"https:\/\/carfree.fr\/index.php\/wp-json\/wp\/v2\/categories?post=39022"},{"taxonomy":"post_tag","embeddable":true,"href":"https:\/\/carfree.fr\/index.php\/wp-json\/wp\/v2\/tags?post=39022"}],"curies":[{"name":"wp","href":"https:\/\/api.w.org\/{rel}","templated":true}]}}