{"id":39066,"date":"2017-11-10T07:55:27","date_gmt":"2017-11-10T06:55:27","guid":{"rendered":"http:\/\/carfree.fr\/?p=39066"},"modified":"2017-11-10T07:55:27","modified_gmt":"2017-11-10T06:55:27","slug":"bienvenue-dans-le-monde-reel","status":"publish","type":"post","link":"https:\/\/carfree.fr\/index.php\/2017\/11\/10\/bienvenue-dans-le-monde-reel\/","title":{"rendered":"Bienvenue dans le monde r\u00e9el!"},"content":{"rendered":"<p>C&rsquo;est l&rsquo;hallali! Toutes les ONG sont en train de tomber sur Nicolas Hulot dont on ne compte plus les renoncements. Ce qui est particuli\u00e8rement cruel, c&rsquo;est que m\u00eame la Fondation Nicolas Hulot (FNH) s&rsquo;y met! <!--more--><\/p>\n<p>La goutte d&rsquo;eau qui a fait d\u00e9border la centrale, c&rsquo;est l&rsquo;annonce de Hulot que la r\u00e9duction de la part du nucl\u00e9aire dans l\u2019\u00e9nergie fran\u00e7aise serait repouss\u00e9e \u00e0 une date ult\u00e9rieure, un jour quoi! Mais sur quasiment tous les sujets, Nicolas Hulot semble avaler non seulement des couleuvres, mais aussi des boas constrictor.<\/p>\n<p>Vous comprenez, sur tous les sujets qui f\u00e2chent (alimentation, pesticides, nucl\u00e9aire, pollution, automobile, etc.), le poids des lobbies serait trop fort. Bienvenue dans le monde r\u00e9el!<\/p>\n<p>Cette trajectoire de Hulot qui risque bien de se terminer dans le d\u00e9cor illustre les limites d&rsquo;une certaine forme de na\u00efvet\u00e9 politique. Ce m\u00eame Hulot qui avait refus\u00e9 d&rsquo;entrer dans des gouvernements de droite comme de gauche sous le pr\u00e9texte qu&rsquo;il ne voulait pas \u00ab\u00a0faire de la politique\u00a0\u00bb est venu s&#8217;embourber dans ce gouvernement hyper-politique \u00ab\u00a0ni droite-ni gauche\u00a0\u00bb, juste ultra-lib\u00e9ral.<\/p>\n<p>Drap\u00e9 dans sa dignit\u00e9 d&rsquo;homme providentiel de l&rsquo;\u00e9cologie, \u00ab\u00a0ministre le plus aim\u00e9 des Fran\u00e7ais\u00a0\u00bb, il allait changer la soci\u00e9t\u00e9 avec sa seule force de persuasion. Il allait convaincre les industriels et les lobbies d&rsquo;arr\u00eater de d\u00e9truire l&rsquo;environnement. Mais attention, \u00ab\u00a0sans faire de politique\u00a0\u00bb, car la politique \u00ab\u00a0c&rsquo;est trop has been\u00a0\u00bb. Les industriels et les lobbies, on leur fait des grands sourires, une poign\u00e9e de main devant les cam\u00e9ras et ils deviennent illico des d\u00e9fenseurs des petits oiseaux!<\/p>\n<p>C&rsquo;est bizarre, mais le plan est en train de d\u00e9railler et \u00e0 ce train-l\u00e0 il ne va bient\u00f4t plus rester qu&rsquo;un Hulot-alibi pour gouvernement ultra-lib\u00e9ral d\u00e9fenseur des industriels et des lobbies.<\/p>\n<p>La v\u00e9ritable raison de cet \u00e9chec, c&rsquo;est que Nicolas Hulot a oubli\u00e9 en route que dans \u00ab\u00a0Ecologie politique\u00a0\u00bb, il y avait \u00ab\u00a0politique\u00a0\u00bb. Au gouvernement, il ne p\u00e8se politiquement rien car ceux qui pourraient r\u00e9ellement porter \u00ab\u00a0l&rsquo;\u00e9cologie politique\u00a0\u00bb ne sont justement pas au gouvernement. Il ne reste donc plus qu&rsquo;un homme seul, enferm\u00e9 dans sa bulle m\u00e9diatique, elle-m\u00eame pr\u00eate \u00e0 exploser.<\/p>\n","protected":false},"excerpt":{"rendered":"<p>C&rsquo;est l&rsquo;hallali! Toutes les ONG sont en train de tomber sur Nicolas Hulot dont on ne compte plus les renoncements. Ce qui est particuli\u00e8rement cruel, c&rsquo;est que m\u00eame la Fondation <a class=\"more-link\" href=\"https:\/\/carfree.fr\/index.php\/2017\/11\/10\/bienvenue-dans-le-monde-reel\/\">Lire la suite&#8230;<\/a><\/p>\n","protected":false},"author":18,"featured_media":39067,"comment_status":"open","ping_status":"closed","sticky":false,"template":"","format":"standard","meta":[],"categories":[52],"tags":[11,84,81,1344,177,691,287],"views":6281,"_links":{"self":[{"href":"https:\/\/carfree.fr\/index.php\/wp-json\/wp\/v2\/posts\/39066"}],"collection":[{"href":"https:\/\/carfree.fr\/index.php\/wp-json\/wp\/v2\/posts"}],"about":[{"href":"https:\/\/carfree.fr\/index.php\/wp-json\/wp\/v2\/types\/post"}],"author":[{"embeddable":true,"href":"https:\/\/carfree.fr\/index.php\/wp-json\/wp\/v2\/users\/18"}],"replies":[{"embeddable":true,"href":"https:\/\/carfree.fr\/index.php\/wp-json\/wp\/v2\/comments?post=39066"}],"version-history":[{"count":0,"href":"https:\/\/carfree.fr\/index.php\/wp-json\/wp\/v2\/posts\/39066\/revisions"}],"wp:featuredmedia":[{"embeddable":true,"href":"https:\/\/carfree.fr\/index.php\/wp-json\/wp\/v2\/media\/39067"}],"wp:attachment":[{"href":"https:\/\/carfree.fr\/index.php\/wp-json\/wp\/v2\/media?parent=39066"}],"wp:term":[{"taxonomy":"category","embeddable":true,"href":"https:\/\/carfree.fr\/index.php\/wp-json\/wp\/v2\/categories?post=39066"},{"taxonomy":"post_tag","embeddable":true,"href":"https:\/\/carfree.fr\/index.php\/wp-json\/wp\/v2\/tags?post=39066"}],"curies":[{"name":"wp","href":"https:\/\/api.w.org\/{rel}","templated":true}]}}