{"id":39143,"date":"2017-12-15T10:15:09","date_gmt":"2017-12-15T09:15:09","guid":{"rendered":"http:\/\/carfree.fr\/?p=39143"},"modified":"2020-08-18T10:42:49","modified_gmt":"2020-08-18T09:42:49","slug":"le-scooter-honnete","status":"publish","type":"post","link":"https:\/\/carfree.fr\/index.php\/2017\/12\/15\/le-scooter-honnete\/","title":{"rendered":"Le scooter \u00ab\u00a0honn\u00eate\u00a0\u00bb"},"content":{"rendered":"<p>Initiative int\u00e9ressante aux Pays-Bas o\u00f9 des membres du Parlement n\u00e9erlandais ont pu tester le scooter \u00ab\u00a0honn\u00eate\u00a0\u00bb qui envoie la fum\u00e9e dans le visage du conducteur&#8230; <!--more--><\/p>\n<p>Cela n&rsquo;est pas sans rappeler le <a href=\"http:\/\/carfree.fr\/index.php\/2008\/05\/07\/un-filtre-a-particules-pour-les-4x4\/\">filtre \u00e0 particules pour 4X4<\/a> dont nous avions parl\u00e9 en 2008.<\/p>\n<p>Les associations environnementales des Pays-Bas se mobilisent contre les nuisances provoqu\u00e9es par les scooters. Selon ces associations, un quart de toute la pollution atmosph\u00e9rique respir\u00e9e par les cyclistes sur les pistes cyclables est caus\u00e9 par les scooters. Par ailleurs, toujours selon ces associations, les scooters \u00e9mettent beaucoup plus de substances nocives qu&rsquo;une voiture et le nombre de cyclomoteurs et de scooters aux Pays-Bas a augment\u00e9 \u00e9norm\u00e9ment au cours des dix derni\u00e8res ann\u00e9es, passant de 690 476 en 2007 \u00e0 1 125 846 en 2016. Les scooters sont donc une source d&rsquo;irritation quotidienne, non seulement \u00e0 cause des gaz d&rsquo;\u00e9chappement malsains, mais aussi parce qu&rsquo;ils occupent beaucoup d&rsquo;espace, en particulier sur les pistes cyclables, et pr\u00e9sentent souvent un comportement de conduite dangereux.<\/p>\n<p>Suite \u00e0 cette exp\u00e9rience, les parlementaires ont d\u00e9cid\u00e9 d&rsquo;autoriser la ville d&rsquo;Amsterdam \u00e0 interdire la circulation des scooters sur les pistes cyclables, ce qui n&rsquo;\u00e9tait apparemment pas le cas.<\/p>\n<p>En France, la circulation des motos, scooters et autres mobylettes est d\u00e9j\u00e0 interdite sur les pistes et bandes cyclables. C&rsquo;est sans doute pour cela qu&rsquo;on en rencontre autant!<\/p>\n<p><img decoding=\"async\" loading=\"lazy\" class=\"alignnone size-full wp-image-39145\" src=\"http:\/\/carfree.fr\/img\/2017\/12\/dans-ta-face.jpg\" alt=\"\" width=\"600\" height=\"600\" srcset=\"https:\/\/carfree.fr\/img\/2017\/12\/dans-ta-face.jpg 600w, https:\/\/carfree.fr\/img\/2017\/12\/dans-ta-face-50x50.jpg 50w, https:\/\/carfree.fr\/img\/2017\/12\/dans-ta-face-150x150.jpg 150w\" sizes=\"(max-width: 600px) 100vw, 600px\" \/><\/p>\n","protected":false},"excerpt":{"rendered":"<p>Initiative int\u00e9ressante aux Pays-Bas o\u00f9 des membres du Parlement n\u00e9erlandais ont pu tester le scooter \u00ab\u00a0honn\u00eate\u00a0\u00bb qui envoie la fum\u00e9e dans le visage du conducteur&#8230;<\/p>\n","protected":false},"author":3,"featured_media":39144,"comment_status":"open","ping_status":"closed","sticky":false,"template":"","format":"standard","meta":[],"categories":[4,7],"tags":[663,521,309,88,743,33,1749,1664],"views":8075,"_links":{"self":[{"href":"https:\/\/carfree.fr\/index.php\/wp-json\/wp\/v2\/posts\/39143"}],"collection":[{"href":"https:\/\/carfree.fr\/index.php\/wp-json\/wp\/v2\/posts"}],"about":[{"href":"https:\/\/carfree.fr\/index.php\/wp-json\/wp\/v2\/types\/post"}],"author":[{"embeddable":true,"href":"https:\/\/carfree.fr\/index.php\/wp-json\/wp\/v2\/users\/3"}],"replies":[{"embeddable":true,"href":"https:\/\/carfree.fr\/index.php\/wp-json\/wp\/v2\/comments?post=39143"}],"version-history":[{"count":0,"href":"https:\/\/carfree.fr\/index.php\/wp-json\/wp\/v2\/posts\/39143\/revisions"}],"wp:featuredmedia":[{"embeddable":true,"href":"https:\/\/carfree.fr\/index.php\/wp-json\/wp\/v2\/media\/39144"}],"wp:attachment":[{"href":"https:\/\/carfree.fr\/index.php\/wp-json\/wp\/v2\/media?parent=39143"}],"wp:term":[{"taxonomy":"category","embeddable":true,"href":"https:\/\/carfree.fr\/index.php\/wp-json\/wp\/v2\/categories?post=39143"},{"taxonomy":"post_tag","embeddable":true,"href":"https:\/\/carfree.fr\/index.php\/wp-json\/wp\/v2\/tags?post=39143"}],"curies":[{"name":"wp","href":"https:\/\/api.w.org\/{rel}","templated":true}]}}