{"id":39160,"date":"2017-12-18T09:17:59","date_gmt":"2017-12-18T08:17:59","guid":{"rendered":"http:\/\/carfree.fr\/?p=39160"},"modified":"2017-12-18T09:17:59","modified_gmt":"2017-12-18T08:17:59","slug":"cherche-personnes-motivees-pour-faire-une-affiche","status":"publish","type":"post","link":"https:\/\/carfree.fr\/index.php\/2017\/12\/18\/cherche-personnes-motivees-pour-faire-une-affiche\/","title":{"rendered":"Cherche personnes motiv\u00e9es pour faire une affiche"},"content":{"rendered":"<p>Dans le cadre de l&rsquo;enqu\u00eate publique \u00e0 propos de <a href=\"http:\/\/carfree.fr\/index.php\/2017\/12\/13\/non-aux-projets-autoroutiers\/\" rel=\"noopener\" target=\"_blank\">l\u2019extension \u00e0 2X3 voies de l\u2019autoroute A480 pr\u00e8s de Grenoble<\/a>, on recherche des personnes motiv\u00e9es pour r\u00e9aliser une affiche contre le projet autoroutier. Ci-dessous, message re\u00e7u de Grenoble ce week-end&#8230; <!--more--><\/p>\n<p>Salut Carfree !<\/p>\n<p>Habitant Grenoble, \u00e7a fait deux semaines que je t\u00e2che (modestement, \u00e0 l&rsquo;\u00e9chelle de mon quartier, cr\u00e8che, \u00e9cole, etc&#8230;) de mobiliser les gens pour r\u00e9pondre \u00e0 l&rsquo;enqu\u00eate sur l&rsquo;am\u00e9nagement de l&rsquo;A480, dont on est riverain imm\u00e9diat. <\/p>\n<p>Faire une bonne affiche, rigolote, impactante et compr\u00e9hensible par tou-te-s, montrant la stupidit\u00e9 (et le foutage de gueule) du projet propos\u00e9 par AREA serait un bon moyen de pousser les gens \u00e0 aller r\u00e9pondre et \u00e0 s&rsquo;opposer au projet. <\/p>\n<p>N&rsquo;ayant pas, encore, trouv\u00e9 de comp\u00e8re cr\u00e9atif et motiv\u00e9, je me demandais si du cot\u00e9 de Carfree, ou via vos r\u00e9seaux il y aurait de la ressource ?<\/p>\n<p>A ce lien, de la doc que j&rsquo;ai rassembl\u00e9 sur le sujet, et des brouillons d&rsquo;affiches (tout pourri&#8230;) : <\/p>\n<p><a href=\"https:\/\/drive.google.com\/drive\/folders\/1zrkZYJycqk3_g7vP58Su5xA4fnWGaSMx?usp=sharing\" rel=\"noopener\" target=\"_blank\">https:\/\/drive.google.com\/drive\/folders\/1zrkZYJycqk3_g7vP58Su5xA4fnWGaSMx?usp=sharing<\/a><\/p>\n<p>Amiti\u00e9s v\u00e9lorutionnaires !<\/p>\n","protected":false},"excerpt":{"rendered":"<p>Dans le cadre de l&rsquo;enqu\u00eate publique \u00e0 propos de l\u2019extension \u00e0 2X3 voies de l\u2019autoroute A480 pr\u00e8s de Grenoble, on recherche des personnes motiv\u00e9es pour r\u00e9aliser une affiche contre le <a class=\"more-link\" href=\"https:\/\/carfree.fr\/index.php\/2017\/12\/18\/cherche-personnes-motivees-pour-faire-une-affiche\/\">Lire la suite&#8230;<\/a><\/p>\n","protected":false},"author":1390,"featured_media":39161,"comment_status":"open","ping_status":"closed","sticky":false,"template":"","format":"standard","meta":[],"categories":[52,165,73,77,1037],"tags":[181,31,112,333,41],"views":7190,"_links":{"self":[{"href":"https:\/\/carfree.fr\/index.php\/wp-json\/wp\/v2\/posts\/39160"}],"collection":[{"href":"https:\/\/carfree.fr\/index.php\/wp-json\/wp\/v2\/posts"}],"about":[{"href":"https:\/\/carfree.fr\/index.php\/wp-json\/wp\/v2\/types\/post"}],"author":[{"embeddable":true,"href":"https:\/\/carfree.fr\/index.php\/wp-json\/wp\/v2\/users\/1390"}],"replies":[{"embeddable":true,"href":"https:\/\/carfree.fr\/index.php\/wp-json\/wp\/v2\/comments?post=39160"}],"version-history":[{"count":0,"href":"https:\/\/carfree.fr\/index.php\/wp-json\/wp\/v2\/posts\/39160\/revisions"}],"wp:featuredmedia":[{"embeddable":true,"href":"https:\/\/carfree.fr\/index.php\/wp-json\/wp\/v2\/media\/39161"}],"wp:attachment":[{"href":"https:\/\/carfree.fr\/index.php\/wp-json\/wp\/v2\/media?parent=39160"}],"wp:term":[{"taxonomy":"category","embeddable":true,"href":"https:\/\/carfree.fr\/index.php\/wp-json\/wp\/v2\/categories?post=39160"},{"taxonomy":"post_tag","embeddable":true,"href":"https:\/\/carfree.fr\/index.php\/wp-json\/wp\/v2\/tags?post=39160"}],"curies":[{"name":"wp","href":"https:\/\/api.w.org\/{rel}","templated":true}]}}