{"id":39163,"date":"2017-12-19T11:44:33","date_gmt":"2017-12-19T10:44:33","guid":{"rendered":"http:\/\/carfree.fr\/?p=39163"},"modified":"2020-08-18T10:10:21","modified_gmt":"2020-08-18T09:10:21","slug":"nicolas-hulot-lance-son-projet-pour-la-planete","status":"publish","type":"post","link":"https:\/\/carfree.fr\/index.php\/2017\/12\/19\/nicolas-hulot-lance-son-projet-pour-la-planete\/","title":{"rendered":"Nicolas Hulot lance son projet pour la plan\u00e8te"},"content":{"rendered":"<p>Nicolas Hulot a un projet pour la plan\u00e8te et il a m\u00eame lanc\u00e9 un site Internet pour le dire. Il s\u2019agit \u00ab\u00a0<em>d&rsquo;un appel \u00e0 initiatives citoyennes qui vise \u00e0 soutenir et \u00e0 aider \u00e0 d\u00e9velopper des actions concr\u00e8tes exemplaires et innovantes, f\u00e9d\u00e9rant une diversit\u00e9 d\u2019acteurs, notamment de la soci\u00e9t\u00e9 civile, pour lutter contre le d\u00e9r\u00e8glement climatique et pour am\u00e9liorer le cadre de vie au quotidien, dans une perspective d\u2019essaimage potentiel de certains projets sur le territoire national<\/em>.\u00a0\u00bb <!--more--><\/p>\n<p><a href=\"https:\/\/www.monprojetpourlaplanete.gouv.fr\/\" target=\"_blank\" rel=\"noopener\">https:\/\/www.monprojetpourlaplanete.gouv.fr\/<\/a><\/p>\n<p>Bon, tout ceci est un peu fumeux, alors on serait tent\u00e9 de dire: OK Nico, mais concr\u00e8tement c&rsquo;est quoi ton projet pour la plan\u00e8te? Parce qu&rsquo;on est En Marche\u00a9 nous ! C&rsquo;est la nouvelle politique Coco, pas le monde d&rsquo;avant! Il faut de l&rsquo;action, du Macron et du concret pour \u00ab\u00a0Make our planet great again\u2122\u00a0\u00bb!<\/p>\n<p>Alors on a bien cherch\u00e9 sur Internet et on l&rsquo;a trouv\u00e9 le projet de Hulot pour la plan\u00e8te! En fait, son projet c&rsquo;est que chaque habitant de la plan\u00e8te poss\u00e8de 6 voitures, une moto, un scooter et un bateau, comme lui quoi!<\/p>\n<p>Vu que de toute mani\u00e8re il roule 95% de son temps \u00e0 l&rsquo;\u00e9lectrique, si les 7 milliards d&rsquo;habitants de la plan\u00e8te ont comme Nicolas Hulot 6 voitures, une moto, un scooter et un bateau, elle est sauv\u00e9e la plan\u00e8te!<\/p>\n<p>En fait, il est l\u00e0 le probl\u00e8me! C&rsquo;est encore la faute des pauvres qui roulent en diesel&#8230; Voire m\u00eame des tr\u00e8s pauvres qui n&rsquo;ont pas de bagnole mais qui r\u00eavent d&rsquo;en avoir une. En fait, ils polluent rien qu&rsquo;en r\u00eavant de leur futur diesel qu&rsquo;ils voudraient avoir. Alors que s&rsquo;ils r\u00eavaient de rouler \u00e0 l&rsquo;\u00e9lectrique comme Hulot, elle serait sauv\u00e9e la plan\u00e8te&#8230;<\/p>\n<p>Si les pauvres \u00e9taient moins pauvres et qu&rsquo;ils se mettaient En Marche\u00a9 comme tout le monde, ils auraient eux aussi 6 voitures, une moto, un scooter et un bateau et ils pourraient rouler \u00e0 l&rsquo;\u00e9lectrique comme tout le monde pour sauver la plan\u00e8te.<\/p>\n<p>Parce que maintenant il faut se dire les choses bordel de merde! Si vous voulez vraiment sauver votre plan\u00e8te, faudrait voir \u00e0 acheter des voitures \u00e9lectroniques pour r\u00e9duire les gaz \u00e0 effet de truc! Et des motos et des scooters aussi! Et des bagnoles diesel pour les vacances !<\/p>\n<p>Parce que Nico il veut bien se casser le bonbon \u00e0 faire des sites Internet hyper chiad\u00e9s pour sauver la plan\u00e8te, mais faudrait voir \u00e0 faire un peu des efforts de votre c\u00f4t\u00e9 aussi!<\/p>\n","protected":false},"excerpt":{"rendered":"<p>Nicolas Hulot a un projet pour la plan\u00e8te et il a m\u00eame lanc\u00e9 un site Internet pour le dire. Il s\u2019agit \u00ab\u00a0d&rsquo;un appel \u00e0 initiatives citoyennes qui vise \u00e0 soutenir <a class=\"more-link\" href=\"https:\/\/carfree.fr\/index.php\/2017\/12\/19\/nicolas-hulot-lance-son-projet-pour-la-planete\/\">Lire la suite&#8230;<\/a><\/p>\n","protected":false},"author":3,"featured_media":39164,"comment_status":"open","ping_status":"closed","sticky":false,"template":"","format":"standard","meta":[],"categories":[73,124],"tags":[57,11,846,691,54],"views":6049,"_links":{"self":[{"href":"https:\/\/carfree.fr\/index.php\/wp-json\/wp\/v2\/posts\/39163"}],"collection":[{"href":"https:\/\/carfree.fr\/index.php\/wp-json\/wp\/v2\/posts"}],"about":[{"href":"https:\/\/carfree.fr\/index.php\/wp-json\/wp\/v2\/types\/post"}],"author":[{"embeddable":true,"href":"https:\/\/carfree.fr\/index.php\/wp-json\/wp\/v2\/users\/3"}],"replies":[{"embeddable":true,"href":"https:\/\/carfree.fr\/index.php\/wp-json\/wp\/v2\/comments?post=39163"}],"version-history":[{"count":0,"href":"https:\/\/carfree.fr\/index.php\/wp-json\/wp\/v2\/posts\/39163\/revisions"}],"wp:featuredmedia":[{"embeddable":true,"href":"https:\/\/carfree.fr\/index.php\/wp-json\/wp\/v2\/media\/39164"}],"wp:attachment":[{"href":"https:\/\/carfree.fr\/index.php\/wp-json\/wp\/v2\/media?parent=39163"}],"wp:term":[{"taxonomy":"category","embeddable":true,"href":"https:\/\/carfree.fr\/index.php\/wp-json\/wp\/v2\/categories?post=39163"},{"taxonomy":"post_tag","embeddable":true,"href":"https:\/\/carfree.fr\/index.php\/wp-json\/wp\/v2\/tags?post=39163"}],"curies":[{"name":"wp","href":"https:\/\/api.w.org\/{rel}","templated":true}]}}