{"id":39250,"date":"2018-01-24T11:21:29","date_gmt":"2018-01-24T10:21:29","guid":{"rendered":"http:\/\/carfree.fr\/?p=39250"},"modified":"2018-01-24T11:21:29","modified_gmt":"2018-01-24T10:21:29","slug":"avoir-toujours-le-feu-vert-a-velo","status":"publish","type":"post","link":"https:\/\/carfree.fr\/index.php\/2018\/01\/24\/avoir-toujours-le-feu-vert-a-velo\/","title":{"rendered":"Avoir toujours le feu vert \u00e0 v\u00e9lo"},"content":{"rendered":"<p>Et si vous pouviez p\u00e9daler de la maison au travail ou \u00e0 l&rsquo;\u00e9cole le matin sans vous arr\u00eater \u00e0 un seul feu rouge? Dans le cadre d&rsquo;un programme pilote visant \u00e0 encourager les cyclistes, la Ville d&rsquo;Aarhus, au Danemark, a am\u00e9nag\u00e9 une intersection \u00e0 feux tr\u00e8s fr\u00e9quent\u00e9e de telle sorte qu&rsquo;elle soit toujours prioritaire pour les v\u00e9los. <!--more--><\/p>\n<p>Les cyclistes qui portent une \u00e9tiquette RFID sur leur v\u00e9lo d\u00e9clenchent un capteur, faisant passer le feu au vert en leur faveur. En rendant les rues plus accueillantes pour les cyclistes, les urbanistes esp\u00e8rent pouvoir r\u00e9duire la congestion automobile et la pollution. <\/p>\n<p>Le programme v\u00e9lo de la ville a permis \u00e0 200 cyclistes de recevoir les \u00e9tiquettes et d&rsquo;installer le capteur sur le carrefour. Le projet de v\u00e9lo RFID est l&rsquo;un des volets du programme RADICAL de l&rsquo;UE, qui int\u00e8gre des projets technologiques dans l&rsquo;urbanisme de cinq \u00ab\u00a0villes intelligentes\u00a0\u00bb en Europe: Santander (Espagne), Issy-les-Moulineaux (France), Ath\u00e8nes (Gr\u00e8ce), G\u00eanes (Italie) et Aarhus.<\/p>\n<p>\u00c0 Aarhus, le gouvernement municipal voulait encourager la pratique de la bicyclette, et ils ont constat\u00e9 que les cyclistes ne faisaient pas de v\u00e9lo parce qu&rsquo;ils ne voulaient pas s&rsquo;arr\u00eater tout le temps. Les planificateurs voulaient trouver un moyen de donner aux cyclistes le droit de passage, d&rsquo;indiquer qu&rsquo;ils \u00e9taient une priorit\u00e9. <\/p>\n<p>Source: <a href=\"https:\/\/www.smithsonianmag.com\/innovation\/danish-city-giving-bikers-green-light-180957452\/#movWjhH5Y7Skvr3W.99\" rel=\"noopener\" target=\"_blank\">https:\/\/www.smithsonianmag.com\/innovation\/danish-city-giving-bikers-green-light-180957452\/#movWjhH5Y7Skvr3W.99<\/a><\/p>\n","protected":false},"excerpt":{"rendered":"<p>Et si vous pouviez p\u00e9daler de la maison au travail ou \u00e0 l&rsquo;\u00e9cole le matin sans vous arr\u00eater \u00e0 un seul feu rouge? Dans le cadre d&rsquo;un programme pilote visant <a class=\"more-link\" href=\"https:\/\/carfree.fr\/index.php\/2018\/01\/24\/avoir-toujours-le-feu-vert-a-velo\/\">Lire la suite&#8230;<\/a><\/p>\n","protected":false},"author":37,"featured_media":39251,"comment_status":"open","ping_status":"closed","sticky":false,"template":"","format":"standard","meta":[],"categories":[4,7],"tags":[646,323,1255,201,150,35,1664],"views":8427,"_links":{"self":[{"href":"https:\/\/carfree.fr\/index.php\/wp-json\/wp\/v2\/posts\/39250"}],"collection":[{"href":"https:\/\/carfree.fr\/index.php\/wp-json\/wp\/v2\/posts"}],"about":[{"href":"https:\/\/carfree.fr\/index.php\/wp-json\/wp\/v2\/types\/post"}],"author":[{"embeddable":true,"href":"https:\/\/carfree.fr\/index.php\/wp-json\/wp\/v2\/users\/37"}],"replies":[{"embeddable":true,"href":"https:\/\/carfree.fr\/index.php\/wp-json\/wp\/v2\/comments?post=39250"}],"version-history":[{"count":0,"href":"https:\/\/carfree.fr\/index.php\/wp-json\/wp\/v2\/posts\/39250\/revisions"}],"wp:featuredmedia":[{"embeddable":true,"href":"https:\/\/carfree.fr\/index.php\/wp-json\/wp\/v2\/media\/39251"}],"wp:attachment":[{"href":"https:\/\/carfree.fr\/index.php\/wp-json\/wp\/v2\/media?parent=39250"}],"wp:term":[{"taxonomy":"category","embeddable":true,"href":"https:\/\/carfree.fr\/index.php\/wp-json\/wp\/v2\/categories?post=39250"},{"taxonomy":"post_tag","embeddable":true,"href":"https:\/\/carfree.fr\/index.php\/wp-json\/wp\/v2\/tags?post=39250"}],"curies":[{"name":"wp","href":"https:\/\/api.w.org\/{rel}","templated":true}]}}