{"id":393,"date":"2005-06-03T13:22:37","date_gmt":"2005-06-03T12:22:37","guid":{"rendered":"http:\/\/carfree.fr\/index.php\/2005\/06\/03\/tous-a-velo\/"},"modified":"2023-11-13T16:41:31","modified_gmt":"2023-11-13T15:41:31","slug":"tous-a-velo","status":"publish","type":"post","link":"https:\/\/carfree.fr\/index.php\/2005\/06\/03\/tous-a-velo\/","title":{"rendered":"Tous \u00e0 v\u00e9lo !"},"content":{"rendered":"<p><span style=\"font-weight: bold\"><br \/>\nTous \u00e0 v\u00e9lo ! La F\u00eate du V\u00e9lo 2005<br \/>\nSamedi 4 et dimanche 5 juin 2005<\/span> <!--more--><\/p>\n<p>Le Comit\u00e9 de Promotion du V\u00e9lo rassemble les f\u00e9d\u00e9rations sportives de cyclisme, de cyclotourisme et d&rsquo;usagers, les associations et clubs, les collectivit\u00e9s locales et territoriales, les f\u00e9d\u00e9rations professionnelles du cycle, des sports et des loisirs pour promouvoir l&rsquo;usage de la bicyclette en France et \u00e0 ce titre assure l&rsquo;organisation nationale de la f\u00eate nationale du v\u00e9lo: Tous \u00e0 v\u00e9lo !<\/p>\n<p>Tous \u00e0 v\u00e9lo est organis\u00e9e dans toute la France le premier week-end de juin de chaque ann\u00e9e.<\/p>\n<p>Sur le site Tous \u00e0 v\u00e9lo, vous trouverez le programme d\u00e9taill\u00e9 2005 des \u00e9v\u00e9nements pr\u00e8s de chez vous, avec la possibilit\u00e9 d&rsquo;inscrire en ligne une manifestation.<\/p>\n<p>Venez tous participer, seul ou en famille, \u00e0 la ville ou \u00e0 la campagne \u00e0 la f\u00eate du v\u00e9lo pr\u00e8s de chez vous <strong>le samedi 4 et dimanche 5 juin 2005 !<\/strong><\/p>\n<p><strong>Vive le v\u00e9lo!<\/strong><\/p>\n","protected":false},"excerpt":{"rendered":"<p>Tous \u00e0 v\u00e9lo ! La F\u00eate du V\u00e9lo 2005 Samedi 4 et dimanche 5 juin 2005<\/p>\n","protected":false},"author":37,"featured_media":41286,"comment_status":"open","ping_status":"open","sticky":false,"template":"","format":"standard","meta":[],"categories":[7],"tags":[1848,1664],"views":8988,"_links":{"self":[{"href":"https:\/\/carfree.fr\/index.php\/wp-json\/wp\/v2\/posts\/393"}],"collection":[{"href":"https:\/\/carfree.fr\/index.php\/wp-json\/wp\/v2\/posts"}],"about":[{"href":"https:\/\/carfree.fr\/index.php\/wp-json\/wp\/v2\/types\/post"}],"author":[{"embeddable":true,"href":"https:\/\/carfree.fr\/index.php\/wp-json\/wp\/v2\/users\/37"}],"replies":[{"embeddable":true,"href":"https:\/\/carfree.fr\/index.php\/wp-json\/wp\/v2\/comments?post=393"}],"version-history":[{"count":0,"href":"https:\/\/carfree.fr\/index.php\/wp-json\/wp\/v2\/posts\/393\/revisions"}],"wp:featuredmedia":[{"embeddable":true,"href":"https:\/\/carfree.fr\/index.php\/wp-json\/wp\/v2\/media\/41286"}],"wp:attachment":[{"href":"https:\/\/carfree.fr\/index.php\/wp-json\/wp\/v2\/media?parent=393"}],"wp:term":[{"taxonomy":"category","embeddable":true,"href":"https:\/\/carfree.fr\/index.php\/wp-json\/wp\/v2\/categories?post=393"},{"taxonomy":"post_tag","embeddable":true,"href":"https:\/\/carfree.fr\/index.php\/wp-json\/wp\/v2\/tags?post=393"}],"curies":[{"name":"wp","href":"https:\/\/api.w.org\/{rel}","templated":true}]}}