{"id":39302,"date":"2018-02-02T09:47:58","date_gmt":"2018-02-02T08:47:58","guid":{"rendered":"http:\/\/carfree.fr\/?p=39302"},"modified":"2018-02-02T09:47:58","modified_gmt":"2018-02-02T08:47:58","slug":"les-rats","status":"publish","type":"post","link":"https:\/\/carfree.fr\/index.php\/2018\/02\/02\/les-rats\/","title":{"rendered":"Les Rats"},"content":{"rendered":"<p>C&rsquo;est une mani\u00e8re de rendre hommage \u00e0 Jean Rochefort, disparu le 9 octobre dernier : ce court m\u00e9trage d&rsquo;animation fut une des derni\u00e8res occasions pour ce grand com\u00e9dien de faire vibrer au cin\u00e9ma son timbre unique au monde. <!--more--><\/p>\n<p>R\u00e9alis\u00e9 en 2015 par \u00c9mile Dumas, <em>Les Rats<\/em> a pour origine un texte et des dessins de Philippe Dumas, le p\u00e8re du r\u00e9alisateur, datant de 1968. Un pamphlet \u00e9cologique et visionnaire qui menait une comparaison engag\u00e9e entre les voitures \u2013 lesquelles grignotaient alors chaque jour un peu plus notre espace vital \u2013 et les rongeurs.<\/p>\n<p>Quarante-cinq ans plus tard, Jean Rochefort conf\u00e8re \u00e0 cette parabole saisissante sur la prolif\u00e9ration automobile toute l&rsquo;ironie mordante et la suavit\u00e9 qu&rsquo;on lui conna\u00eet.<\/p>\n<p>Les Rats a \u00e9t\u00e9 montr\u00e9 dans le monde entier, notamment en Ukraine, au Kazakhstan, en Allemagne, aux Etats-Unis ou en R\u00e9publique Tch\u00e8que.<\/p>\n<p><iframe loading=\"lazy\" width=\"800\" height=\"450\" src=\"https:\/\/www.youtube.com\/embed\/j4NZQU4n6W4?feature=oembed\" frameborder=\"0\" allow=\"autoplay; encrypted-media\" allowfullscreen><\/iframe><\/p>\n<p>Source: <a href=\"https:\/\/www.unifrance.org\/\" rel=\"noopener\" target=\"_blank\">https:\/\/www.unifrance.org\/<\/a><\/p>\n","protected":false},"excerpt":{"rendered":"<p>C&rsquo;est une mani\u00e8re de rendre hommage \u00e0 Jean Rochefort, disparu le 9 octobre dernier : ce court m\u00e9trage d&rsquo;animation fut une des derni\u00e8res occasions pour ce grand com\u00e9dien de faire <a class=\"more-link\" href=\"https:\/\/carfree.fr\/index.php\/2018\/02\/02\/les-rats\/\">Lire la suite&#8230;<\/a><\/p>\n","protected":false},"author":1390,"featured_media":39303,"comment_status":"open","ping_status":"closed","sticky":false,"template":"","format":"standard","meta":[],"categories":[73,72],"tags":[364,84,196,648],"views":5924,"_links":{"self":[{"href":"https:\/\/carfree.fr\/index.php\/wp-json\/wp\/v2\/posts\/39302"}],"collection":[{"href":"https:\/\/carfree.fr\/index.php\/wp-json\/wp\/v2\/posts"}],"about":[{"href":"https:\/\/carfree.fr\/index.php\/wp-json\/wp\/v2\/types\/post"}],"author":[{"embeddable":true,"href":"https:\/\/carfree.fr\/index.php\/wp-json\/wp\/v2\/users\/1390"}],"replies":[{"embeddable":true,"href":"https:\/\/carfree.fr\/index.php\/wp-json\/wp\/v2\/comments?post=39302"}],"version-history":[{"count":0,"href":"https:\/\/carfree.fr\/index.php\/wp-json\/wp\/v2\/posts\/39302\/revisions"}],"wp:featuredmedia":[{"embeddable":true,"href":"https:\/\/carfree.fr\/index.php\/wp-json\/wp\/v2\/media\/39303"}],"wp:attachment":[{"href":"https:\/\/carfree.fr\/index.php\/wp-json\/wp\/v2\/media?parent=39302"}],"wp:term":[{"taxonomy":"category","embeddable":true,"href":"https:\/\/carfree.fr\/index.php\/wp-json\/wp\/v2\/categories?post=39302"},{"taxonomy":"post_tag","embeddable":true,"href":"https:\/\/carfree.fr\/index.php\/wp-json\/wp\/v2\/tags?post=39302"}],"curies":[{"name":"wp","href":"https:\/\/api.w.org\/{rel}","templated":true}]}}