{"id":39344,"date":"2018-02-19T08:35:40","date_gmt":"2018-02-19T07:35:40","guid":{"rendered":"http:\/\/carfree.fr\/?p=39344"},"modified":"2021-10-21T07:33:49","modified_gmt":"2021-10-21T06:33:49","slug":"une-place-de-stationnement-velo-pour-le-prix-nobel-de-chimie","status":"publish","type":"post","link":"https:\/\/carfree.fr\/index.php\/2018\/02\/19\/une-place-de-stationnement-velo-pour-le-prix-nobel-de-chimie\/","title":{"rendered":"Une place de stationnement v\u00e9lo pour le prix Nobel de chimie"},"content":{"rendered":"<p>Vous vous demandez peut-\u00eatre ce qu&rsquo;il faut faire pour obtenir une place de stationnement v\u00e9lo r\u00e9serv\u00e9e \u00e0 son nom \u00e0 son boulot? Obtenir le prix Nobel peut \u00eatre la solution. <!--more--><\/p>\n<p>Le Suisse <a href=\"https:\/\/fr.wikipedia.org\/wiki\/Jacques_Dubochet\" rel=\"noopener\" target=\"_blank\">Jacques Dubochet<\/a>, prix Nobel de chimie 2017, a en effet eu l&rsquo;honneur d&rsquo;obtenir r\u00e9cemment une place de v\u00e9lo r\u00e9serv\u00e9e \u00e0 l&rsquo;Universit\u00e9 de Lausanne.<\/p>\n<p>\u00ab <em>Quand on lui a demand\u00e9 ce qui lui ferait plaisir, il a r\u00e9pondu, sans h\u00e9sitation, une place de parc pour mon v\u00e9lo !<\/em> \u00bb se souvient Nouria Hernandez, rectrice de l\u2019UNIL. Clin d\u2019\u0153il au fait que dans d\u2019autres universit\u00e9s, notamment celle de Berkeley (USA), des espaces de stationnement soient r\u00e9serv\u00e9s aux voitures des laur\u00e9ats de Prix Nobel, la Direction de l\u2019UNIL a offert \u00e0 Jacques Dubochet une place de parc pour sa bicyclette. Situ\u00e9e au nord du Biophore et estampill\u00e9e au nom du professeur honoraire, elle a \u00e9t\u00e9 inaugur\u00e9e ce lundi 29 janvier en pr\u00e9sence des membres de la Direction.<\/p>\n<p><img decoding=\"async\" loading=\"lazy\" src=\"http:\/\/carfree.fr\/img\/2018\/02\/prix-nobel-velo.jpg\" alt=\"\" width=\"600\" height=\"450\" class=\"alignnone size-full wp-image-39346\" \/><\/p>\n<p>Arriv\u00e9 sur place \u00e0 v\u00e9lo, casque jaune fluo viss\u00e9 sur la t\u00eate, Jacques Dubochet a accueilli cette nouvelle avec enthousiasme. Sa b\u00e9cane, achet\u00e9e il y a quelques ann\u00e9es \u00e0 la bourse aux v\u00e9los de Morges avait, pour l\u2019occasion, re\u00e7u une petite cure de jouvence : \u00ab <em>Une nouvelle cha\u00eene et un nettoyage complet<\/em> \u00bb, confie-t-il avec humour.<\/p>\n<p><img decoding=\"async\" loading=\"lazy\" src=\"http:\/\/carfree.fr\/img\/2018\/02\/jacques-dubochet.jpg\" alt=\"\" width=\"600\" height=\"450\" class=\"alignnone size-full wp-image-39347\" \/><\/p>\n<p>Depuis pr\u00e8s de trente ans, le Nobel effectue environ 40% des trajets de Morges \u00e0 Dorigny \u00e0 la force de ses jambes. \u00ab <em>Et jamais un accident ! <\/em>\u00bb Fervent d\u00e9fenseur de la petite reine, il a profit\u00e9 de l\u2019\u00e9v\u00e9nement pour protester contre le mauvais \u00e9tat des routes. \u00ab <em>J\u2019ai encore un espoir : qu\u2019il y ait un jour une vraie piste cyclable de Lausanne \u00e0 Morges.<\/em> \u00bb<\/p>\n<p>Source: <a href=\"https:\/\/news.unil.ch\/display\/1517242330791\" rel=\"noopener\" target=\"_blank\">https:\/\/news.unil.ch\/display\/1517242330791<\/a><\/p>\n","protected":false},"excerpt":{"rendered":"<p>Vous vous demandez peut-\u00eatre ce qu&rsquo;il faut faire pour obtenir une place de stationnement v\u00e9lo r\u00e9serv\u00e9e \u00e0 son nom \u00e0 son boulot? Obtenir le prix Nobel peut \u00eatre la solution.<\/p>\n","protected":false},"author":37,"featured_media":39345,"comment_status":"open","ping_status":"closed","sticky":false,"template":"","format":"standard","meta":[],"categories":[4,7],"tags":[646,846,718,211,215,105,1664],"views":6866,"_links":{"self":[{"href":"https:\/\/carfree.fr\/index.php\/wp-json\/wp\/v2\/posts\/39344"}],"collection":[{"href":"https:\/\/carfree.fr\/index.php\/wp-json\/wp\/v2\/posts"}],"about":[{"href":"https:\/\/carfree.fr\/index.php\/wp-json\/wp\/v2\/types\/post"}],"author":[{"embeddable":true,"href":"https:\/\/carfree.fr\/index.php\/wp-json\/wp\/v2\/users\/37"}],"replies":[{"embeddable":true,"href":"https:\/\/carfree.fr\/index.php\/wp-json\/wp\/v2\/comments?post=39344"}],"version-history":[{"count":0,"href":"https:\/\/carfree.fr\/index.php\/wp-json\/wp\/v2\/posts\/39344\/revisions"}],"wp:featuredmedia":[{"embeddable":true,"href":"https:\/\/carfree.fr\/index.php\/wp-json\/wp\/v2\/media\/39345"}],"wp:attachment":[{"href":"https:\/\/carfree.fr\/index.php\/wp-json\/wp\/v2\/media?parent=39344"}],"wp:term":[{"taxonomy":"category","embeddable":true,"href":"https:\/\/carfree.fr\/index.php\/wp-json\/wp\/v2\/categories?post=39344"},{"taxonomy":"post_tag","embeddable":true,"href":"https:\/\/carfree.fr\/index.php\/wp-json\/wp\/v2\/tags?post=39344"}],"curies":[{"name":"wp","href":"https:\/\/api.w.org\/{rel}","templated":true}]}}