{"id":39365,"date":"2020-06-26T10:42:51","date_gmt":"2020-06-26T09:42:51","guid":{"rendered":"http:\/\/carfree.fr\/?p=39365"},"modified":"2020-10-06T13:31:55","modified_gmt":"2020-10-06T12:31:55","slug":"visitez-la-planete-a-cote-de-chez-vous","status":"publish","type":"post","link":"https:\/\/carfree.fr\/index.php\/2020\/06\/26\/visitez-la-planete-a-cote-de-chez-vous\/","title":{"rendered":"Visitez la plan\u00e8te \u00e0 c\u00f4t\u00e9 de chez vous"},"content":{"rendered":"<p>A l&rsquo;heure de la crise sanitaire mondiale li\u00e9e \u00e0 la pand\u00e9mie du Covid-19, il faudra s&rsquo;interroger un jour ou l&rsquo;autre sur le sens des innombrables voyages en avion li\u00e9s \u00e0 la mondialisation. Avec le d\u00e9veloppement de l&rsquo;aviation et en particulier du low-cost, il devient possible de prendre l&rsquo;avion pour un oui ou pour un non afin d&rsquo;aller passer un week-end ou une semaine sur une \u00ab\u00a0\u00eele de r\u00eave\u00a0\u00bb ou pour aller \u00ab\u00a0visiter\u00a0\u00bb un pays exotique \u00e0 l&rsquo;autre bout du monde. <!--more--><\/p>\n<p>On nous parle beaucoup du \u00ab\u00a0monde d&rsquo;apr\u00e8s\u00a0\u00bb qui devrait \u00eatre &#8211; forc\u00e9ment &#8211; diff\u00e9rent du \u00ab\u00a0monde d&rsquo;avant,\u00a0\u00bb en tirant en particulier les cons\u00e9quences de la crise sanitaire majeure que nous connaissons \u00e0 l&rsquo;\u00e9chelle mondiale. Sauf que parmi les premi\u00e8res mesures de \u00ab\u00a0l&rsquo;apr\u00e8s-crise\u00a0\u00bb il y a des pr\u00eats d&rsquo;argent public de milliards d&rsquo;euros au secteur a\u00e9rien pour faire repartir co\u00fbte que co\u00fbte les avions.<\/p>\n<p>L&rsquo;a\u00e9roport d&rsquo;Orly red\u00e9marre en ce moment m\u00eame avec le d\u00e9collage d&rsquo;un premier vol, \u00e0 destination de Porto au Portugal, apr\u00e8s pr\u00e8s de trois mois de l\u00e9thargie sous le coup de massue inflig\u00e9 au transport a\u00e9rien par le coronavirus. Et c&rsquo;est un avion de la compagnie low-cost Transavia ayant d\u00e9coll\u00e9 \u00e0 06H25 ce matin qui marque le retour dans le ciel des vols commerciaux de l&rsquo;a\u00e9roport du sud de Paris qui avait \u00e9t\u00e9 ferm\u00e9 le 31 mars au soir.<\/p>\n<p>Avant de s&rsquo;\u00e9lancer sur la piste, l&rsquo;appareil a \u00e9t\u00e9 arros\u00e9 par les canons \u00e0 eau des pompiers de l&rsquo;a\u00e9roport lors d&rsquo;une c\u00e9r\u00e9monie dite de \u00ab\u00a0water salute\u00a0\u00bb. Les avions repartent comme en 40, c&rsquo;est la f\u00eate! <\/p>\n<p>Au-del\u00e0 de l&rsquo;aberration \u00e9nerg\u00e9tique, environnementale et climatique que repr\u00e9sente l&rsquo;aviation, il est d\u00e9sormais \u00e9vident que la facilit\u00e9 des voyages en avion a pourtant un r\u00f4le non n\u00e9gligeable dans la diffusion des virus \u00e0 l&rsquo;\u00e9chelle mondiale. Le tourisme hors-sol li\u00e9 \u00e0 l&rsquo;avion symbolise le monde d&rsquo;avant: on finit sa semaine de travail \u00e0 Paris, on se jette dans un avion avec ses bagages et une dizaine d&rsquo;heures plus tard on se retrouve \u00ab\u00a0projet\u00e9\u00a0\u00bb dans un autre pays, une autre culture, un autre climat, etc. Sans autre pr\u00e9paration que la lecture de quelques guides de voyage standardis\u00e9s, on \u00ab\u00a0survole\u00a0\u00bb une culture \u00e0 flux tendus en passant en g\u00e9n\u00e9ral par tous les passages oblig\u00e9s du circuit touristique international.<\/p>\n<p>Cela rappelle d&rsquo;ailleurs ces touristes chinois qui viennent chaque ann\u00e9e par dizaines de milliers \u00e0 Paris pour visiter Montmartre et qui ach\u00e8tent des \u00ab\u00a0produits typiques\u00a0\u00bb parisiens, y compris des toiles de peinture \u00e0 Montmartre fabriqu\u00e9es&#8230; en Chine. Il serait malvenu de se moquer des Chinois, car les touristes fran\u00e7ais ach\u00e8tent eux aussi des \u00ab\u00a0souvenirs typiques\u00a0\u00bb \u00e0 Venise, Ath\u00e8nes ou New-York&#8230; provenant pour la plupart d&rsquo;Asie.<\/p>\n<p>Il y a aussi cet \u00e9tat d&rsquo;esprit d\u00e9plorable qui consiste \u00e0 dire \u00ab\u00a0j&rsquo;ai fait les States\u00a0\u00bb ou \u00ab\u00a0j&rsquo;ai fait l&rsquo;Egypte\u00a0\u00bb comme si on inscrivait des cibles \u00e0 son tableau de chasse. En g\u00e9n\u00e9ral, on n&rsquo;a \u00ab\u00a0rien fait\u00a0\u00bb de plus que le parcours typique du touriste mondialis\u00e9: a\u00e9roport &#8211; h\u00f4tel &#8211; mus\u00e9e &#8211; restaurant &#8211; mus\u00e9e &#8211; h\u00f4tel &#8211; a\u00e9roport.<\/p>\n<p>On part \u00e0 l&rsquo;autre bout du monde au prix d&rsquo;une orgie de consommation d&rsquo;\u00e9nergie et d&rsquo;une diarrh\u00e9e d&rsquo;\u00e9missions de polluants et de CO2 alors que tr\u00e8s souvent, on ne connait m\u00eame pas son environnement imm\u00e9diat \u00e0 quelques dizaines de kilom\u00e8tres autour de chez soi. <\/p>\n<p>Voici une petite histoire v\u00e9ridique qui montre que la beaut\u00e9 du monde est non seulement pr\u00e8s de chez soi, mais qu&rsquo;il ne tient qu&rsquo;\u00e0 nous de la r\u00e9aliser.<\/p>\n<p>En 1943, S\u00f8ren Poulsen, un agriculteur danois, travaillait sur le drainage des prairies environnantes lorsqu&rsquo;il trouva dans un de ses champs une pierre en forme de p\u00e9ninsule du Jutland. Cela l&rsquo;a inspir\u00e9 et il s&rsquo;est mis \u00e0 cr\u00e9er son propre petit monde. Pendant les mois d&rsquo;hiver, \u00e0 l&rsquo;aide d&rsquo;outils primitifs, il pla\u00e7ait de grosses pierres soigneusement sur la glace. Quand le printemps arrivait, les pierres pouvaient facilement trouver leur place, et c&rsquo;est ainsi qu&rsquo;une carte du monde prit forme. Certaines des pierres utilis\u00e9es p\u00e8sent plus de 2 tonnes.<\/p>\n<p>La carte du monde du lac Klejtrup est une carte du monde miniature construite en pierres et en herbe \u00e0 Klejtrup S\u00f8, pr\u00e8s du village de Klejtrup, dans la municipalit\u00e9 de Viborg au Danemark.<\/p>\n<p>Poulsen a cr\u00e9\u00e9 la carte du monde entre 1944 et 1969. Elle mesure 45 m\u00e8tres sur 90 m\u00e8tres et couvre une superficie de plus de 4000 m\u00e8tres carr\u00e9s. <\/p>\n<p>La carte est l&rsquo;\u00e9picentre d&rsquo;un \u00ab\u00a0parc\u00a0\u00bb qui poss\u00e8de, entre autres attractions, une aire de pique-nique, un caf\u00e9-restaurant et une aire de jeux.<\/p>\n<p>La carte du monde est une attraction importante dans la r\u00e9gion et attire environ 40 000 visiteurs par an, pour la plupart danois.<\/p>\n<p>Ne prenez pas l&rsquo;avion pour aller voir la carte du monde du lac Klejtrup, construisez votre propre carte l\u00e0 o\u00f9 vous \u00eates avec les mat\u00e9riaux que vous avez \u00e0 votre disposition&#8230;<\/p>\n<p>Source: <a href=\"https:\/\/en.wikipedia.org\/wiki\/World_Map_at_Lake_Klejtrup\" rel=\"noopener\" target=\"_blank\">https:\/\/en.wikipedia.org\/wiki\/World_Map_at_Lake_Klejtrup<\/a><\/p>\n<p><img decoding=\"async\" loading=\"lazy\" src=\"http:\/\/carfree.fr\/img\/2018\/02\/map.jpg\" alt=\"\" width=\"600\" height=\"364\" class=\"alignnone size-full wp-image-39367\" \/><\/p>\n","protected":false},"excerpt":{"rendered":"<p>A l&rsquo;heure de la crise sanitaire mondiale li\u00e9e \u00e0 la pand\u00e9mie du Covid-19, il faudra s&rsquo;interroger un jour ou l&rsquo;autre sur le sens des innombrables voyages en avion li\u00e9s \u00e0 <a class=\"more-link\" href=\"https:\/\/carfree.fr\/index.php\/2020\/06\/26\/visitez-la-planete-a-cote-de-chez-vous\/\">Lire la suite&#8230;<\/a><\/p>\n","protected":false},"author":18,"featured_media":39366,"comment_status":"open","ping_status":"closed","sticky":false,"template":"","format":"standard","meta":[],"categories":[4,9,70],"tags":[1709,806,1799,323,1063,54,386,710],"views":14732,"_links":{"self":[{"href":"https:\/\/carfree.fr\/index.php\/wp-json\/wp\/v2\/posts\/39365"}],"collection":[{"href":"https:\/\/carfree.fr\/index.php\/wp-json\/wp\/v2\/posts"}],"about":[{"href":"https:\/\/carfree.fr\/index.php\/wp-json\/wp\/v2\/types\/post"}],"author":[{"embeddable":true,"href":"https:\/\/carfree.fr\/index.php\/wp-json\/wp\/v2\/users\/18"}],"replies":[{"embeddable":true,"href":"https:\/\/carfree.fr\/index.php\/wp-json\/wp\/v2\/comments?post=39365"}],"version-history":[{"count":0,"href":"https:\/\/carfree.fr\/index.php\/wp-json\/wp\/v2\/posts\/39365\/revisions"}],"wp:featuredmedia":[{"embeddable":true,"href":"https:\/\/carfree.fr\/index.php\/wp-json\/wp\/v2\/media\/39366"}],"wp:attachment":[{"href":"https:\/\/carfree.fr\/index.php\/wp-json\/wp\/v2\/media?parent=39365"}],"wp:term":[{"taxonomy":"category","embeddable":true,"href":"https:\/\/carfree.fr\/index.php\/wp-json\/wp\/v2\/categories?post=39365"},{"taxonomy":"post_tag","embeddable":true,"href":"https:\/\/carfree.fr\/index.php\/wp-json\/wp\/v2\/tags?post=39365"}],"curies":[{"name":"wp","href":"https:\/\/api.w.org\/{rel}","templated":true}]}}