{"id":39376,"date":"2018-02-28T10:49:32","date_gmt":"2018-02-28T09:49:32","guid":{"rendered":"http:\/\/carfree.fr\/?p=39376"},"modified":"2018-02-28T10:49:32","modified_gmt":"2018-02-28T09:49:32","slug":"laissez-nous-les-berges","status":"publish","type":"post","link":"https:\/\/carfree.fr\/index.php\/2018\/02\/28\/laissez-nous-les-berges\/","title":{"rendered":"Laissez-nous les berges !"},"content":{"rendered":"<p>Le tribunal administratif vient d\u2019annuler la pi\u00e9tonisation des berges de Seine \u00e0 Paris. Mais nous ne voulons pas qu\u2019on nous reprenne cet espace que la mairie de Paris nous a donn\u00e9 ! Merci de signer notre p\u00e9tition. <!--more--><\/p>\n<p>Les quais de Seine ont \u00e9t\u00e9 transform\u00e9s en parc. Avec les beaux jours, les enfants jouent, les amoureux dansent, les badauds fl\u00e2nent aux pieds de Notre-Dame, au c\u0153ur de cette ville que nous aimons tant et que le monde nous envie.<\/p>\n<p>Laissez-nous danser !<\/p>\n<p>La m\u00e9tamorphose n\u2019en est encore qu\u2019\u00e0 son commencement. Il faut planter des fleurs et des arbres ;  il faut semer des projets, des espoirs et des r\u00eaves sur ce site magnifique. Et non les \u00e9craser sous les roues des voitures.<\/p>\n<p>Les bonnes id\u00e9es sont les bienvenues d\u2019un cot\u00e9 ou de l\u2019autre du p\u00e9riph\u00e9rique et d\u2019un bord \u00e0 l\u2019autre de l\u2019\u00e9chiquier politique. Mais sans revenir au monde d\u2019hier, \u00e0 cette vieille id\u00e9ologie racornie qui d\u00e9figurait les centres-villes avec des autoroutes et qui voulait recouvrir la nature de b\u00e9ton.<\/p>\n<p>Laissez-nous r\u00eaver !<\/p>\n<p>Cette pi\u00e9tonisation fait partie d\u2019une grande transformation de Paris pour la rendre plus conviviale, plus respirable et plus moderne. Pour diminuer la pollution qui tue chaque ann\u00e9e des milliers de Franciliens. Il faut pers\u00e9v\u00e9rer dans cette direction et non r\u00e9introduire des v\u00e9hicules polluants !<\/p>\n<p>Laissez-nous respirer !<\/p>\n<p>On a reproch\u00e9 beaucoup de chose \u00e0 ce parc. Mais la fermeture r\u00e9cente de quelque 3,3 km de voies n\u2019est pas responsable des embouteillages que la r\u00e9gion connait depuis des d\u00e9cennies. Et il n\u2019est pas raisonnable d\u2019accuser la fermeture d\u2019une voie qui accueillait quelques milliers de voitures par jour de bloquer les millions de Franciliens qui prennent leur voiture le matin. Surtout quand l\u2019enjeu est de renforcer les transports en commun et les mobilit\u00e9s douces.<\/p>\n<p>Laissez-nous vivre &#8211; Laissez-nous les quais !<\/p>\n<p>Anne Hidalgo : Continuez votre combat pour la pi\u00e9tonisation des berges de Seine<\/p>\n<p>Manifestons pour d\u00e9fendre le parc des Rives de Seine<br \/>\nSamedi 10 mars, \u00e0 15h, sur les quais.<\/p>\n<p>Signez la p\u00e9tition:<br \/>\n<a href=\"https:\/\/www.change.org\/p\/laissez-nous-les-berges\" rel=\"noopener\" target=\"_blank\">https:\/\/www.change.org\/p\/laissez-nous-les-berges<\/a><\/p>\n","protected":false},"excerpt":{"rendered":"<p>Le tribunal administratif vient d\u2019annuler la pi\u00e9tonisation des berges de Seine \u00e0 Paris. Mais nous ne voulons pas qu\u2019on nous reprenne cet espace que la mairie de Paris nous a <a class=\"more-link\" href=\"https:\/\/carfree.fr\/index.php\/2018\/02\/28\/laissez-nous-les-berges\/\">Lire la suite&#8230;<\/a><\/p>\n","protected":false},"author":620,"featured_media":39377,"comment_status":"open","ping_status":"closed","sticky":false,"template":"","format":"standard","meta":[],"categories":[4,73,77,9,78,1037,7],"tags":[135,43,106,1668,101],"views":6239,"_links":{"self":[{"href":"https:\/\/carfree.fr\/index.php\/wp-json\/wp\/v2\/posts\/39376"}],"collection":[{"href":"https:\/\/carfree.fr\/index.php\/wp-json\/wp\/v2\/posts"}],"about":[{"href":"https:\/\/carfree.fr\/index.php\/wp-json\/wp\/v2\/types\/post"}],"author":[{"embeddable":true,"href":"https:\/\/carfree.fr\/index.php\/wp-json\/wp\/v2\/users\/620"}],"replies":[{"embeddable":true,"href":"https:\/\/carfree.fr\/index.php\/wp-json\/wp\/v2\/comments?post=39376"}],"version-history":[{"count":0,"href":"https:\/\/carfree.fr\/index.php\/wp-json\/wp\/v2\/posts\/39376\/revisions"}],"wp:featuredmedia":[{"embeddable":true,"href":"https:\/\/carfree.fr\/index.php\/wp-json\/wp\/v2\/media\/39377"}],"wp:attachment":[{"href":"https:\/\/carfree.fr\/index.php\/wp-json\/wp\/v2\/media?parent=39376"}],"wp:term":[{"taxonomy":"category","embeddable":true,"href":"https:\/\/carfree.fr\/index.php\/wp-json\/wp\/v2\/categories?post=39376"},{"taxonomy":"post_tag","embeddable":true,"href":"https:\/\/carfree.fr\/index.php\/wp-json\/wp\/v2\/tags?post=39376"}],"curies":[{"name":"wp","href":"https:\/\/api.w.org\/{rel}","templated":true}]}}