{"id":39449,"date":"2018-03-16T10:09:37","date_gmt":"2018-03-16T09:09:37","guid":{"rendered":"http:\/\/carfree.fr\/?p=39449"},"modified":"2018-03-16T10:09:37","modified_gmt":"2018-03-16T09:09:37","slug":"assistes","status":"publish","type":"post","link":"https:\/\/carfree.fr\/index.php\/2018\/03\/16\/assistes\/","title":{"rendered":"Assist\u00e9s\u00a0!"},"content":{"rendered":"<p>Ces derniers temps, les assist\u00e9s montent au cr\u00e9neau, contre une nouvelle r\u00e9duction, leurs repr\u00e9sentants politiques, FN, r\u00e9publicains et acolytes menant la fronde. Ces pauvres victimes vont perdre 10 km\/h sur une partie des routes. Comme toujours, victimes, vaches \u00e0 lait, la mis\u00e8re du monde retombe sur les automobilistes, cette minorit\u00e9 d\u00e9test\u00e9e\u00a0! <!--more--><\/p>\n<p>Et oui, l\u2019automobiliste telle la vache \u00e0 lait fran\u00e7aise continue d\u2019exister gr\u00e2ce aux subventions. Il suffit de reprendre le cycle de vie d\u2019une voiture pour se rendre compte de l\u2019\u00e9tat d\u2019assistanat de l\u2019automobiliste.<\/p>\n<p>Avant m\u00eame la fabrication, les mati\u00e8res premi\u00e8res devront \u00eatre extraites du sol, toujours plus importantes avec la voiture \u00e9lectroniqu\u00e9e. Pour l\u2019acc\u00e8s aux terres rares, nos politiques vont d\u00e9penser leur temps d\u2019\u00e9lus du peuple fran\u00e7ais en relation diplomatique afin d\u2019acc\u00e9der au march\u00e9 minier. \u00c9videmment, m\u00eame si ces droits sont acquis \u00e0 bon prix, il faut aider ce pays accueillant \u00e0 maintenir la stabilit\u00e9 politique, face au peuple rebelle \u00e0 l\u2019humeur min\u00e9e.<\/p>\n<p>A partir de l\u00e0, on va pouvoir concevoir nos bolides de ville. Le secteur industriel va mal, il n\u2019arrive pas \u00e0 vendre toujours plus de voiture, et sans croissance, c\u2019est la mis\u00e8re qui nous gagne. Nos politiques vont faire en sorte que nos industries, dont le fleuron automobile, reste en France, que leurs dirigeants restent milliardaires, que leurs actionnaires touchent plus que l\u2019ann\u00e9e derni\u00e8re, et qu\u2019ils ne risquent pas leur argent dans une prochaine crise. Un panel de mesure servira \u00e0 prot\u00e9ger la richesse de ceux qui dirigent avec la mise en place du CICE qui aura permis de maintenir la r\u00e9mun\u00e9ration des actionnaires, la suppression d\u2019imp\u00f4ts sur la fortune et autres cadeaux fiscaux.<\/p>\n<p>Maintenant la voiture produite, il faut bien la vendre. Alors, il faut aider les acheteurs, leur proposer de l\u2019argent pour jeter leur voiture \u00e0 la casse, \u00e0 condition d\u2019en acheter une nouvelle. Nicolas Hulot aura supprim\u00e9 cette trop ch\u00e8re prime \u00e0 l\u2019achat d\u2019un v\u00e9lo \u00e9lectrique, pour mieux encourager l\u2019achat d\u2019une nouvelle voiture. Notre Ecolo 1<sup>er<\/sup> ne fait pas dans la vulgaire prime \u00e0 la casse mais dans la prime \u00e0 la conversion\u00a0! Et, pour flatter l\u2019engagement \u00e9cologique des riches automobilistes, une grosse prime \u00e0 l\u2019achat d\u2019une voiture \u00be nucl\u00e9aire.<\/p>\n<p>On a bien d\u00e9pens\u00e9 l\u2019argent public pour faire tourner l\u2019industrie mondiale, maintenant tout le monde est \u00e9quip\u00e9, il faut donc pouvoir rouler, c\u2019est-\u00e0-dire cr\u00e9er et entretenir un r\u00e9seau routier, avec ses routes bitum\u00e9es, ses panneaux de signalisation, ses tunnels \u00e9clair\u00e9s et a\u00e9r\u00e9s (faudrait pas s\u2019asphyxier avec ses propres gaz), ses points routes sur cha\u00eenes de t\u00e9l\u00e9 et radio publiques, et la couverture journalistique des diff\u00e9rents d\u00e9parts en vacances, ses parkings, et puis les d\u00e9neigeuses l\u2019hiver et l\u2019offre de couvertures chauffantes aux touristes bloqu\u00e9s sur la route des stations de skis (m\u00eame pour les \u00e9trangers\u00a0!).<\/p>\n<p>\u00c7a roule\u00a0! Et m\u00eame tellement bien que certains vont y laisser des plumes. Et comme en France, nous sommes des humanistes, nous ne laissons pas les cadavres sur les routes, et on tente m\u00eame de soigner les bless\u00e9s. On mobilise une partie des soignants, d\u00e9j\u00e0 d\u00e9bord\u00e9s, pour limiter la casse. Et pour limiter un peu plus la casse, de nombreux fonctionnaires et militaires vont passer leur temps, leur vie \u00e0 contr\u00f4ler, arr\u00eater, punir les d\u00e9linquants de la route. Et bien s\u00fbr, des campagnes de pr\u00e9vention routi\u00e8re sont d\u00e9ploy\u00e9es dans les m\u00e9dias, dans les \u00e9coles, et lors de toutes sortes d\u2019\u00e9v\u00e8nement. Et gr\u00e2ce \u00e0 \u00e7a, on n\u2019a m\u00eame pas 4000 morts par an, \u00e0 peine 4 fois l\u2019\u00e9radication de mon village.<\/p>\n<p>Mais ce n\u2019est pas suffisant. Il faut aussi qu\u2019on les aime, ces voitures. L\u2019ensemble des collectivit\u00e9s va s\u2019engager en ce sens, organisant ou subventionnant les salons de l\u2019automobile, les rallyes, rassemblement de voitures anciennes racontant une histoire id\u00e9alis\u00e9e de l\u2019automobile.<\/p>\n<p>Ce serait difficile de comptabiliser le co\u00fbt complet de la soci\u00e9t\u00e9 automobile, co\u00fbt toutefois indispensable \u00e0 son fonctionnement. Mais on peut voir que ce co\u00fbt est r\u00e9parti sur de nombreuses structures publiques\u00a0: les minist\u00e8res de l\u2019am\u00e9nagement du territoire, de l\u2019industrie, du travail, des affaires \u00e9trang\u00e8res, de la d\u00e9fense, de l\u2019int\u00e9rieur, de la sant\u00e9, de l\u2019\u00e9ducation, des sports, de l\u2019\u00e9cologie, \u00a0l\u2019assembl\u00e9e nationale et bien s\u00fbr les collectivit\u00e9s locales.<\/p>\n<p>Et oui, tout ce soutien pour que l\u2019on puisse avancer en restant assis, sans effort. Tout cet argent d\u00e9pens\u00e9 pour entretenir la fain\u00e9antise. Ne serait-ce pas de l\u2019assistanat\u00a0?<\/p>\n<p>Avec un gouvernement de marcheurs, n\u2019aimant que les 1ers de cord\u00e9e, n\u2019\u00e9tant pas du genre \u00e0 encourager l\u2019assistanat ou \u00e0 soutenir les activit\u00e9s d\u00e9ficitaires, ne voit-on pas poindre \u00e0 l\u2019horizon la fin de la soci\u00e9t\u00e9 automobile\u00a0fran\u00e7aise?<\/p>\n","protected":false},"excerpt":{"rendered":"<p>Ces derniers temps, les assist\u00e9s montent au cr\u00e9neau, contre une nouvelle r\u00e9duction, leurs repr\u00e9sentants politiques, FN, r\u00e9publicains et acolytes menant la fronde. Ces pauvres victimes vont perdre 10 km\/h sur <a class=\"more-link\" href=\"https:\/\/carfree.fr\/index.php\/2018\/03\/16\/assistes\/\">Lire la suite&#8230;<\/a><\/p>\n","protected":false},"author":1555,"featured_media":39457,"comment_status":"open","ping_status":"closed","sticky":false,"template":"","format":"standard","meta":[],"categories":[52,73],"tags":[11,132,60,81,177,19],"views":7347,"_links":{"self":[{"href":"https:\/\/carfree.fr\/index.php\/wp-json\/wp\/v2\/posts\/39449"}],"collection":[{"href":"https:\/\/carfree.fr\/index.php\/wp-json\/wp\/v2\/posts"}],"about":[{"href":"https:\/\/carfree.fr\/index.php\/wp-json\/wp\/v2\/types\/post"}],"author":[{"embeddable":true,"href":"https:\/\/carfree.fr\/index.php\/wp-json\/wp\/v2\/users\/1555"}],"replies":[{"embeddable":true,"href":"https:\/\/carfree.fr\/index.php\/wp-json\/wp\/v2\/comments?post=39449"}],"version-history":[{"count":0,"href":"https:\/\/carfree.fr\/index.php\/wp-json\/wp\/v2\/posts\/39449\/revisions"}],"wp:featuredmedia":[{"embeddable":true,"href":"https:\/\/carfree.fr\/index.php\/wp-json\/wp\/v2\/media\/39457"}],"wp:attachment":[{"href":"https:\/\/carfree.fr\/index.php\/wp-json\/wp\/v2\/media?parent=39449"}],"wp:term":[{"taxonomy":"category","embeddable":true,"href":"https:\/\/carfree.fr\/index.php\/wp-json\/wp\/v2\/categories?post=39449"},{"taxonomy":"post_tag","embeddable":true,"href":"https:\/\/carfree.fr\/index.php\/wp-json\/wp\/v2\/tags?post=39449"}],"curies":[{"name":"wp","href":"https:\/\/api.w.org\/{rel}","templated":true}]}}