{"id":39460,"date":"2018-03-20T09:50:18","date_gmt":"2018-03-20T08:50:18","guid":{"rendered":"http:\/\/carfree.fr\/?p=39460"},"modified":"2020-08-18T10:49:16","modified_gmt":"2020-08-18T09:49:16","slug":"faites-vous-plaisir","status":"publish","type":"post","link":"https:\/\/carfree.fr\/index.php\/2018\/03\/20\/faites-vous-plaisir\/","title":{"rendered":"Faites-vous plaisir !"},"content":{"rendered":"<p>Il para\u00eet que certaines personnes de l&rsquo;Ancien Monde ne souhaitent pas abaisser la vitesse de 90 km\/h \u00e0 80 km\/h sur les routes \u00e0 double sens sans s\u00e9parateur central? Mis \u00e0 part quelques int\u00e9gristes du groupuscule r\u00e9actionnaire appel\u00e9 \u00ab\u00a040 millions d&rsquo;automobilistes\u00a0\u00bb ou quelques suceurs de p\u00e9trole \u00e0 deux roues appel\u00e9s \u00ab\u00a0motards en col\u00e8re\u00a0\u00bb, qui peut s&rsquo;opposer \u00e0 cette mesure de bon sens? <!--more--><\/p>\n<p>Une bonne fois pour toutes, la vitesse tue, point barre. Toute d\u00e9marche allant dans le sens d&rsquo;une r\u00e9duction des vitesses autoris\u00e9es et surtout dans le sens d&rsquo;un contr\u00f4le accru des vitesses pratiqu\u00e9es avec amendes et retraits de permis \u00e0 la cl\u00e9 va \u00e9videmment dans le bon sens.<\/p>\n<p>En tant que contribuable, on ne peut qu&rsquo;\u00eatre exc\u00e9d\u00e9 par le co\u00fbt faramineux pour les finances publiques des d\u00e9g\u00e2ts caus\u00e9s par une vitesse excessive sur les routes. Les \u00ab\u00a040 millions d&rsquo;automobilistes\u00a0\u00bb ou autres \u00ab\u00a0motards en col\u00e8re\u00a0\u00bb sont les v\u00e9ritables privil\u00e9gi\u00e9s et assist\u00e9s de notre soci\u00e9t\u00e9. On se croit tout permis sur la route, on veut rouler vite et faire le k\u00e9k\u00e9, puis on termine dans le d\u00e9cor ou on tue et blesse des gens, le tout financ\u00e9 par la S\u00e9cu et les imp\u00f4ts!<\/p>\n<p>\u00c7a suffit l&rsquo;incurie et les privil\u00e8ges de cette caste motoris\u00e9e qui se croit tout permis! Ils veulent continuer \u00e0 rouler \u00e0 90 pour finir amput\u00e9s, traumatis\u00e9s cr\u00e2niens ou t\u00e9trapl\u00e9giques incontinents. Libre \u00e0 eux s&rsquo;ils souhaitent d\u00e9f\u00e9quer dans des couches ou devenir impuissants!<\/p>\n<p>Le probl\u00e8me, c&rsquo;est qu&rsquo;ils passent ensuite des mois ou des ann\u00e9es \u00e0 l&rsquo;h\u00f4pital en r\u00e9\u00e9ducation aux frais de la princesse. Car, ils veulent bien rouler vite et gueuler contre les amendes et l&rsquo;Etat qui les rackette, mais on ne les entend plus quand ils finissent dans le d\u00e9cor et que leurs frais m\u00e9dicaux sont pay\u00e9s par la collectivit\u00e9!<\/p>\n<p>Et on ne parle m\u00eame pas des nombreuses fois o\u00f9 leur vitesse les am\u00e8ne \u00e0 percuter des pi\u00e9tons ou des cyclistes qui ne sont plus l\u00e0 pour gueuler, eux!<\/p>\n<p>Vous avez jusqu&rsquo;au 30 mars pour dire tout le bien que vous pensez de la limitation de vitesse \u00e0 80 km\/heure sur l&rsquo;espace participatif du groupe de travail s\u00e9natorial sur la s\u00e9curit\u00e9 routi\u00e8re.<\/p>\n<p>Faites-vous plaisir !<\/p>\n<p><strong>Consultation du public sur les cons\u00e9quences environnementales de la mesure<\/strong><\/p>\n","protected":false},"excerpt":{"rendered":"<p>Il para\u00eet que certaines personnes de l&rsquo;Ancien Monde ne souhaitent pas abaisser la vitesse de 90 km\/h \u00e0 80 km\/h sur les routes \u00e0 double sens sans s\u00e9parateur central? Mis <a class=\"more-link\" href=\"https:\/\/carfree.fr\/index.php\/2018\/03\/20\/faites-vous-plaisir\/\">Lire la suite&#8230;<\/a><\/p>\n","protected":false},"author":3,"featured_media":39461,"comment_status":"open","ping_status":"closed","sticky":false,"template":"","format":"standard","meta":[],"categories":[73,1038],"tags":[996,578,178,144],"views":6325,"_links":{"self":[{"href":"https:\/\/carfree.fr\/index.php\/wp-json\/wp\/v2\/posts\/39460"}],"collection":[{"href":"https:\/\/carfree.fr\/index.php\/wp-json\/wp\/v2\/posts"}],"about":[{"href":"https:\/\/carfree.fr\/index.php\/wp-json\/wp\/v2\/types\/post"}],"author":[{"embeddable":true,"href":"https:\/\/carfree.fr\/index.php\/wp-json\/wp\/v2\/users\/3"}],"replies":[{"embeddable":true,"href":"https:\/\/carfree.fr\/index.php\/wp-json\/wp\/v2\/comments?post=39460"}],"version-history":[{"count":0,"href":"https:\/\/carfree.fr\/index.php\/wp-json\/wp\/v2\/posts\/39460\/revisions"}],"wp:featuredmedia":[{"embeddable":true,"href":"https:\/\/carfree.fr\/index.php\/wp-json\/wp\/v2\/media\/39461"}],"wp:attachment":[{"href":"https:\/\/carfree.fr\/index.php\/wp-json\/wp\/v2\/media?parent=39460"}],"wp:term":[{"taxonomy":"category","embeddable":true,"href":"https:\/\/carfree.fr\/index.php\/wp-json\/wp\/v2\/categories?post=39460"},{"taxonomy":"post_tag","embeddable":true,"href":"https:\/\/carfree.fr\/index.php\/wp-json\/wp\/v2\/tags?post=39460"}],"curies":[{"name":"wp","href":"https:\/\/api.w.org\/{rel}","templated":true}]}}