{"id":39475,"date":"2018-03-28T09:35:44","date_gmt":"2018-03-28T08:35:44","guid":{"rendered":"http:\/\/carfree.fr\/?p=39475"},"modified":"2020-10-03T15:03:00","modified_gmt":"2020-10-03T14:03:00","slug":"jumbo-velo","status":"publish","type":"post","link":"https:\/\/carfree.fr\/index.php\/2018\/03\/28\/jumbo-velo\/","title":{"rendered":"Jumbo V\u00e9lo"},"content":{"rendered":"<p>Bon, on va parler du sujet qui f\u00e2che, \u00e0 savoir la place laiss\u00e9e aux v\u00e9los dans les trains TER de la SNCF. Avec le succ\u00e8s conjoint du TER et du v\u00e9lo pour les d\u00e9placements dits du quotidien, en l\u2019occurrence tr\u00e8s souvent les d\u00e9placements domicile-travail, il est parfois difficile de faire cohabiter v\u00e9los et voyageurs dans des trains TER souvent remplis, pour ne pas dire bond\u00e9s. <!--more--><\/p>\n<p>On ne pourra pas traiter ici tous les cas de figure, beaucoup trop nombreux, en fonction du type de mat\u00e9riel utilis\u00e9 ou des liaisons ferroviaires concern\u00e9es. Car, selon les rames, l&rsquo;organisation et la place laiss\u00e9e aux v\u00e9los sont variables et selon les liaisons ferroviaires, la situation est plus ou moins tendue.<\/p>\n<p>Ce qu&rsquo;il faut rappeler, c&rsquo;est que la conjonction TER + v\u00e9lo est r\u00e9ellement magique. Vous rejoignez la gare depuis chez vous \u00e0 v\u00e9lo, vous mettez votre v\u00e9lo dans le TER, puis vous terminez votre d\u00e9placement \u00e0 v\u00e9lo jusqu&rsquo;\u00e0 votre destination finale. Ce syst\u00e8me combine les bienfaits de la pratique du v\u00e9lo (faible co\u00fbt, activit\u00e9 physique, pas de pollution, etc.) et les avantages du train (co\u00fbt modeste pris en charge \u00e0 50% par l&#8217;employeur, ponctualit\u00e9 malgr\u00e9 les discours des \u00e9ternels m\u00e9contents, s\u00e9r\u00e9nit\u00e9 avec la possibilit\u00e9 de lire dans le train par exemple, etc.).<\/p>\n<p>L&rsquo;autre avantage d&rsquo;un tel syst\u00e8me de transport tient dans le fait qu&rsquo;il s&rsquo;agit d&rsquo;un v\u00e9ritable porte-\u00e0-porte de chez soi \u00e0 son travail. Sans avoir \u00e0 stresser dans les embouteillages, pas de difficult\u00e9 non plus pour se garer une fois arriv\u00e9 \u00e0 destination).<\/p>\n<p>Pour les plus chanceux, il est m\u00eame possible de cumuler remboursement de 50% de l&rsquo;abonnement TER par l&#8217;employeur et Indemnit\u00e9 Kilom\u00e9trique V\u00e9lo (pour la partie du trajet faite \u00e0 v\u00e9lo). Nous avions d\u00e9j\u00e0 pu voir que dans certains cas cela permet d&rsquo;obtenir<a href=\"http:\/\/carfree.fr\/index.php\/2017\/03\/07\/comment-aller-au-boulot-pour-un-euro-par-mois\/\" target=\"_blank\" rel=\"noopener\"> un co\u00fbt global du d\u00e9placement domicile-travail proche de&#8230; 0 euro!<\/a><\/p>\n<p>Tout ceci explique sans doute pourquoi beaucoup de TER sont aujourd&rsquo;hui de plus en plus pleins, malgr\u00e9 certains discours gouvernementaux sur le fait que <a href=\"http:\/\/carfree.fr\/index.php\/2018\/02\/20\/juste-une-envie-de-vomir\/\" target=\"_blank\" rel=\"noopener\">les gens seraient exc\u00e9d\u00e9s et ne prendraient plus le train<\/a>.<\/p>\n<p>Et quand il y a du monde dans le TER, il devient parfois difficile d&rsquo;y mettre son v\u00e9lo. En g\u00e9n\u00e9ral, la plupart des TER ont en France un wagon \u00e0 l&rsquo;avant ou \u00e0 l&rsquo;arri\u00e8re, voire les deux, permettant d\u2019accueillir 5 ou 6 v\u00e9los, comme sur la photo ci-dessous.<\/p>\n<p><img decoding=\"async\" loading=\"lazy\" class=\"alignnone size-full wp-image-39476\" src=\"http:\/\/carfree.fr\/img\/2018\/03\/transport-velo-ter.jpg\" alt=\"\" width=\"494\" height=\"372\" \/><\/p>\n<p>Comme on peut le voir, ce syst\u00e8me est adapt\u00e9 quand il n&rsquo;y a pas trop de monde dans le train. Car, dans le cas contraire, les voyageurs utilisent les si\u00e8ges rabattables et les places pour v\u00e9los disparaissent. Et, rapidement, des conflits d&rsquo;usage peuvent voir le jour, entre voyageurs qui veulent logiquement s&rsquo;asseoir et cyclistes qui veulent logiquement trouver une place pour leur v\u00e9lo.<\/p>\n<p><img decoding=\"async\" loading=\"lazy\" class=\"alignnone size-full wp-image-39482\" src=\"http:\/\/carfree.fr\/img\/2018\/03\/ter-picardie.jpg\" alt=\"\" width=\"450\" height=\"338\" \/><\/p>\n<p><em>Emplacement v\u00e9lo dans une rame TER Picardie (photo <a href=\"https:\/\/fr.wikipedia.org\/wiki\/X_76500\" target=\"_blank\" rel=\"noopener\">Wikip\u00e9dia<\/a>)<br \/>\n<\/em><\/p>\n<p>Plus grave, une nouvelle g\u00e9n\u00e9ration de rames TER tend \u00e0 se g\u00e9n\u00e9raliser en France depuis quelques ann\u00e9es, le R\u00e9giolis (photo ci-dessous). Ces nouveaux TER poss\u00e8dent moins de places pour les v\u00e9los, <a href=\"https:\/\/www.rue89strasbourg.com\/trains-regiolis-velos-ter-alsace-70916\" target=\"_blank\" rel=\"noopener\">ce qui suscite la col\u00e8re de nombreux cyclistes<\/a>.<\/p>\n<p><img decoding=\"async\" loading=\"lazy\" class=\"alignnone size-full wp-image-39483\" src=\"http:\/\/carfree.fr\/img\/2018\/03\/regiolis-velo.jpg\" alt=\"\" width=\"450\" height=\"300\" srcset=\"https:\/\/carfree.fr\/img\/2018\/03\/regiolis-velo.jpg 450w, https:\/\/carfree.fr\/img\/2018\/03\/regiolis-velo-400x267.jpg 400w\" sizes=\"(max-width: 450px) 100vw, 450px\" \/><\/p>\n<p><em>Emplacement v\u00e9lo dans une rame R\u00e9giolis (photo <a href=\"https:\/\/www.rue89strasbourg.com\/trains-regiolis-velos-ter-alsace-70916\" target=\"_blank\" rel=\"noopener\">Rue89<\/a>)<\/em><\/p>\n<p>Ce nouveau syst\u00e8me ne permet de prendre que trois v\u00e9los au maximum, empil\u00e9s les uns sur les autres, ce qui suscite des probl\u00e8mes quand on veut sortir son v\u00e9lo et qu&rsquo;il est situ\u00e9 tout au fond. Par ailleurs, \u00e0 l&rsquo;heure de pointe, les v\u00e9los d\u00e9bordent sur les parties communes et les espaces de circulation, provoquant la g\u00eane des usagers et des cyclistes.<\/p>\n<p>On peut quand m\u00eame s&rsquo;interroger sur les choix de la SNCF et des r\u00e9gions qui mettent en place de telles rames alors que la pratique du TER + v\u00e9lo est clairement en hausse depuis quelques ann\u00e9es.<\/p>\n<p>Apparemment, il s&rsquo;agit d&rsquo;un choix assum\u00e9 et d\u00e9lib\u00e9r\u00e9 consistant \u00e0 d\u00e9courager le transport des v\u00e9los dans les TER. L&rsquo;id\u00e9e serait d&rsquo;inciter les cyclistes \u00e0 poss\u00e9der deux v\u00e9los : un \u00e0 la gare de d\u00e9part, et l\u2019autre, \u00e0 la gare d\u2019arriv\u00e9e. Cette pratique est courante en Suisse ou en Allemagne. Elles sont gentilles les r\u00e9gions et la SNCF, mais dans ces pays, \u00e0 la diff\u00e9rence de la France, il y a de tr\u00e8s vastes et s\u00e9curis\u00e9s parkings v\u00e9lo dans les gares! Donc, avant de pousser les gens \u00e0 avoir deux v\u00e9los pour ne pas avoir \u00e0 le mettre dans le TER, il serait peut-\u00eatre n\u00e9cessaire de construire des parkings v\u00e9lo de qualit\u00e9!<\/p>\n<p>Personnellement, j&rsquo;ai r\u00e9solu la question en utilisant un v\u00e9lo pliant. Quand il y a peu de monde, je l&rsquo;attache ou je le pose l\u00e0 o\u00f9 il y a de la place et d\u00e8s que cela se remplit, je le plie et le transporte comme un bagage \u00e0 main. L&rsquo;int\u00e9r\u00eat d&rsquo;un v\u00e9lo pliant tient aussi dans le fait qu&rsquo;il est en g\u00e9n\u00e9ral moins lourd et moins encombrant qu&rsquo;un v\u00e9lo normal.<\/p>\n<p>Ceci dit, les v\u00e9los pliants \u00e9tant quand m\u00eame plus chers que la moyenne et tout le monde ne voulant pas forc\u00e9ment un v\u00e9lo pliant, il y a d\u00e9sormais de plus en plus souvent un probl\u00e8me de place pour les v\u00e9los dans les TER.<\/p>\n<p>Sur certaines lignes, durant la saison estivale propice au cyclo-tourisme, le probl\u00e8me devient parfois tellement aigu que les contr\u00f4leurs refusent les v\u00e9los, <a href=\"http:\/\/carfree.fr\/index.php\/2014\/08\/26\/des-cyclistes-prennent-dassaut-un-train-et-creent-un-debut-demeute\/\" target=\"_blank\" rel=\"noopener\">provoquant parfois des d\u00e9buts d&rsquo;\u00e9meute sur les quais<\/a>.<\/p>\n<p>Dans certaines r\u00e9gions, le probl\u00e8me semble avoir \u00e9t\u00e9 pris en compte avec la mise en circulation durant l&rsquo;\u00e9t\u00e9 d&rsquo;un mat\u00e9riel ferroviaire adapt\u00e9 permettant de faire circuler de nombreux v\u00e9los. C&rsquo;est ainsi le cas dans les Pays-de-la-Loire, o\u00f9 un ancien fourgon postal des anciens trains Corail avait \u00e9t\u00e9 achet\u00e9 en 2011 puis r\u00e9nov\u00e9 par les deux r\u00e9gions Centre et Pays de La Loire afin d&rsquo;assurer la circulation des v\u00e9los durant l&rsquo;\u00e9t\u00e9.<\/p>\n<p><img decoding=\"async\" loading=\"lazy\" class=\"alignnone size-full wp-image-39477\" src=\"http:\/\/carfree.fr\/img\/2018\/03\/ter-interloire.jpg\" alt=\"\" width=\"450\" height=\"338\" \/><\/p>\n<p>Selon le site de l&rsquo;AF3V Centre-Val de Loire, ce Train V\u00e9lo Loire conna\u00eet un grand succ\u00e8s depuis 2011. En 2014, ce sont 8636 v\u00e9los qui ont \u00e9t\u00e9 charg\u00e9s. Deux agents SNCF r\u00e9ceptionnent les v\u00e9los par des goulottes puis assurent leur rangement (photo ci-dessus). Le cycliste peut alors entrer dans la voiture voyageurs attenante sans se soucier de son mat\u00e9riel. Tous les types de v\u00e9los sont accept\u00e9s mais ne doivent pas d\u00e9passer la taille du tandem. La capacit\u00e9 maximale est de 37 v\u00e9los pour ce fourgon v\u00e9lo, mais il y a d\u2019autres places gratuites tout au long de la rame habituelle Interloire (six places au total). Ce qui encourage les responsables r\u00e9gionaux, c\u2019est la grande satisfaction des usagers: elle se situe aux alentours de 99% des personnes sond\u00e9es.<\/p>\n<p><img decoding=\"async\" loading=\"lazy\" class=\"alignnone size-full wp-image-39478\" src=\"http:\/\/carfree.fr\/img\/2018\/03\/velo-train.jpg\" alt=\"\" width=\"512\" height=\"384\" \/><\/p>\n<p><em>Fourgon v\u00e9lo du Train V\u00e9lo Loire (photo AF3V Centre-Val de Loire)<\/em><\/p>\n<p>Comme on peut le voir, on est un peu dans le bricolage, avec la r\u00e9cup\u00e9ration d&rsquo;un ancien wagon Corail destin\u00e9 \u00e0 l&rsquo;origine au trafic postal! Ceci dit, cela semble fonctionner et si les usagers sont contents&#8230; Par contre, si un tel syst\u00e8me peut \u00eatre adapt\u00e9 au transport des v\u00e9los en mode loisir-tourisme, cela semble peu cr\u00e9dible dans une optique d\u00e9placements domicile-travail.<\/p>\n<p>La mauvaise nouvelle, c&rsquo;est que ce syst\u00e8me a pris fin en 2017. La bonne nouvelle, c&rsquo;est qu&rsquo;on va d\u00e9sormais changer d&rsquo;\u00e9chelle avec la mise en place d&rsquo;un tout nouveau mat\u00e9riel pens\u00e9 d\u00e8s l&rsquo;origine pour le v\u00e9lo ou presque.<\/p>\n<p><img decoding=\"async\" loading=\"lazy\" class=\"alignnone size-full wp-image-39479\" src=\"http:\/\/carfree.fr\/img\/2018\/03\/regio2N.jpg\" alt=\"\" width=\"522\" height=\"227\" \/><\/p>\n<p><strong>TER \u00ab\u00a0Jumbo V\u00e9lo\u00a0\u00bb<\/strong><\/p>\n<p>La R\u00e9gion des Pays de la Loire a en effet fait l\u2019acquisition de 13 R\u00e9gio2N V200 (photo ci-dessus). Premier mat\u00e9riel r\u00e9gional automoteur \u00e9lectrique \u00e0 deux niveaux apte \u00e0 rouler \u00e0 la vitesse de 200 km\/h en France, il sera en plus dot\u00e9 de l\u2019option \u00ab\u00a0Jumbo V\u00e9lo\u00a0\u00bb qui lui permettra d\u2019embarquer 50 v\u00e9los ! Il fera ses premiers tours de roue sur la desserte Interloire au second trimestre 2018.<\/p>\n<p>Ce mat\u00e9riel de nouvelle g\u00e9n\u00e9ration comporte 501 places assises, soit pr\u00e8s de 50 % de plus que la plus capacitaire des rames actuellement en circulation en Pays de la Loire. Ses caract\u00e9ristiques uniques en font un v\u00e9ritable mat\u00e9riel \u00ab couteau suisse\u00a0\u00bb, lui permettant d\u2019assurer des liaisons intervilles rapides comme des dessertes p\u00e9riurbaines.<\/p>\n<p>La R\u00e9gion des Pays de la Loire finance l&rsquo;acquisition de 13 rames de ce type pour un montant de 159 millions d&rsquo;euros. En configuration standard, chaque rame proposera 9 accroches v\u00e9lo permanentes.\u00a0 Mais pour assurer le service Train V\u00e9lo Loire et proposer une capacit\u00e9 d\u2019emport tr\u00e8s sup\u00e9rieure, il a \u00e9t\u00e9 demand\u00e9 au constructeur Bombardier de d\u00e9velopper une option tr\u00e8s innovante, permettant d\u2019augmenter significativement le nombre d\u2019emplacements v\u00e9los en retirant des si\u00e8ges durant l\u2019\u00e9t\u00e9. Un choix technique totalement in\u00e9dit.<\/p>\n<p>La configuration \u00ab\u00a0Jumbo V\u00e9lo\u00a0\u00bb, pour laquelle la R\u00e9gion a investi 3 millions d&rsquo;euros, consiste \u00e0 d\u00e9poser un total de 84 si\u00e8ges dans la rame, pour les remplacer par 41 emplacements v\u00e9los suppl\u00e9mentaires. Dans cette configuration, chaque rame R\u00e9gio2N V200 pourra transporter 50 v\u00e9los ! Les cinq rames concern\u00e9es seront transform\u00e9es en d\u00e9but et en fin de saison, en centre de maintenance.<\/p>\n<p>Et pour accompagner les importants flux de voyageurs et de cyclotouristes rencontr\u00e9s lors des grands week-ends estivaux, les R\u00e9gio2N V200 en configuration Jumbo V\u00e9lo pourraient \u00e9galement circuler en unit\u00e9 double.<\/p>\n<p>Comme on peut le voir, il s&rsquo;agit d&rsquo;une solution adapt\u00e9e par rapport aux possibilit\u00e9s modulables offertes par ce mat\u00e9riel ferroviaire. Elle r\u00e9pond essentiellement \u00e0 un besoin saisonnier li\u00e9 au trafic v\u00e9lo durant l&rsquo;\u00e9t\u00e9 dans les Pays-de-la-Loire.<\/p>\n<p>Ceci dit, une telle solution a de quoi faire r\u00eaver beaucoup de cyclistes pendulaires qui utilisent le TER tous les jours. Imaginez un seul instant que le TER qui vous prend tous les matins poss\u00e8de 50 places de v\u00e9los! Comparez avec votre TER habituel et&#8230; pleurez!<\/p>\n<p>Certains diront peut-\u00eatre que 50 places de v\u00e9los, c&rsquo;est trop pour un TER \u00ab\u00a0normal\u00a0\u00bb dans le cadre des d\u00e9placements intervilles ou de dessertes p\u00e9riurbaines, avec le risque qu&rsquo;une bonne partie de ces places restent vides.<\/p>\n<p>Mais, il faut \u00e0 un moment donn\u00e9 savoir ce que l&rsquo;on veut. Si on souhaite d\u00e9velopper r\u00e9ellement la pratique du v\u00e9lo urbain, en particulier pour les d\u00e9placements domicile-travail, il faut cr\u00e9er une offre attractive qui passe par la garantie donn\u00e9e aux usagers qu&rsquo;ils pourront chaque matin mettre sans probl\u00e8me leur v\u00e9lo dans le TER.<\/p>\n<p>En mati\u00e8re de transport, une r\u00e9elle politique de l&rsquo;offre peut faire la diff\u00e9rence. Construisez des autoroutes et les gens&#8230; prendront leur voiture! Faites circuler des TER \u00ab\u00a0Jumbo v\u00e9lo\u00a0\u00bb et les gens&#8230; prendront leur v\u00e9lo!<\/p>\n","protected":false},"excerpt":{"rendered":"<p>Bon, on va parler du sujet qui f\u00e2che, \u00e0 savoir la place laiss\u00e9e aux v\u00e9los dans les trains TER de la SNCF. Avec le succ\u00e8s conjoint du TER et du <a class=\"more-link\" href=\"https:\/\/carfree.fr\/index.php\/2018\/03\/28\/jumbo-velo\/\">Lire la suite&#8230;<\/a><\/p>\n","protected":false},"author":37,"featured_media":39481,"comment_status":"open","ping_status":"closed","sticky":false,"template":"","format":"standard","meta":[],"categories":[8,7],"tags":[1709,646,120,215,408,386,119,131,1664],"views":12479,"_links":{"self":[{"href":"https:\/\/carfree.fr\/index.php\/wp-json\/wp\/v2\/posts\/39475"}],"collection":[{"href":"https:\/\/carfree.fr\/index.php\/wp-json\/wp\/v2\/posts"}],"about":[{"href":"https:\/\/carfree.fr\/index.php\/wp-json\/wp\/v2\/types\/post"}],"author":[{"embeddable":true,"href":"https:\/\/carfree.fr\/index.php\/wp-json\/wp\/v2\/users\/37"}],"replies":[{"embeddable":true,"href":"https:\/\/carfree.fr\/index.php\/wp-json\/wp\/v2\/comments?post=39475"}],"version-history":[{"count":0,"href":"https:\/\/carfree.fr\/index.php\/wp-json\/wp\/v2\/posts\/39475\/revisions"}],"wp:featuredmedia":[{"embeddable":true,"href":"https:\/\/carfree.fr\/index.php\/wp-json\/wp\/v2\/media\/39481"}],"wp:attachment":[{"href":"https:\/\/carfree.fr\/index.php\/wp-json\/wp\/v2\/media?parent=39475"}],"wp:term":[{"taxonomy":"category","embeddable":true,"href":"https:\/\/carfree.fr\/index.php\/wp-json\/wp\/v2\/categories?post=39475"},{"taxonomy":"post_tag","embeddable":true,"href":"https:\/\/carfree.fr\/index.php\/wp-json\/wp\/v2\/tags?post=39475"}],"curies":[{"name":"wp","href":"https:\/\/api.w.org\/{rel}","templated":true}]}}