{"id":39498,"date":"2018-04-05T08:56:17","date_gmt":"2018-04-05T07:56:17","guid":{"rendered":"http:\/\/carfree.fr\/?p=39498"},"modified":"2018-04-05T08:56:17","modified_gmt":"2018-04-05T07:56:17","slug":"pollution-automobile-a-quand-la-mise-aux-normes-obligatoire-comme-dans-lhabitat","status":"publish","type":"post","link":"https:\/\/carfree.fr\/index.php\/2018\/04\/05\/pollution-automobile-a-quand-la-mise-aux-normes-obligatoire-comme-dans-lhabitat\/","title":{"rendered":"Pollution automobile : \u00e0 quand la mise aux normes obligatoire comme dans l&rsquo;habitat?"},"content":{"rendered":"<p>En mati\u00e8re d\u2019habitat, les particuliers et les entreprises sont tenus de se mettre \u00ab aux normes \u00bb, en conformit\u00e9, afin de pr\u00e9venir les risques sanitaires. <!--more--><\/p>\n<p>L\u2019assainissement, l\u2019amiante, le plomb, l\u2019\u00e9lectricit\u00e9 sont notamment concern\u00e9s.<\/p>\n<p>En mati\u00e8re de mobilit\u00e9, rien de tel n\u2019est pr\u00e9vu. Un particulier ou une entreprise peut en effet circuler en ville avec un v\u00e9hicule diesel* particuli\u00e8rement \u00e9metteur de gaz et de particules toxiques, \u00e0 divers degr\u00e9s selon l\u2019anciennet\u00e9 du v\u00e9hicule, sans \u00eatre contraint(e) de le remplacer (*gaz class\u00e9s canc\u00e9rog\u00e8nes certains par l\u2019OMS).<\/p>\n<p>Pourtant, l\u2019article R318-1 du code de la route pr\u00e9voit que \u00ab <strong>les v\u00e9hicules \u00e0 moteur ne doivent pas \u00e9mettre de fum\u00e9es, de gaz toxiques, corrosifs ou odorants, dans des conditions susceptibles d\u2019incommoder la population ou de compromettre la sant\u00e9 et la s\u00e9curit\u00e9 publiques. \u00bb \u00ab L\u2019immobilisation peut \u00eatre prescrite dans ce cas.<\/strong> \u00bb<\/p>\n<p>Si cette disposition du code de la route \u00e9tait appliqu\u00e9e, la plupart des v\u00e9hicules diesel seraient immobilis\u00e9s !<\/p>\n<p>Pourquoi ne pas \u00e9tendre l\u2019obligation de mise aux normes aux v\u00e9hicules ?<\/p>\n<p>Ce serait une mesure forte de protection des populations par une nette am\u00e9lioration de la qualit\u00e9 de l\u2019air. Celle-ci s\u2019accompagnerait bien s\u00fbr d\u2019une aide financi\u00e8re aux foyers les plus modestes et n\u00e9cessiterait une r\u00e9organisation des fili\u00e8res industrielles de mobilit\u00e9.<\/p>\n<p>A quand la d\u00e9dieselisation comme le d\u00e9samiantage ?  <\/p>\n","protected":false},"excerpt":{"rendered":"<p>En mati\u00e8re d\u2019habitat, les particuliers et les entreprises sont tenus de se mettre \u00ab aux normes \u00bb, en conformit\u00e9, afin de pr\u00e9venir les risques sanitaires.<\/p>\n","protected":false},"author":1599,"featured_media":39523,"comment_status":"open","ping_status":"closed","sticky":false,"template":"","format":"standard","meta":[],"categories":[1037],"tags":[193,163,134,33,320],"views":6813,"_links":{"self":[{"href":"https:\/\/carfree.fr\/index.php\/wp-json\/wp\/v2\/posts\/39498"}],"collection":[{"href":"https:\/\/carfree.fr\/index.php\/wp-json\/wp\/v2\/posts"}],"about":[{"href":"https:\/\/carfree.fr\/index.php\/wp-json\/wp\/v2\/types\/post"}],"author":[{"embeddable":true,"href":"https:\/\/carfree.fr\/index.php\/wp-json\/wp\/v2\/users\/1599"}],"replies":[{"embeddable":true,"href":"https:\/\/carfree.fr\/index.php\/wp-json\/wp\/v2\/comments?post=39498"}],"version-history":[{"count":0,"href":"https:\/\/carfree.fr\/index.php\/wp-json\/wp\/v2\/posts\/39498\/revisions"}],"wp:featuredmedia":[{"embeddable":true,"href":"https:\/\/carfree.fr\/index.php\/wp-json\/wp\/v2\/media\/39523"}],"wp:attachment":[{"href":"https:\/\/carfree.fr\/index.php\/wp-json\/wp\/v2\/media?parent=39498"}],"wp:term":[{"taxonomy":"category","embeddable":true,"href":"https:\/\/carfree.fr\/index.php\/wp-json\/wp\/v2\/categories?post=39498"},{"taxonomy":"post_tag","embeddable":true,"href":"https:\/\/carfree.fr\/index.php\/wp-json\/wp\/v2\/tags?post=39498"}],"curies":[{"name":"wp","href":"https:\/\/api.w.org\/{rel}","templated":true}]}}