{"id":3950,"date":"2009-07-26T19:30:33","date_gmt":"2009-07-26T18:30:33","guid":{"rendered":"http:\/\/carfree.fr\/?p=3950"},"modified":"2020-08-14T14:32:27","modified_gmt":"2020-08-14T13:32:27","slug":"fin-du-petrole-non-aux-sables-bitumineux","status":"publish","type":"post","link":"https:\/\/carfree.fr\/index.php\/2009\/07\/26\/fin-du-petrole-non-aux-sables-bitumineux\/","title":{"rendered":"Fin du p\u00e9trole: non aux sables bitumineux!"},"content":{"rendered":"<p><img decoding=\"async\" loading=\"lazy\" title=\"sables-bitumineux\" src=\"http:\/\/carfree.fr\/images\/sables-bitumineux.jpg\" alt=\"sables-bitumineux\" width=\"420\" height=\"200\" \/><\/p>\n<p>Les Premiers ministres des provinces et des territoires du Canada se r\u00e9unissent \u00e0 R\u00e9gina, du 5 au 7 ao\u00fbt prochain, dans le cadre du Conseil de la f\u00e9d\u00e9ration canadienne. Ils y discuteront des efforts du Canada pour r\u00e9duire les \u00e9missions de gaz \u00e0 effet de serre et lutter contre le r\u00e9chauffement de la plan\u00e8te. Ces efforts se trouvent aujourd&rsquo;hui compl\u00e8tement paralys\u00e9s par l&rsquo;opposition de l&rsquo;Alberta \u00e0 tout ce qui ralentirait le d\u00e9veloppement de l&rsquo;industrie des <a title=\"http:\/\/carfree.fr\/index.php\/2008\/06\/20\/sables-bitumineux-du-canada-du-petrole-a-nimporte-quel-prix\/\" href=\"http:\/\/carfree.fr\/index.php\/2008\/06\/20\/sables-bitumineux-du-canada-du-petrole-a-nimporte-quel-prix\/\" target=\"_self\">sables bitumineux<\/a>, l&rsquo;une des plus polluantes au monde et la principale cause de la croissance des \u00e9missions de gaz \u00e0 effet de serre au Canada.<!--more--><\/p>\n<p>Le gouvernement f\u00e9d\u00e9ral canadien travaille aussi \u00e0 mettre en place un march\u00e9 du carbone pour encadrer les \u00e9missions des grands secteurs industriels. Il cherche \u00e0 donner un traitement de faveur \u00e0 l&rsquo;industrie des sables bitumineux pour lui permettre de cro\u00eetre et d&rsquo;augmenter ses \u00e9missions, qui devraient tripler d&rsquo;ici 2020. Cela veut dire que tous les autres secteurs devront r\u00e9duire encore davantage leurs \u00e9missions pour compenser ce traitement de faveur donn\u00e9 \u00e0 l&rsquo;Alberta et aux sables bitumineux.<\/p>\n<p>La rencontre du Conseil de la f\u00e9d\u00e9ration sera l&rsquo;occasion pour le Premier ministre qu\u00e9becois Jean Charest d&rsquo;envoyer un message clair au Premier ministre de l&rsquo;Alberta, Ed Stelmach, et au Premier ministre du Canada, Stephen Harper: les provinces comme le Qu\u00e9bec n&rsquo;acceptent pas que le d\u00e9veloppement des sables bitumeux efface leurs efforts dans la lutte aux changements climatiques. Tout le monde doit faire sa part, y compris l&rsquo;Alberta et les autres provinces p\u00e9troli\u00e8res.<\/p>\n","protected":false},"excerpt":{"rendered":"<p>Les Premiers ministres des provinces et des territoires du Canada se r\u00e9unissent \u00e0 R\u00e9gina, du 5 au 7 ao\u00fbt prochain, dans le cadre du Conseil de la f\u00e9d\u00e9ration canadienne. Ils <a class=\"more-link\" href=\"https:\/\/carfree.fr\/index.php\/2009\/07\/26\/fin-du-petrole-non-aux-sables-bitumineux\/\">Lire la suite&#8230;<\/a><\/p>\n","protected":false},"author":41,"featured_media":3951,"comment_status":"open","ping_status":"open","sticky":false,"template":"","format":"standard","meta":[],"categories":[6,124],"tags":[359,57,612,55,594,1663,595,81,61,54,33,210,801,164],"views":4750,"_links":{"self":[{"href":"https:\/\/carfree.fr\/index.php\/wp-json\/wp\/v2\/posts\/3950"}],"collection":[{"href":"https:\/\/carfree.fr\/index.php\/wp-json\/wp\/v2\/posts"}],"about":[{"href":"https:\/\/carfree.fr\/index.php\/wp-json\/wp\/v2\/types\/post"}],"author":[{"embeddable":true,"href":"https:\/\/carfree.fr\/index.php\/wp-json\/wp\/v2\/users\/41"}],"replies":[{"embeddable":true,"href":"https:\/\/carfree.fr\/index.php\/wp-json\/wp\/v2\/comments?post=3950"}],"version-history":[{"count":0,"href":"https:\/\/carfree.fr\/index.php\/wp-json\/wp\/v2\/posts\/3950\/revisions"}],"wp:featuredmedia":[{"embeddable":true,"href":"https:\/\/carfree.fr\/index.php\/wp-json\/"}],"wp:attachment":[{"href":"https:\/\/carfree.fr\/index.php\/wp-json\/wp\/v2\/media?parent=3950"}],"wp:term":[{"taxonomy":"category","embeddable":true,"href":"https:\/\/carfree.fr\/index.php\/wp-json\/wp\/v2\/categories?post=3950"},{"taxonomy":"post_tag","embeddable":true,"href":"https:\/\/carfree.fr\/index.php\/wp-json\/wp\/v2\/tags?post=3950"}],"curies":[{"name":"wp","href":"https:\/\/api.w.org\/{rel}","templated":true}]}}