{"id":39542,"date":"2018-04-23T08:50:14","date_gmt":"2018-04-23T07:50:14","guid":{"rendered":"http:\/\/carfree.fr\/?p=39542"},"modified":"2018-06-25T09:51:03","modified_gmt":"2018-06-25T08:51:03","slug":"un-lecteur-dautoplus-nous-ecrit","status":"publish","type":"post","link":"https:\/\/carfree.fr\/index.php\/2018\/04\/23\/un-lecteur-dautoplus-nous-ecrit\/","title":{"rendered":"Un lecteur d&rsquo;Autoplus nous \u00e9crit"},"content":{"rendered":"<p>Apparemment, nous avons fait r\u00e9cemment les honneurs du magazine de r\u00e9f\u00e9rence en mati\u00e8re automobile, \u00e0 savoir Autoplus. Vous vous doutez bien que si Autoplus parle de Carfree, ce n&rsquo;est pas vraiment pour en dire du bien, mais cela nous fait malgr\u00e9 tout une certaine publicit\u00e9. Des lecteurs d&rsquo;Autoplus viennent ensuite sur Carfree et d\u00e9couvrent&#8230; un autre monde. Suite \u00e0 cette \u00ab\u00a0d\u00e9couverte\u00a0\u00bb, un lecteur d&rsquo;Autoplus nous a \u00e9crit&#8230; <!--more--><\/p>\n<p><em><\/p>\n<p>Bonjour, je me permet de vous faire un message pour vous faire part de mon agr\u00e9able d\u00e9couverte de votre site, par le pur des hasard, comme quoi, il n&rsquo;y a pas de mauvaise pub.<\/p>\n<p>Toutes les semaines, plus pour des besoins professionnels, que par adh\u00e9sion \u00e0 leurs id\u00e9es, je lis Autoplus. Et cette semaine dans un article sur l\u2019ins\u00e9curit\u00e9 routi\u00e8re, ils \u00e9voquent votre site et comme vous vous en doutez, ce n&rsquo;est pas pour appuyer vos id\u00e9es qu&rsquo;ils parlent de vous. Je suis venu vous lire, par curiosit\u00e9 pour opposer vos id\u00e9es aux leurs; et j&rsquo;ai \u00e9t\u00e9 agr\u00e9ablement surpris.<\/p>\n<p>J&rsquo;ai lu l&rsquo;article sur <a href=\"http:\/\/carfree.fr\/index.php\/2018\/04\/10\/violence-motorisee\/\" rel=\"noopener\" target=\"_blank\">la violence des motoris\u00e9s<\/a>, parlant des insultes des plus gros sur les petits; des d\u00e9lits de fuites et de cette mauvaise presse qui parle d'\u00a0\u00bbune voiture qui \u00e9crase un pi\u00e9ton\u00a0\u00bb J&rsquo;\u00e9tais tr\u00e8s content de lire un article qui pointe du doigt, non pas l&rsquo;automobile mais le comportement de ses usagers. Je suis un passionn\u00e9 d&rsquo;automobiles, je suis particuli\u00e8rement attentif aux d\u00e9bats la concernant, notamment sur la s\u00e9curit\u00e9 et l&rsquo;\u00e9cologie. Je suis convaincu que cette passion peut continuer de vivre, \u00e0 condition qu&rsquo;elle soit en ad\u00e9quation avec les moeurs de la soci\u00e9t\u00e9 actuelle. <\/p>\n<p>Je suis content de lire un autre son de cloche, un article qui d\u00e9nonce les comportements agressifs et criminels de certains automobilistes, qui en plus sont soutenus par Autoplus, qui vous donne toutes les combines pour passer entre les mailles du filet. Je suis par exemple choqu\u00e9, que moyennant finance, un chauffard puisse r\u00e9cup\u00e9rer des points sur son permis et continuer \u00e0 rouler, sous pr\u00e9texte de garder son travail et de faire du tord au reste des usagers de la route. Je soutiens compl\u00e8tement la volont\u00e9 des citadins de faire des centres villes un lieux de vie agr\u00e9able \u00e0 vivre, \u00e0 respirer et \u00e0 se d\u00e9placer; et \u00e7a passe naturellement par une restriction d&rsquo;engins motoris\u00e9s. Mais je suis choqu\u00e9 de la m\u00e9thode Crit Air, c&rsquo;est \u00e0 dire qu&rsquo;en payant l&rsquo;amende on peut passer au travers de ces restrictions, sous le pr\u00e9texte \u00ab\u00a0je travaille.\u00a0\u00bb <\/p>\n<p>C&rsquo;est d&rsquo;autant plus frustrant pour quelqu&rsquo;un de passionn\u00e9 comme moi, qui doit \u00eatre, je l&rsquo;imagine la premi\u00e8re la cible des anti-autos, alors que pourtant je fais partit de ceux qui pr\u00f4nent le penser la voiture autrement. Je suis convaincu que c&rsquo;est sur le comportement et les bonnes pratiques au volant qu&rsquo;il faut travailler pour avoir des r\u00e9sultats efficaces. Je suis contre les 80 km\/h sur les nationales; mais je ne partage pas le mouvement contestataire de cette mesure car les arguments sont trop souvent compl\u00e8tement cons pour \u00eatre cr\u00e9dibles. Quand on entend un pr\u00e9fet de r\u00e9gion expliquer qu&rsquo;en roulant \u00e0 80, les gens seront encore plus impatients, vont somnoler etc&#8230; J&rsquo;ai les poils qui se dressent, car pour moi il faut faire comprendre, que derri\u00e8re un volant, on a une responsabilit\u00e9. Que ce n&rsquo;est pas le tout de se conformer \u00e0 la vitesse demand\u00e9e pour \u00eatre un bon conducteur. Comme vous les d\u00e9crivez si bien dans l&rsquo;article avec la phrase \u00a0\u00bbje ne vous avais pas vu\u00a0\u00bb. <\/p>\n<p>C&rsquo;est bien dommage que la presse automobile ne vous rabaisse qu&rsquo;\u00e0 une r\u00f4le de parasites et qu&rsquo;elle ne vous offre pas une tribune digne de ce nom. Je ne sais pas combien il y a de lecteurs d&rsquo;Autoplus chaque semaine, combien ont fait la m\u00eame d\u00e9marche que moi ce matin et combien aurait partag\u00e9 vos id\u00e9es; mais c&rsquo;est regrettable qu&rsquo;ils ne vous donne pas les moyens d&rsquo;exposer vos id\u00e9es. C&rsquo;est avec ce genre de d\u00e9bat qu&rsquo;on avance et qu&rsquo;on peut changer les choses.<\/p>\n<p>Je vous prie d&rsquo;agr\u00e9er mes sinc\u00e8res salutations.<\/em><\/p>\n","protected":false},"excerpt":{"rendered":"<p>Apparemment, nous avons fait r\u00e9cemment les honneurs du magazine de r\u00e9f\u00e9rence en mati\u00e8re automobile, \u00e0 savoir Autoplus. Vous vous doutez bien que si Autoplus parle de Carfree, ce n&rsquo;est pas <a class=\"more-link\" href=\"https:\/\/carfree.fr\/index.php\/2018\/04\/23\/un-lecteur-dautoplus-nous-ecrit\/\">Lire la suite&#8230;<\/a><\/p>\n","protected":false},"author":3,"featured_media":39544,"comment_status":"open","ping_status":"closed","sticky":false,"template":"","format":"standard","meta":[],"categories":[73,1038],"tags":[1709,846,926,263,41,845,178,144],"views":8004,"_links":{"self":[{"href":"https:\/\/carfree.fr\/index.php\/wp-json\/wp\/v2\/posts\/39542"}],"collection":[{"href":"https:\/\/carfree.fr\/index.php\/wp-json\/wp\/v2\/posts"}],"about":[{"href":"https:\/\/carfree.fr\/index.php\/wp-json\/wp\/v2\/types\/post"}],"author":[{"embeddable":true,"href":"https:\/\/carfree.fr\/index.php\/wp-json\/wp\/v2\/users\/3"}],"replies":[{"embeddable":true,"href":"https:\/\/carfree.fr\/index.php\/wp-json\/wp\/v2\/comments?post=39542"}],"version-history":[{"count":0,"href":"https:\/\/carfree.fr\/index.php\/wp-json\/wp\/v2\/posts\/39542\/revisions"}],"wp:featuredmedia":[{"embeddable":true,"href":"https:\/\/carfree.fr\/index.php\/wp-json\/wp\/v2\/media\/39544"}],"wp:attachment":[{"href":"https:\/\/carfree.fr\/index.php\/wp-json\/wp\/v2\/media?parent=39542"}],"wp:term":[{"taxonomy":"category","embeddable":true,"href":"https:\/\/carfree.fr\/index.php\/wp-json\/wp\/v2\/categories?post=39542"},{"taxonomy":"post_tag","embeddable":true,"href":"https:\/\/carfree.fr\/index.php\/wp-json\/wp\/v2\/tags?post=39542"}],"curies":[{"name":"wp","href":"https:\/\/api.w.org\/{rel}","templated":true}]}}