{"id":39545,"date":"2018-04-24T09:05:16","date_gmt":"2018-04-24T08:05:16","guid":{"rendered":"http:\/\/carfree.fr\/?p=39545"},"modified":"2021-01-14T15:00:05","modified_gmt":"2021-01-14T14:00:05","slug":"armes-chimiques-parlons-en","status":"publish","type":"post","link":"https:\/\/carfree.fr\/index.php\/2018\/04\/24\/armes-chimiques-parlons-en\/","title":{"rendered":"Armes chimiques, parlons-en !"},"content":{"rendered":"<p>En avril 2018, les journalistes m\u00e9dus\u00e9s informaient les t\u00e9l\u00e9spectateurs fran\u00e7ais qu\u2019une \u00ab\u00a0<em>attaque chimique perp\u00e9tr\u00e9e par le r\u00e9gime syrien<\/em>\u00a0\u00bb avait eu lieu contre des populations civiles de la\u00a0ville de Douma, dernier\u00a0bastion islamiste du secteur de la Ghouta orientale en p\u00e9riph\u00e9rie de Damas\u2026 Pour les puissances militaires occidentales d\u00e9finissant les \u00ab\u00a0axes du bien et du mal\u00a0\u00bb \u00e0 la surface de la Terre depuis le premier partage du monde durant la Grande Guerre, il y a eu la faute grave du fameux \u00ab\u00a0<em>franchissement d\u2019une ligne rouge,<\/em>\u00a0\u00bb justifiant en punition une frappe conventionnelle. Une centaine de missiles sanctions furent donc tir\u00e9s par les Etats-Unis, la France et l\u2019Angleterre. <!--more--><\/p>\n<p>Le lendemain, devant les d\u00e9put\u00e9s, le premier ministre Edouard Philippe se f\u00e9licitait du \u00ab\u00a0<em>succ\u00e8s op\u00e9rationnel<\/em>\u00a0\u00bb de la frappe militaire men\u00e9e par la France, les Etats-Unis et la Grande-Bretagne le 14\u00a0avril. L\u2019honneur du \u00ab\u00a0<em>Monde libre<\/em>\u00a0\u00bb \u00e9tait symboliquement sauv\u00e9 par une salve de missiles.<\/p>\n<p>Mais de qui se moque-t-on\u00a0? Et de quoi parle-t-on au juste en mati\u00e8re d\u2019arme chimique\u00a0?<\/p>\n<p>Qu\u2019on se souvienne du d\u00e9luge de feux et d\u2019armes chimiques d\u00e9vers\u00e9s dix ans durant au cours de la Guerre du Vietnam par les Etats-Unis et dont les cons\u00e9quences environnementales et sanitaires persistent encore aujourd\u2019hui\u2026 Au-del\u00e0 des centaines de milliers de victimes humaines, c\u2019est \u00e0 la suite du d\u00e9sastre environnemental de cette guerre chimique des Etats-Unis que le biologiste Arthur W. Galston et le juriste Richard A. Falk d\u00e9finirent le nouveau \u00ab\u00a0<em>crime d\u2019\u00e9cocide<\/em>.\u00a0\u00bb<\/p>\n<p>Mais l\u00e0 n\u2019est pas notre propos\u00a0; car depuis il y a pire, la chimie de guerre a triomph\u00e9 avec une reconversion parfaite, totale et licite dans le civil.<\/p>\n<p><strong>Macron en accusation<\/strong><\/p>\n<p>En mati\u00e8re d\u2019armes chimiques, la France a-t-elle des le\u00e7ons \u00e0 donner \u00e0 la Syrie\u00a0? Mais aussi, l\u2019Etat fran\u00e7ais a-t-il des le\u00e7ons de d\u00e9mocratie \u00e0 donner au r\u00e9gime syrien\u00a0?<\/p>\n<p>La r\u00e9ponse est \u00ab\u00a0non\u00a0!\u00a0\u00bb aux deux questions.<\/p>\n<p>D\u2019abord, une pr\u00e9cision importante s\u2019impose\u00a0: il n\u2019y a aucune preuve formelle pour affirmer que le r\u00e9gime syrien ait utilis\u00e9 de telles armes contre son peuple. Ensuite, il faut constater que la France n\u2019est pas \u00e0 citer en exemple\u00a0; \u00e0 sa mani\u00e8re, elle utilise aussi des armes de ce type avec une mortalit\u00e9 non n\u00e9gligeable et l\u00e0 les preuves sont formelles et accablantes.<\/p>\n<p>Pour la Syrie, en effet, il y a surtout des suspicions mais pas l\u2019ombre d\u2019une preuve s\u00e9rieuse d\u00e9signant le r\u00e9gime de Bachar Al Assad. En France, le pr\u00e9sident de l\u2019UPR, Fran\u00e7ois Asselinau, en est quasi certain \u00e0 tel point que, par un communiqu\u00e9 de presse, il interpelle de mani\u00e8re solennelle les \u00e9lus\u00a0: \u00ab\u00a0<em>Suite \u00e0 la d\u00e9cision solitaire et ill\u00e9gale d\u2019Emmanuel Macron de frapper militairement en Syrie, Fran\u00e7ois Asselineau demande aux parlementaires d\u2019engager la destitution du pr\u00e9sident de la R\u00e9publique, selon l\u2019article 68 de la Constitution <\/em>(1).\u00a0\u00bb L\u2019homme a l\u2019air de conna\u00eetre son affaire en mati\u00e8re de droit constitutionnel national et international pour entreprendre seul une telle proc\u00e9dure contre Jupiter en personne, Dieu du ciel, de la lumi\u00e8re, de la foudre et du tonnerre r\u00e9gnant sur le Capitole.<\/p>\n<p>On conna\u00eet ce que sont les informations de guerre\u2026 essentiellement de la d\u00e9sinformation, comme les fameuses \u00ab\u00a0<em>armes de destruction massive de Saddam Hussein<\/em>\u00a0\u00bb qui ont permis l\u2019invasion de l\u2019Irak par les Etats-Unis. Le crime justifie le crime et, si n\u00e9cessaire, la propagande doit le fabriquer de toute pi\u00e8ce; la presse officielle est l\u00e0 pour \u00e7a\u2026 Sans source ind\u00e9pendante des bellig\u00e9rants, nous ne pouvons ici trancher cette question pour la Syrie.<\/p>\n<p>Mais voyons les donneurs de le\u00e7ons au Y\u00e9men. Dans ce pays, il y a une autre guerre et l\u00e0 ce sont les commissaires des Nations-Unies qui communiquent. Sans \u00eatre d\u00e9stabilis\u00e9 par les nouvelles officielles de la situation humanitaire et sans mauvaise conscience, le R\u00e9gime Macron vend toujours des armes conventionnelles \u00e0 l\u2019\u00e9mir de l\u2019Etat islamiste et esclavagiste d\u2019Arabie Saoudite. Nul n\u2019ignore pourtant l\u2019usage qui en est fait sur les populations civiles au Y\u00e9men. Sous le tapis de bombes, la situation humanitaire est vite devenue catastrophique dans ce pays. Des milliers d\u2019hommes, de femmes et d\u2019enfants croupissent dans des conditions sanitaires \u00e9pouvantables et des centaines p\u00e9rissent sous le feu \u00ab\u00a0<em>halal<\/em>\u00a0\u00bb d\u2019armes \u00ab\u00a0<em>made in France<\/em>\u00a0\u00bb ou \u00ab\u00a0<em>made in USA<\/em>.\u00a0\u00bb<\/p>\n<p><strong>La Police gaze les zadistes\u00a0!<\/strong><\/p>\n<p>Quittons les horreurs commises par un \u00e9mir ami de l\u2019OTAN au Moyen-Orient pour revenir dans les verts p\u00e2turages de l\u2019Hexagone, car la France arm\u00e9e jusqu\u2019aux dents utilise \u00e0 une plus grande \u00e9chelle des armes chimiques tout aussi mortif\u00e8res; mais, il est vrai qu\u2019elles ont le redoutable avantage de ne pas \u00eatre r\u00e9pertori\u00e9es comme telles: les gaz de combat, les pesticides, les engrais chimiques, le diesel et les perturbateurs endocriniens\u2026 Eau, air, sols, aliments et habitats sont tellement pollu\u00e9s, morbides et mortif\u00e8res que la situation en devient d\u00e9sesp\u00e9rante. Mais que fait la police? Elle gaze les zadistes. Aux yeux des autorit\u00e9s publiques, \u00ab\u00a0<em>la ligne rouge n\u2019est pas franchie<\/em>,\u00a0\u00bb les morts \u00ab\u00a0<em>non-violentes<\/em>\u00a0\u00bb restent encore d\u00e9mocratiques\u2026 Mieux vaut semble-t-il mourir \u00e0 petit feu d\u00e9vor\u00e9 de l\u2019int\u00e9rieur par un cancer que p\u00e9rir sous l\u2019action neurotoxique d\u2019une arme chimique\u2026 question de point de vue\u00a0!<\/p>\n<p>Pendant que le r\u00e9gime Macron se pose en donneur de le\u00e7on au Moyen-Orient, des dizaines de milliers de personnes p\u00e9rissent pr\u00e9matur\u00e9ment en France. On est, il faut le rappeler, dans \u00ab\u00a0<em>La Soci\u00e9t\u00e9 canc\u00e9rig\u00e8ne<\/em>\u00a0\u00bb (2) et l\u2019on survit sous le feu nourri de la chimie de synth\u00e8se. En 2017, on d\u00e9nombrait 400\u00a0000 nouveaux cas de cancer avec une mortalit\u00e9 de 150\u00a0000 personnes et les chiffres du cancer progressent depuis cinquante ans. \u00ab\u00a0<em>Lutte-t-on vraiment contre le cancer\u00a0?<\/em>\u00a0\u00bb s\u2019interrogeaient en introduction les deux auteurs de l\u2019essai avant de r\u00e9pondre par la n\u00e9gative.<\/p>\n<p>Depuis combien de temps, en effet, l\u2019Etat fran\u00e7ais sait-il que les particules \u00e9mises par les moteurs diesel sont canc\u00e9rig\u00e8nes\u00a0? Depuis au moins 20 ans\u2026 Que fait la police\u00a0? En tenue de combat de guerre chimique, elle gaze les zadistes\u00a0!<\/p>\n<p>Si aujourd\u2019hui les millions d\u2019hommes, de femmes et d\u2019enfants suffoquent dans l\u2019air pollu\u00e9 des villes, ce n\u2019est pas parce qu\u2019en Mai 68 les manifestants ont r\u00e9clam\u00e9 la \u00ab\u00a0<em>voiture pour tous<\/em>\u00a0\u00bb mais parce qu\u2019une oligarchie de technocrates \u00ab\u00a0<em>am\u00e9nageurs du territoire<\/em>\u00a0\u00bb a d\u00e9cid\u00e9 depuis Paris du \u00ab\u00a0<em>tout-automobile<\/em>\u00a0\u00bb partout et au pas de charge dans les ann\u00e9es 1950.<\/p>\n<p>Lire \u00ab\u00a0<em>Le tour de France d\u2019un \u00e9cologiste<\/em>\u00a0\u00bb de Fabrice Nicolino, 1993\u2026<\/p>\n<p>Qui se souvient que les pesticides sont des armes chimiques reconverties dans le civil pour une utilisation tout aussi mortif\u00e8re en agriculture\u00a0? Les cons\u00e9quences environnementales sont effroyables et, malgr\u00e9 l\u2019omerta de l\u2019Etat-providence des firmes agrochimiques, on d\u00e9couvre l\u2019ampleur de la catastrophe sanitaire.<\/p>\n<p>Mais que fait la police face \u00e0 un probl\u00e8me aussi grave de sant\u00e9 publique ? Insensible \u00e0 l\u2019h\u00e9catombe et aux souffrances des familles, elle gaze les zadistes\u00a0! Encore\u00a0!<\/p>\n<p>Lire \u00ab\u00a0<em>Printemps Silencieux<\/em>\u00a0\u00bb de Rachel Carson, paru en 1962.<\/p>\n<p>Qui croit encore en l\u2019utilit\u00e9 absolue des pesticides aujourd\u2019hui\u00a0? Personne ou presque, mais c\u2019est seulement parmi les personnes bien inform\u00e9es. Par contre, beaucoup de monde s\u2019y laisse prendre car, derri\u00e8re les scientifiques de l\u2019Inra, les fanatiques phytopharmaceutiques de la FNSEA et les services de l\u2019Etat \u00e0 la botte des transnationales de la chimie, il y a, en effet, les d\u00e9c\u00e9r\u00e9br\u00e9s qui regardent la publicit\u00e9 \u00e0 la t\u00e9l\u00e9vision.<\/p>\n<p>Pour sa brochure sur l\u2019agriculture, les Renseignements G\u00e9n\u00e9reux n\u2019ont pas h\u00e9sit\u00e9 \u00e0 titrer: \u00ab\u00a0<em>Agriculture de destruction massive<\/em>;\u00a0\u00bb nous en sommes arriv\u00e9s au stade incontr\u00f4lable de la double catastrophe \u00e9cologique et sanitaire, car depuis 50 ans la France est rest\u00e9e sans faillir la premi\u00e8re fille de la Sainte \u00c9glise des pesticides en Europe.<\/p>\n<p>L\u00e0 encore, l\u2019histoire est connue\u00a0; lire Fabrice Nicolino en compagnie de Francois Veillerette \u00ab\u00a0<em>Pesticides, r\u00e9v\u00e9lation sur un scandale Fran\u00e7ais<\/em>\u00a0\u00bb (2006) ou seul \u00ab\u00a0<em>Un empoisonnement universel<\/em>\u2026\u00a0\u00bb (2014)<\/p>\n<p>Une femme savante nous pr\u00e9vient\u00a0: \u00ab\u00a0<em>Demain tous cr\u00e9tins !<\/em>\u00a0\u00bb (3) On l\u2019a bien compris, le titre choisi, c\u2019est pour la rime car c\u2019est d\u00e8s aujourd\u2019hui et depuis vingt ans que l\u2019on sait comment les perturbateurs endocriniens agissent et alt\u00e8rent le cerveau des enfants d\u00e8s leur conception. On est face \u00e0 de redoutables armes incapacitantes. Mais que fait la police\u00a0? Encore et toujours insensible au drame qui se trame aujourd\u2019hui dans les ventres des femmes, elle gaze les zadistes.<\/p>\n<p>Des parents luttent en France pour prot\u00e9ger leurs enfants des perturbateurs endocriniens\u2026 L\u2019Etat fran\u00e7ais les aide-t-il dans cette d\u00e9marche contre l\u2019industrie de la \u00ab\u00a0<em>Malbouffe<\/em>\u00a0\u00bb et de la restauration collective dans les cantines scolaires ? Pas le moins du monde\u2026<\/p>\n<p>Lire Andr\u00e9 Cicolella, \u00ab\u00a0<em>Toxique plan\u00e8te, le scandale invisible des maladies chroniques<\/em>\u00a0\u00bb (2013).<\/p>\n<p>A Notre-Dame-des-Landes, des hommes et des femmes se sont battus contre le triple crime d\u2019Etat d\u2019\u00e9cocide, de d\u00e9ni de d\u00e9mocratie et d\u2019accaparement des terres au profit d\u2019une puissance transnationale\u00a0: Vinci et son projet d\u2019a\u00e9roport privatis\u00e9. Mais, encore aujourd\u2019hui, ils et elles se battent pour un projet de pr\u00e9servation du bocage dans son ensemble. Le R\u00e9gime Macron utilise des gaz de combat pour chasser des paysans de leurs terres.<\/p>\n<p>M\u00eame si les gaz lacrymog\u00e8nes n\u2019entrent pas dans la cat\u00e9gorie des armes l\u00e9tales, ils peuvent tuer. Dans tous les cas, depuis leur conception, ils sont con\u00e7us et utilis\u00e9s comme arme chimique contre la D\u00e9mocratie.<\/p>\n<p>Cinq jours apr\u00e8s les frappes en Syrie, \u00ab\u00a0<em>le jeudi 19\u00a0avril au matin, \u00e0 l\u2019occasion d\u2019une conf\u00e9rence de presse de l\u2019assembl\u00e9e des bless\u00e9s pour \u00ab\u00a0d\u00e9noncer des violences\u00a0\u00bb lors de l\u2019op\u00e9ration de la Zad, les militants ont d\u00e9pos\u00e9 devant la pr\u00e9fecture \u00e0 Nantes plusieurs centaines de grenades tir\u00e9es la semaine pass\u00e9e \u00e0 Notre-Dame-des-Landes<\/em>,\u00a0\u00bb rapporte le quotidien r\u00e9gional Ouest-France. \u00ab\u00a0<em>Ce tas ne repr\u00e9sente que 20\u00a0% des grenades tir\u00e9es<\/em>,\u00a0\u00bb a affirm\u00e9 un zadiste. 272 personnes ont \u00e9t\u00e9 touch\u00e9es par ces armes, dont dix gravement, a d\u00e9nonc\u00e9 l\u2019assembl\u00e9e des bless\u00e9s. (4)<\/p>\n<p>O\u00f9 est l\u2019Etat de Droit quand indiff\u00e9remment la police gaze les populations civiles chaque fois qu\u2019elles s\u2019expriment pour pr\u00e9server leurs espaces de vie, libres de la pollution chimique\u00a0?<\/p>\n<p>Comment un Etat peut-il se poser en donneur de le\u00e7on, lorsque l\u2019on sait que, pour parfaire \u00ab\u00a0<em>Le Sacrifice des Paysans<\/em>\u00a0\u00bb (5), il a permis l\u2019une des plus effroyables pollutions de son territoire \u00e0 la chimie de guerre\u00a0? L\u2019amn\u00e9sie m\u00e9diatique\u00a0!<\/p>\n<p><strong>Conna\u00eetre ses classiques<\/strong><\/p>\n<p>En mati\u00e8re d\u2019armes chimiques, comme en toutes choses, pour ne pas suffoquer et succomber sous le flot de la d\u00e9sinformation officielle, pour survire libre et combattre l\u2019entreprise d\u2019\u00e9cocide des chimistes, il est utile de conna\u00eetre ses classiques.<\/p>\n<p>Car, la situation n\u2019a fait qu\u2019empirer depuis plus d\u2019un demi-si\u00e8cle. Les produits chimiques de synth\u00e8se con\u00e7us \u00e0 l\u2019origine pour la guerre et le meurtre de masse triomphent encore avec la complicit\u00e9 des autorit\u00e9s politiques en France comme partout en Europe. Ils n\u2019ont plus besoin d\u2019entrer dans la cat\u00e9gorie des armes chimiques pour multiplier leurs victimes.<\/p>\n<p>En devenant de \u00ab\u00a0<em>basse intensit\u00e9<\/em>,\u00a0\u00bb ils ont r\u00e9ussi leur reconversion civile mais, insidieusement dans leurs nouveaux emballages de camouflage \u00ab\u00a0<em>grand public<\/em>,\u00a0\u00bb ils tuent \u00e0 petit feu et de plus en plus en recrutant leurs victimes tr\u00e8s loin, m\u00eame en dehors des zones de combat.<\/p>\n<p>Ne regardez pas la t\u00e9l\u00e9vision si vous voulez \u00eatre inform\u00e9\u00a0!<\/p>\n<p>Se souvenir encore et toujours des classiques du si\u00e8cle pass\u00e9\u00a0:<\/p>\n<p>Lire Rachel Carson \u00ab\u00a0<em>Printemps silencieux<\/em>\u00a0\u00bb 1962<br \/>\nLire Ren\u00e9 Dumont \u00ab\u00a0<em>L\u2019Utopie ou la Mort<\/em>\u00a0\u00bb 1973<br \/>\nLire Jean Dorst \u00ab\u00a0<em>Avant que nature meure<\/em>\u00a0\u00bb 1978<br \/>\nLire Fabrice Nicolino \u00ab\u00a0<em>Le Tour de France d\u2019un Ecologiste<\/em>\u00a0\u00bb\u2026<\/p>\n<p>Jean Marc S\u00e9r\u00e9kian<br \/>\nAvril 2018<\/p>\n<p><em>Photo: Des grenades utilis\u00e9es cette semaine dans la Zad sont d\u00e9pos\u00e9es devant la pr\u00e9fecture \u00e0 Nantes, ce jeudi 19 avril 2018. |\u00a0Ouest-France <\/em><\/p>\n<p>(1) Le 14 avril 2018. \u00ab\u00a0Suite \u00e0 la d\u00e9cision solitaire et ill\u00e9gale d\u2019Emmanuel Macron de frapper militairement en Syrie, Fran\u00e7ois Asselineau demande aux parlementaires d\u2019engager la destitution du pr\u00e9sident de la R\u00e9publique, selon l\u2019article 68 de la Constitution.\u00a0\u00bb<br \/>\n(2) Genevi\u00e8ve Barbier et Armand Farrachi, \u00ab\u00a0<em>La Soci\u00e9t\u00e9 canc\u00e9rig\u00e8ne. Lutte-t-on vraiment contre le cancer\u00a0?<\/em>\u00a0\u00bb Ed. La Martini\u00e8re 2004<br \/>\n(3) Le Monde Science et M\u00e9decine, Mercredi 8 novembre 2017\u00a0: \u00ab\u00a0<em>Il n\u2019est plus possible de nier les effets de l\u2019environnement sur notre cerveau<\/em>.\u00a0\u00bb Entretien \u00ab\u00a0<em>Pour la Biologiste Demeneix, l\u2019effet n\u00e9faste des perturbateurs endocriniens sur les capacit\u00e9s cognitives ne fait plus de doute<\/em>\u00a0\u00bb propos recueillis par St\u00e9phane Foucart.<br \/>\n(4) Reporterre le 19 avril 2018, \u00ab\u00a0Zad de Notre-Dame-des-Landes\u00a0: des centaines de grenades d\u00e9pos\u00e9es devant la pr\u00e9fecture \u00e0 Nantes\u00a0\u00bb<br \/>\n(5) Pierre Bitoun et Yves Dupont, \u00ab\u00a0<em>Le Sacrifice des paysans.\u00a0Une catastrophe sociale et anthropologique<\/em>\u00a0\u00bb Ed. L\u2019Echapp\u00e9e<\/p>\n","protected":false},"excerpt":{"rendered":"<p>En avril 2018, les journalistes m\u00e9dus\u00e9s informaient les t\u00e9l\u00e9spectateurs fran\u00e7ais qu\u2019une \u00ab\u00a0attaque chimique perp\u00e9tr\u00e9e par le r\u00e9gime syrien\u00a0\u00bb avait eu lieu contre des populations civiles de la\u00a0ville de Douma, dernier\u00a0bastion <a class=\"more-link\" href=\"https:\/\/carfree.fr\/index.php\/2018\/04\/24\/armes-chimiques-parlons-en\/\">Lire la suite&#8230;<\/a><\/p>\n","protected":false},"author":128,"featured_media":39546,"comment_status":"open","ping_status":"closed","sticky":false,"template":"","format":"standard","meta":[],"categories":[52],"tags":[11,53,84,308,198,287,19],"views":5481,"_links":{"self":[{"href":"https:\/\/carfree.fr\/index.php\/wp-json\/wp\/v2\/posts\/39545"}],"collection":[{"href":"https:\/\/carfree.fr\/index.php\/wp-json\/wp\/v2\/posts"}],"about":[{"href":"https:\/\/carfree.fr\/index.php\/wp-json\/wp\/v2\/types\/post"}],"author":[{"embeddable":true,"href":"https:\/\/carfree.fr\/index.php\/wp-json\/wp\/v2\/users\/128"}],"replies":[{"embeddable":true,"href":"https:\/\/carfree.fr\/index.php\/wp-json\/wp\/v2\/comments?post=39545"}],"version-history":[{"count":0,"href":"https:\/\/carfree.fr\/index.php\/wp-json\/wp\/v2\/posts\/39545\/revisions"}],"wp:featuredmedia":[{"embeddable":true,"href":"https:\/\/carfree.fr\/index.php\/wp-json\/wp\/v2\/media\/39546"}],"wp:attachment":[{"href":"https:\/\/carfree.fr\/index.php\/wp-json\/wp\/v2\/media?parent=39545"}],"wp:term":[{"taxonomy":"category","embeddable":true,"href":"https:\/\/carfree.fr\/index.php\/wp-json\/wp\/v2\/categories?post=39545"},{"taxonomy":"post_tag","embeddable":true,"href":"https:\/\/carfree.fr\/index.php\/wp-json\/wp\/v2\/tags?post=39545"}],"curies":[{"name":"wp","href":"https:\/\/api.w.org\/{rel}","templated":true}]}}