{"id":39552,"date":"2018-04-26T10:29:56","date_gmt":"2018-04-26T09:29:56","guid":{"rendered":"http:\/\/carfree.fr\/?p=39552"},"modified":"2018-04-26T10:29:56","modified_gmt":"2018-04-26T09:29:56","slug":"prime-a-la-conversion-et-diesel","status":"publish","type":"post","link":"https:\/\/carfree.fr\/index.php\/2018\/04\/26\/prime-a-la-conversion-et-diesel\/","title":{"rendered":"Prime \u00e0 la conversion et diesel"},"content":{"rendered":"<p>Appel pour une modification des conditions d&rsquo;attribution de la prime \u00e0 la conversion et de la classification Crit&rsquo;air pour sortir du diesel et am\u00e9liorer la qualit\u00e9 de l&rsquo;air. <!--more--><\/p>\n<p>La prime \u00e0 la conversion peut \u00eatre subordonn\u00e9e \u00e0 l&rsquo;achat d&rsquo;un v\u00e9hicule d&rsquo;occasion class\u00e9 Crit&rsquo;air 1 ou 2 \u00e9mettant moins de 130 grammes de CO2\/km. Or, dans Crit&rsquo;air 2 sont notamment class\u00e9s les v\u00e9hicules diesel dont la premi\u00e8re mise en circulation est \u00e0 partir du 1er janvier 2011 (norme euro 5).<\/p>\n<p>Dans les faits, vous pouvez donc acqu\u00e9rir un v\u00e9hicule diesel \u00e2g\u00e9 de 7 ans et b\u00e9n\u00e9ficier de la prime \u00e0 la conversion.<\/p>\n<p>Cette mesure semble incoh\u00e9rente et contradictoire avec l&rsquo;imp\u00e9rieuse n\u00e9cessit\u00e9 d&rsquo;am\u00e9liorer la qualit\u00e9 de l&rsquo;air lorsque l&rsquo;on connait la particuli\u00e8re nocivit\u00e9 des \u00e9missions des moteurs diesel (* gaz class\u00e9s canc\u00e9rog\u00e8nes certains par l&rsquo;OMS) et la d\u00e9gradation dans le temps et l&rsquo;inefficacit\u00e9 du filtre \u00e0 particules.<\/p>\n<p>Pour acc\u00e9l\u00e9rer la sortie du diesel en France et ainsi prot\u00e9ger les populations en ville, il appara\u00eet urgent et imp\u00e9ratif\u00a0:<\/p>\n<p>&#8211; d&rsquo;exclure les v\u00e9hicules particuliers et utilitaires diesel dans l&rsquo;attribution de la prime \u00e0 la conversion ou de limiter celle-ci aux classes 0 et 1 de Crit&rsquo;air<br \/>\n&#8211; de d\u00e9classer les v\u00e9hicules particuliers et utilitaires diesel \u00e0 Crit&rsquo;air 3, la classe Crit&rsquo;air 2 les pla\u00e7ant injustement \u00e0 \u00e9galit\u00e9 avec les v\u00e9hicules \u00e0 essence dont la premi\u00e8re mise en circulation est jusqu&rsquo;au 31 d\u00e9cembre 2010.<\/p>\n<p>Par ailleurs, le calcul du CO2 qui favorise le diesel (alors qu&rsquo;il a \u00e9t\u00e9 d\u00e9montr\u00e9 que celui-ci \u00e9tait en r\u00e9alit\u00e9 plus \u00e9metteur qu&rsquo;un v\u00e9hicule \u00e0 essence) ne doit plus \u00eatre le seul indicateur des \u00e9missions des v\u00e9hicules et doit \u00eatre assorti \u00e0 la mesure du NO2 (dioxyde d&rsquo;azote), gaz particuli\u00e8rement nocif.<\/p>\n","protected":false},"excerpt":{"rendered":"<p>Appel pour une modification des conditions d&rsquo;attribution de la prime \u00e0 la conversion et de la classification Crit&rsquo;air pour sortir du diesel et am\u00e9liorer la qualit\u00e9 de l&rsquo;air.<\/p>\n","protected":false},"author":1599,"featured_media":39564,"comment_status":"open","ping_status":"closed","sticky":false,"template":"","format":"standard","meta":[],"categories":[1037],"tags":[487,193,33,523,320],"views":5801,"_links":{"self":[{"href":"https:\/\/carfree.fr\/index.php\/wp-json\/wp\/v2\/posts\/39552"}],"collection":[{"href":"https:\/\/carfree.fr\/index.php\/wp-json\/wp\/v2\/posts"}],"about":[{"href":"https:\/\/carfree.fr\/index.php\/wp-json\/wp\/v2\/types\/post"}],"author":[{"embeddable":true,"href":"https:\/\/carfree.fr\/index.php\/wp-json\/wp\/v2\/users\/1599"}],"replies":[{"embeddable":true,"href":"https:\/\/carfree.fr\/index.php\/wp-json\/wp\/v2\/comments?post=39552"}],"version-history":[{"count":0,"href":"https:\/\/carfree.fr\/index.php\/wp-json\/wp\/v2\/posts\/39552\/revisions"}],"wp:featuredmedia":[{"embeddable":true,"href":"https:\/\/carfree.fr\/index.php\/wp-json\/wp\/v2\/media\/39564"}],"wp:attachment":[{"href":"https:\/\/carfree.fr\/index.php\/wp-json\/wp\/v2\/media?parent=39552"}],"wp:term":[{"taxonomy":"category","embeddable":true,"href":"https:\/\/carfree.fr\/index.php\/wp-json\/wp\/v2\/categories?post=39552"},{"taxonomy":"post_tag","embeddable":true,"href":"https:\/\/carfree.fr\/index.php\/wp-json\/wp\/v2\/tags?post=39552"}],"curies":[{"name":"wp","href":"https:\/\/api.w.org\/{rel}","templated":true}]}}