{"id":39598,"date":"2018-05-04T08:10:32","date_gmt":"2018-05-04T07:10:32","guid":{"rendered":"http:\/\/carfree.fr\/?p=39598"},"modified":"2020-08-18T06:37:10","modified_gmt":"2020-08-18T05:37:10","slug":"les-bienfaits-de-la-liberalisation-du-rail","status":"publish","type":"post","link":"https:\/\/carfree.fr\/index.php\/2018\/05\/04\/les-bienfaits-de-la-liberalisation-du-rail\/","title":{"rendered":"Les bienfaits de la lib\u00e9ralisation du rail"},"content":{"rendered":"<p>Les principaux m\u00e9dias officiels de la presse \u00e9crite ou audiovisuelle l&rsquo;ont assez rab\u00e2ch\u00e9 r\u00e9cemment: il faut li-b\u00e9-ra-li-ser le transport ferroviaire! Ce qui, pour tous les \u00e9ditocrates de TF1 \u00e0 BFM en passant par RTL ou Europe 1, veut dire: bienvenue dans le monde merveilleux de l&rsquo;ouverture \u00e0 la concurrence et de la privatisation des services publics! <!--more--><\/p>\n<p>D\u00e9j\u00e0, il y a l&rsquo;id\u00e9e tr\u00e8s thatch\u00e9rienne qu&rsquo;il n&rsquo;y a pas d&rsquo;alternative (\u00ab\u00a0<em>There is no alternative<\/em>\u00ab\u00a0): tous les autres pays se plient aux r\u00e8gles lib\u00e9rales de la mondialisation alors pourquoi que nous on ferait autrement?<\/p>\n<p>Quand on \u00e9coute ces \u00e9ditocrates, il n&rsquo;y a plus d&rsquo;argent (il est parti o\u00f9?), les d\u00e9ficits explosent et les dettes sont faramineuses. C&rsquo;est bien simple, nous sommes quasi-ruin\u00e9s alors il faut arr\u00eater les conneries du genre se permettre le luxe ind\u00e9cent d&rsquo;avoir un service public ferroviaire \u00e0 peu pr\u00e8s en \u00e9tat de marche.<\/p>\n<p>C&rsquo;est quand m\u00eame bizarre, la S\u00e9curit\u00e9 Sociale a vu le jour en octobre 1945, dans une France meurtrie et ruin\u00e9e par quatre ann\u00e9es d\u2019occupation. La SNCF, cr\u00e9\u00e9e en 1937 sur les vestiges de compagnies priv\u00e9es en faillite et quelques ann\u00e9es seulement apr\u00e8s la grande crise de 1929, a connu un essor ph\u00e9nom\u00e9nal \u00e0 la m\u00eame \u00e9poque. Et aujourd&rsquo;hui, on ne serait plus en mesure d&rsquo;avoir un service public ferroviaire digne de ce nom?<\/p>\n<p>La faute \u00e0 la dette de la SNCF? L\u00e0 aussi, il est assez \u00e9trange de se rappeler que l&rsquo;Etat fran\u00e7ais a \u00e9t\u00e9 moins regardant quand il s&rsquo;agissait de <a href=\"http:\/\/www.entreprendre.fr\/sauvetage-banques-francaises-subprime\" rel=\"noopener\" target=\"_blank\">renflouer les banques fran\u00e7aises en 2008 \u00e0 hauteur de dizaines de milliards d&rsquo;euros<\/a>&#8230; <\/p>\n<p>Si on r\u00e9sume, quand c&rsquo;est la dette de la SNCF, il faut ouvrir \u00e0 la concurrence et privatiser, quand ce sont des banques priv\u00e9es, il faut subventionner grassement avec de l&rsquo;argent public?<\/p>\n<p>Donc, la messe est dite. Il sera dit qu&rsquo;on cassera tous les services publics jusqu&rsquo;au dernier.<\/p>\n<p>Et tous les \u00e9ditocrates ind\u00e9pendants r\u00e9citent en g\u00e9n\u00e9ral la m\u00eame le\u00e7on: regardez les autres pays qui ont li-b\u00e9-ra-li-s\u00e9 comme ils sont bien! Pourquoi que nous on a des syndicalistes CGT avec un couteau entre les dents qui bloquent le progr\u00e8s en restant assis sur leurs privil\u00e8ges de cheminots grassement subventionn\u00e9s?<\/p>\n<p>Comme c&rsquo;est quand m\u00eame un peu difficile de vanter les bienfaits de la lib\u00e9ralisation des trains en Grande-Bretagne, ces \u00e9ditocrates patent\u00e9s ont toujours un autre exemple plus ou moins exotique \u00e0 nous sortir pour nous prouver que l&rsquo;ouverture \u00e0 la concurrence est un monde merveilleux \u00ab\u00a0chez nos voisins europ\u00e9ens\u00a0\u00bb.<\/p>\n<p>Comme tout le monde le sait, l&rsquo;herbe est toujours plus verte ailleurs et c&rsquo;est un travers bien fran\u00e7ais de toujours prendre comme mod\u00e8le les autres pays, et en particulier l&rsquo;Allemagne. Il y a m\u00eame une certaine forme de masochisme \u00e0 le faire sous l&rsquo;angle \u00ab\u00a0<em>regardez comme nous sommes nuls en France alors que c&rsquo;est tellement bien ce qu&rsquo;ils font ailleurs<\/em>.\u00a0\u00bb<\/p>\n<p>Comme nous aussi, on est \u00ab\u00a0En Marx\u00a0\u00bb, euh pardon, \u00ab\u00a0En Marche\u00a0\u00bb, on a regard\u00e9 un peu ailleurs ce que \u00e7a donnait le monde merveilleux de la concurrence et de la privatisation.<\/p>\n<p><strong>Grande-Bretagne<\/strong><\/p>\n<p>A tout saigneur (sic!), tout honneur, la Grande-Bretagne qui a privatis\u00e9 British Rail il y a une vingtaine d&rsquo;ann\u00e9es. Pas besoin de chercher bien loin pour dresser le bilan catastrophique de l&rsquo;op\u00e9ration, un article de <a href=\"https:\/\/www.latribune.fr\/economie\/union-europeenne\/au-royaume-uni-la-privatisation-des-chemins-de-fer-deraille-628489.html\" rel=\"noopener\" target=\"_blank\">la Tribune<\/a>, ce journal gauchiste bien connu, le fait tr\u00e8s bien: \u00ab\u00a0<em>Hausse incontr\u00f4l\u00e9e du prix des billets, trains supprim\u00e9s et r\u00e9duction du personnels conduisent pr\u00e8s de deux Britanniques sur trois \u00e0 souhaiter une renationalisation compl\u00e8te. A cela s&rsquo;ajoutent de nombreuses gr\u00e8ves, notamment dans le sud du pays, o\u00f9 les conducteurs et les chefs de train entament demain leur 33e jour de mouvement en moins d&rsquo;un an.<\/em>\u00a0\u00bb<\/p>\n<p><strong>Allemagne<\/strong><\/p>\n<p>L&rsquo;Allemagne, c&rsquo;est le mod\u00e8le par excellence. Comme le contre-exemple anglais est un peu difficile \u00e0 vendre aux Fran\u00e7ais, on nous ressort fr\u00e9quemment l&rsquo;exemple allemand de l&rsquo;ouverture \u00e0 la concurrence dans le secteur ferroviaire. Pas de chance, un article du journal suisse Le Temps, pas vraiment bolch\u00e9vique, nous raconte une autre histoire: \u00ab\u00a0<a href=\"https:\/\/www.letemps.ch\/economie\/privatisation-rail-allemand-aujourdhui-accusation\" rel=\"noopener\" target=\"_blank\">La privatisation du rail allemand est aujourd\u2019hui en accusation<\/a>.\u00a0\u00bb Selon le journal, la privatisation de la Deutsche Bahn s&rsquo;est traduit par un programme d&rsquo;aust\u00e9rit\u00e9 massif avec de nombreuses suppressions d&#8217;emplois dans le seul objectif d\u2019ouvrir le capital aux investisseurs. Alors oui la Deutsche Bahn a renou\u00e9 avec les b\u00e9n\u00e9fices, mais ceux-ci ne sont pas r\u00e9investis dans le r\u00e9seau ou les mat\u00e9riels, critiquent les experts.<\/p>\n<p><strong>La Su\u00e8de<\/strong><\/p>\n<p>Un <a href=\"https:\/\/www.francetvinfo.fr\/economie\/transports\/sncf\/greve-a-la-sncf\/reforme-sncf-comment-l-experience-suedoise-a-tourne-au-vinaigre_2729787.html\" rel=\"noopener\" target=\"_blank\">reportage r\u00e9cent de France 3<\/a> nous apprend comment l&rsquo;exp\u00e9rience su\u00e9doise en mati\u00e8re d&rsquo;ouverture \u00e0 la concurrence dans le secteur ferroviaire a tourn\u00e9 au vinaigre. La Su\u00e8de est le tout premier pays en Europe \u00e0 avoir mis en place l&rsquo;ouverture du rail \u00e0 la concurrence. La r\u00e9forme est entr\u00e9e en vigueur il y a plus de trente ans. Dans ce pays, la lib\u00e9ralisation du transport ferroviaire ne fait pas l&rsquo;unanimit\u00e9. Dans leur majorit\u00e9, les Su\u00e9dois souhaitent un retour au service public du rail. Globalement, le syst\u00e8me leur co\u00fbte plus cher pour des prestations pas toujours \u00e0 la hauteur, et il n&rsquo;existe pas de lignes \u00e0 grande vitesse.<\/p>\n<p><strong>Italie<\/strong><\/p>\n<p>Les m\u00e9dias et le gouvernement nous expliquent depuis des ann\u00e9es que la privatisation de la SNCF devrait s&rsquo;inspirer du merveilleux mod\u00e8le italien, une privatisation r\u00e9ussie contrairement \u00e0 celle de la Grande-Bretagne. Pourtant, lorsque l&rsquo;on regarde au del\u00e0 de l&#8217;emballage m\u00e9diatique, les dessous sont bien plus sombres, que ce soit pour les cheminots ou pour les usagers. Les <a href=\"http:\/\/www.revolutionpermanente.fr\/Les-dessous-desastreux-du-modele-ferroviaire-italien-morts-et-accidents-a-repetition\" rel=\"noopener\" target=\"_blank\">dessous d\u00e9sastreux du \u00ab\u00a0mod\u00e8le ferroviaire\u00a0\u00bb italien<\/a>, ce sont d&rsquo;abord des morts et des accidents \u00e0 r\u00e9p\u00e9tition. Au moins 8 accidents ferroviaires depuis le d\u00e9but de la privatisation du rail transalpin en 2001, soit 38% des accidents italiens depuis 1944&#8230; Un pourcentage qui en dit long sur l\u2019effet de la mise en concurrence du rail. En 2016, deux trains se sont percut\u00e9s sur une ligne entre Corato et Andria, dans les Pouilles. Bilan, 23 morts et plusieurs centaines de bless\u00e9s. Le 25 janvier 2018, entre les stations de Segrate et Treviglio, dans la banlieue de Milan, un train a d\u00e9raill\u00e9. 3 morts et une centaine de bless\u00e9s dont 5 graves. Alors que la compagnie Trenord, d\u00e9tenue \u00e0 parts \u00e9gales par le groupe public Trenitalia et Ferrovie Nord Milano (FNM), parle de probl\u00e8me ou d\u2019une panne, le pr\u00e9fet, lui, parle de \u00ab d\u00e9faillance structurelle \u00bb.<\/p>\n<p><strong>Espagne<\/strong><\/p>\n<p>En Espagne, la lib\u00e9ralisation du rail avance \u00e0 petits pas. L&rsquo;Espagne qui s&rsquo;\u00e9tait engag\u00e9e \u00e0 marche forc\u00e9e dans la lib\u00e9ralisation de son secteur ferroviaire ralentit brutalement le rythme. Le processus, entam\u00e9 fin 2012 sous la pression de la commission europ\u00e9enne, n&rsquo;aboutira pas comme pr\u00e9vu le 31 juillet 2013. Au m\u00eame moment, l&rsquo;Espagne connaissait un accident ferroviaire dramatique, \u00e0 Saint-Jacques-de-Compostelle avec le d\u00e9raillement du train Alvia 151 survenu le 24 juillet 2013 (79 morts et de l&rsquo;ordre de 140 bless\u00e9s). Depuis, l&rsquo;Espagne a connu de nombreux accidents, dont le d\u00e9raillement d\u2019un train reliant la ville espagnole de Vigo (nord-ouest) \u00e0 Valen\u00e7a de Minho en septembre 2016 (Quatre personnes mortes et une cinquantaine de bless\u00e9s), celui de Barcelone en juillet 2017 (56 bless\u00e9s, dont un grave), le d\u00e9raillement du train Malaga-S\u00e9ville en novembre 2017 (Vingt-et-une personnes bless\u00e9es, dont trois gri\u00e8vement), l&rsquo;accident de la gare de Alcala de Henares, \u00e0 40 km de Madrid, en d\u00e9cembre 2017 (une quarantaine de bless\u00e9s dont deux gri\u00e8vement), etc.<\/p>\n<p><strong>Le Japon<\/strong><\/p>\n<p>Sortons un peu d&rsquo;Europe pour voir la situation japonaise avec le journal <a href=\"https:\/\/www.lopinion.fr\/edition\/international\/30-ans-apres-leur-privatisation-chemins-fer-japonais-se-reinventent-123477\" rel=\"noopener\" target=\"_blank\">L&rsquo;Opinion<\/a>. Le 1er avril 1987, JNR, l\u2019\u00e9quivalent nippon de la SNCF, a \u00e9t\u00e9 scind\u00e9e en sept compagnies, six pour le transport de passagers, une pour le transport de marchandises. Une division essentiellement g\u00e9ographique qui, au terme de 30 ann\u00e9es d\u2019exploitation, soul\u00e8ve quelques questions car les compagnies JR (Japan Railways) n\u2019ont pas toutes \u00e9t\u00e9 log\u00e9es \u00e0 la m\u00eame enseigne et leur situation aujourd\u2019hui exige qu\u2019on se penche sur elles pour s\u2019assurer du maintien d\u2019un service au public de qualit\u00e9. La d\u00e9cision de privatiser JNR avait \u00e9t\u00e9 prise en raison de l\u2019endettement colossal de l\u2019entreprise publique li\u00e9 \u00e0 la construction du shinkansen, le train \u00e0 grande vitesse, en 1964. Tiens tiens, cela nous rappelle quelque chose&#8230; Aujourd&rsquo;hui, on a des compagnies r\u00e9gionales qui s&rsquo;en tirent tr\u00e8s bien, en l\u2019occurrence JR Central qui exploite entre autres la ligne \u00e0 grande vitesse reliant Tokyo \u00e0 Osaka et qui engrange des milliards de profits et des \u00ab\u00a0petites\u00a0\u00bb compagnies r\u00e9gionales qui tirent la langue. C&rsquo;est un peu le d\u00e9bat fran\u00e7ais avec des lignes \u00e9videmment tr\u00e8s rentables du type Paris-Lyon et des zones g\u00e9ographiques o\u00f9 le train n&rsquo;est pas rentable (\u00ab\u00a0les petites lignes\u00a0\u00bb). Comment font ces \u00ab\u00a0petites\u00a0\u00bb compagnies r\u00e9gionales? Soit elles mettent les gens dans des autocars (bonjour les bus Macron!), soit elles se lancent dans de nouvelles activit\u00e9s, comme la distribution de m\u00e9dicaments! Comme le dit un directeur d&rsquo;une de ces compagnies, \u00ab\u00a0<em>le rail seul ne sera pas en mesure de nous faire manger.<\/em>\u00a0\u00bb<\/p>\n","protected":false},"excerpt":{"rendered":"<p>Les principaux m\u00e9dias officiels de la presse \u00e9crite ou audiovisuelle l&rsquo;ont assez rab\u00e2ch\u00e9 r\u00e9cemment: il faut li-b\u00e9-ra-li-ser le transport ferroviaire! Ce qui, pour tous les \u00e9ditocrates de TF1 \u00e0 BFM <a class=\"more-link\" href=\"https:\/\/carfree.fr\/index.php\/2018\/05\/04\/les-bienfaits-de-la-liberalisation-du-rail\/\">Lire la suite&#8230;<\/a><\/p>\n","protected":false},"author":71,"featured_media":39599,"comment_status":"open","ping_status":"closed","sticky":false,"template":"","format":"standard","meta":[],"categories":[4,8],"tags":[1709,64,350,194,169,16,198,93,367,1344,120,547,119,131],"views":12494,"_links":{"self":[{"href":"https:\/\/carfree.fr\/index.php\/wp-json\/wp\/v2\/posts\/39598"}],"collection":[{"href":"https:\/\/carfree.fr\/index.php\/wp-json\/wp\/v2\/posts"}],"about":[{"href":"https:\/\/carfree.fr\/index.php\/wp-json\/wp\/v2\/types\/post"}],"author":[{"embeddable":true,"href":"https:\/\/carfree.fr\/index.php\/wp-json\/wp\/v2\/users\/71"}],"replies":[{"embeddable":true,"href":"https:\/\/carfree.fr\/index.php\/wp-json\/wp\/v2\/comments?post=39598"}],"version-history":[{"count":0,"href":"https:\/\/carfree.fr\/index.php\/wp-json\/wp\/v2\/posts\/39598\/revisions"}],"wp:featuredmedia":[{"embeddable":true,"href":"https:\/\/carfree.fr\/index.php\/wp-json\/wp\/v2\/media\/39599"}],"wp:attachment":[{"href":"https:\/\/carfree.fr\/index.php\/wp-json\/wp\/v2\/media?parent=39598"}],"wp:term":[{"taxonomy":"category","embeddable":true,"href":"https:\/\/carfree.fr\/index.php\/wp-json\/wp\/v2\/categories?post=39598"},{"taxonomy":"post_tag","embeddable":true,"href":"https:\/\/carfree.fr\/index.php\/wp-json\/wp\/v2\/tags?post=39598"}],"curies":[{"name":"wp","href":"https:\/\/api.w.org\/{rel}","templated":true}]}}