{"id":39644,"date":"2018-05-24T08:39:24","date_gmt":"2018-05-24T07:39:24","guid":{"rendered":"http:\/\/carfree.fr\/?p=39644"},"modified":"2018-05-24T08:41:57","modified_gmt":"2018-05-24T07:41:57","slug":"autos-motos-velos-la-guerre-est-declaree","status":"publish","type":"post","link":"https:\/\/carfree.fr\/index.php\/2018\/05\/24\/autos-motos-velos-la-guerre-est-declaree\/","title":{"rendered":"Autos, motos, v\u00e9los : la guerre est d\u00e9clar\u00e9e"},"content":{"rendered":"<p>Les cyclistes savent. Sur le bitume en France, entre autos, motos et v\u00e9los, la guerre est d\u00e9clar\u00e9e. Mais les plus vuln\u00e9rables ne se laissent pas faire. Sur internet, de plus en plus de vid\u00e9os mises en ligne par des cyclistes d\u00e9noncent des comportements d\u00e9lib\u00e9r\u00e9ment violents \u00e0 leur encontre. <!--more--><\/p>\n<p>Nous sommes de plus en plus nombreux \u00e0 rouler \u00e0 v\u00e9lo en ville, mais aussi \u00e0 risquer notre vie : 150 accidents mortels par an en moyenne sur les chauss\u00e9es fran\u00e7aises, un chiffre en hausse de 17% depuis 2010. Pour dire leur ras-le-bol de cette ins\u00e9curit\u00e9, de plus en plus de cyclistes filment leurs trajets quotidiens et d\u00e9noncent le comportement des automobilistes ou des conducteurs de deux-roues motoris\u00e9s qui enfreignent les r\u00e8gles. En retour, ceux-ci les accusent d&rsquo;oublier de respecter le Code de la route. Les usagers de la route seraient-ils devenus irr\u00e9conciliables ?<\/p>\n<p>Des images de cette guerre des chauss\u00e9es ouvrent un reportage d'\u00a0\u00bbEnvoy\u00e9 sp\u00e9cial\u00a0\u00bb \u00e0 voir le 24 mai. \u00c7a commence avec des exemples chocs film\u00e9s \u00e0 Paris ou \u00e0 Lyon. Par exemple, un scooter qui n&rsquo;a rien \u00e0 faire sur la nouvelle piste cyclable des voies sur berges de la capitale est film\u00e9 par un cycliste. Le conducteur le menace, mais la vid\u00e9o sera post\u00e9e sur internet.<\/p>\n<p><strong>Sale ambiance sur le bitume<\/strong><\/p>\n<p>Film\u00e9e \u00e0 Lyon, une voiture pousse carr\u00e9ment et \u00e0 plusieurs reprises un v\u00e9lo, manquant de le faire tomber\u2026 avant d&rsquo;acc\u00e9l\u00e9rer. Il y a aussi un livreur qui en \u00e9jecte un de la piste cyclable avant de prendre la fuite. Encore plus fort, un chauffard (c&rsquo;est lui l&rsquo;auteur de la vid\u00e9o) qui se vante de percuter un homme p\u00e9dalant trop lentement devant lui. Celui-ci se retrouvera par terre devant ses roues.<\/p>\n<p>La palme de la violence revient \u00e0 une bagarre hors de contr\u00f4le captur\u00e9e pr\u00e8s du Louvre par la cam\u00e9ra de touristes australiens. Le chauffeur de leur VTC s&rsquo;en prend \u00e0 un cycliste et tous deux s&#8217;empoignent&#8230; jusqu&rsquo;\u00e0 l&rsquo;intervention des passants. <\/p>\n<p><iframe loading=\"lazy\" width=\"560\" height=\"315\" src=\"\/\/embedftv-a.akamaihd.net\/d9b27b74b3548ea86b09b79a98f1aa6b\" frameborder=\"0\" scrolling=\"no\" allowfullscreen><\/iframe><\/p>\n<p>Extrait de \u00ab\u00a0Autos, motos, v\u00e9los : le champ de bataille\u00a0\u00bb, un reportage \u00e0 voir dans \u00ab\u00a0<a href=\"https:\/\/www.francetvinfo.fr\/replay-magazine\/france-2\/envoye-special\/\" rel=\"noopener\" target=\"_blank\">Envoy\u00e9 sp\u00e9cial<\/a>\u00a0\u00bb le 24 mai 2018.<\/p>\n","protected":false},"excerpt":{"rendered":"<p>Les cyclistes savent. Sur le bitume en France, entre autos, motos et v\u00e9los, la guerre est d\u00e9clar\u00e9e. Mais les plus vuln\u00e9rables ne se laissent pas faire. Sur internet, de plus <a class=\"more-link\" href=\"https:\/\/carfree.fr\/index.php\/2018\/05\/24\/autos-motos-velos-la-guerre-est-declaree\/\">Lire la suite&#8230;<\/a><\/p>\n","protected":false},"author":1390,"featured_media":39645,"comment_status":"open","ping_status":"closed","sticky":false,"template":"","format":"standard","meta":[],"categories":[4,1038,7],"tags":[996,646,16,158,1318,521,106,743,178,1664,648,651],"views":7569,"_links":{"self":[{"href":"https:\/\/carfree.fr\/index.php\/wp-json\/wp\/v2\/posts\/39644"}],"collection":[{"href":"https:\/\/carfree.fr\/index.php\/wp-json\/wp\/v2\/posts"}],"about":[{"href":"https:\/\/carfree.fr\/index.php\/wp-json\/wp\/v2\/types\/post"}],"author":[{"embeddable":true,"href":"https:\/\/carfree.fr\/index.php\/wp-json\/wp\/v2\/users\/1390"}],"replies":[{"embeddable":true,"href":"https:\/\/carfree.fr\/index.php\/wp-json\/wp\/v2\/comments?post=39644"}],"version-history":[{"count":0,"href":"https:\/\/carfree.fr\/index.php\/wp-json\/wp\/v2\/posts\/39644\/revisions"}],"wp:featuredmedia":[{"embeddable":true,"href":"https:\/\/carfree.fr\/index.php\/wp-json\/wp\/v2\/media\/39645"}],"wp:attachment":[{"href":"https:\/\/carfree.fr\/index.php\/wp-json\/wp\/v2\/media?parent=39644"}],"wp:term":[{"taxonomy":"category","embeddable":true,"href":"https:\/\/carfree.fr\/index.php\/wp-json\/wp\/v2\/categories?post=39644"},{"taxonomy":"post_tag","embeddable":true,"href":"https:\/\/carfree.fr\/index.php\/wp-json\/wp\/v2\/tags?post=39644"}],"curies":[{"name":"wp","href":"https:\/\/api.w.org\/{rel}","templated":true}]}}