{"id":39664,"date":"2018-05-28T09:09:53","date_gmt":"2018-05-28T08:09:53","guid":{"rendered":"http:\/\/carfree.fr\/?p=39664"},"modified":"2025-03-04T21:30:07","modified_gmt":"2025-03-04T20:30:07","slug":"convergence-des-luttes","status":"publish","type":"post","link":"https:\/\/carfree.fr\/index.php\/2018\/05\/28\/convergence-des-luttes\/","title":{"rendered":"Convergence des luttes"},"content":{"rendered":"<p>Incroyable, on a trouv\u00e9 un cheminot-cycliste macroniste! Le gars, c&rsquo;est la Start-up Nation \u00e0 lui tout seul! Il a invent\u00e9 un distributeur de bi\u00e8re mont\u00e9 sur un v\u00e9lo-cargo afin d&rsquo;alimenter en pression les manifs de la SNCF. <!--more--><\/p>\n<p>L&rsquo;inventeur est conducteur de train en gr\u00e8ve et son innovation technologique permet de vendre de la bi\u00e8re artisanale dans les manifs de cheminots contre la r\u00e9forme ferroviaire. Il utilise une pompe \u00e0 v\u00e9lo qui permet d&rsquo;envoyer de l&rsquo;air comprim\u00e9 dans le f\u00fbt de bi\u00e8re refroidi par une poche de gla\u00e7ons pour faire sortir de la bonne bi\u00e8re pression bien fraiche&#8230;<\/p>\n<p>Selon lui, \u00ab\u00a0<em>c&rsquo;est la convergence des luttes \u00e0 ma mani\u00e8re. C&rsquo;est la promotion du v\u00e9lo-cargo, la promotion de la bonne bi\u00e8re artisanale et surtout la d\u00e9fense du service public ferroviaire. Histoire de faire des manifs conviviales.<\/em>\u00a0\u00bb<\/p>\n<p><iframe src=\"\/\/www.ultimedia.com\/deliver\/generic\/iframe\/mdtk\/01590560\/src\/k5smlv\/zone\/1\/showtitle\/1\/\" frameborder=\"0\" scrolling=\"no\" marginwidth=\"0\" marginheight=\"0\" hspace=\"0\" vspace=\"0\" webkitallowfullscreen=\"true\" mozallowfullscreen=\"true\" allowfullscreen=\"true\"width=\"630\" height=\"355\" allow=\"autoplay; fullscreen\"><\/iframe><\/p>\n<p>Cette initiative n&rsquo;est pas la seule preuve de l&rsquo;ing\u00e9niosit\u00e9 des cheminots en gr\u00e8ve. Lors d&rsquo;une manifestation \u00e0 Nice le 15 mai dernier, des manifestants ont utilis\u00e9 les rails du tramway pour d\u00e9placer un barbecue g\u00e9ant, comme le montre le tweet ci-dessous partag\u00e9 par des milliers de personnes.<\/p>\n<blockquote class=\"twitter-tweet\" data-lang=\"fr\">\n<p lang=\"fr\" dir=\"ltr\">Donc les cheminots ont fabriqu\u00e9 un barbecue roulant adaptable au rails du tramway pendant leur manif. Ils sont tr\u00e8s forts. <a href=\"https:\/\/t.co\/CdOJfU0OnP\">pic.twitter.com\/CdOJfU0OnP<\/a><\/p>\n<p>&mdash; D\u00e9l\u00e9gu\u00e9 lata (@DelegueLata) <a href=\"https:\/\/twitter.com\/DelegueLata\/status\/996461505712480257?ref_src=twsrc%5Etfw\">15 mai 2018<\/a><\/p><\/blockquote>\n<p><script async src=\"https:\/\/platform.twitter.com\/widgets.js\" charset=\"utf-8\"><\/script><\/p>\n<p>De bien beaux exemples qui montrent toute l&rsquo;inventivit\u00e9 et l&rsquo;intermodalit\u00e9 de la lutte des cheminots&#8230;<\/p>\n<p>Source: <a href=\"https:\/\/www.huffingtonpost.fr\/2018\/05\/25\/manifestation-du-26-mai-ce-cheminot-a-cree-une-tireuse-a-biere-sur-velo-pour-des-manifs-plus-conviviales_a_23437056\/\" rel=\"noopener\" target=\"_blank\">https:\/\/www.huffingtonpost.fr\/2018\/05\/25\/manifestation-du-26-mai-ce-cheminot-a-cree-une-tireuse-a-biere-sur-velo-pour-des-manifs-plus-conviviales_a_23437056\/<\/a><\/p>\n","protected":false},"excerpt":{"rendered":"<p>Incroyable, on a trouv\u00e9 un cheminot-cycliste macroniste! Le gars, c&rsquo;est la Start-up Nation \u00e0 lui tout seul! Il a invent\u00e9 un distributeur de bi\u00e8re mont\u00e9 sur un v\u00e9lo-cargo afin d&rsquo;alimenter <a class=\"more-link\" href=\"https:\/\/carfree.fr\/index.php\/2018\/05\/28\/convergence-des-luttes\/\">Lire la suite&#8230;<\/a><\/p>\n","protected":false},"author":1721,"featured_media":39665,"comment_status":"open","ping_status":"closed","sticky":false,"template":"","format":"standard","meta":[],"categories":[4,8,7],"tags":[846,201,150,1664,1065,1587],"views":6268,"_links":{"self":[{"href":"https:\/\/carfree.fr\/index.php\/wp-json\/wp\/v2\/posts\/39664"}],"collection":[{"href":"https:\/\/carfree.fr\/index.php\/wp-json\/wp\/v2\/posts"}],"about":[{"href":"https:\/\/carfree.fr\/index.php\/wp-json\/wp\/v2\/types\/post"}],"author":[{"embeddable":true,"href":"https:\/\/carfree.fr\/index.php\/wp-json\/wp\/v2\/users\/1721"}],"replies":[{"embeddable":true,"href":"https:\/\/carfree.fr\/index.php\/wp-json\/wp\/v2\/comments?post=39664"}],"version-history":[{"count":0,"href":"https:\/\/carfree.fr\/index.php\/wp-json\/wp\/v2\/posts\/39664\/revisions"}],"wp:featuredmedia":[{"embeddable":true,"href":"https:\/\/carfree.fr\/index.php\/wp-json\/wp\/v2\/media\/39665"}],"wp:attachment":[{"href":"https:\/\/carfree.fr\/index.php\/wp-json\/wp\/v2\/media?parent=39664"}],"wp:term":[{"taxonomy":"category","embeddable":true,"href":"https:\/\/carfree.fr\/index.php\/wp-json\/wp\/v2\/categories?post=39664"},{"taxonomy":"post_tag","embeddable":true,"href":"https:\/\/carfree.fr\/index.php\/wp-json\/wp\/v2\/tags?post=39664"}],"curies":[{"name":"wp","href":"https:\/\/api.w.org\/{rel}","templated":true}]}}