{"id":39694,"date":"2018-06-05T09:10:04","date_gmt":"2018-06-05T08:10:04","guid":{"rendered":"http:\/\/carfree.fr\/?p=39694"},"modified":"2018-06-25T09:33:57","modified_gmt":"2018-06-25T08:33:57","slug":"fiascolib","status":"publish","type":"post","link":"https:\/\/carfree.fr\/index.php\/2018\/06\/05\/fiascolib\/","title":{"rendered":"Fiascolib&rsquo;"},"content":{"rendered":"<p>C&rsquo;est l&rsquo;hallali! Apr\u00e8s l&rsquo;\u00e9chec des v\u00e9los en libre-service sans stations type gobee bike et le v\u00e9libgate qui concerne lui les v\u00e9los en libre-service avec station \u00e0 Paris, c&rsquo;est maintenant Autolib&rsquo; qui part en sucette. Au bout du compte, c&rsquo;est toute l&rsquo;\u00e9conomie dite \u00ab\u00a0du partage\u00a0\u00bb qui semble en train de s&rsquo;effondrer. <!--more--><\/p>\n<p>Nous avions parl\u00e9 r\u00e9cemment de <a href=\"http:\/\/carfree.fr\/index.php\/2018\/01\/03\/le-velo-jetable-arrive-en-france\/\" target=\"_blank\" rel=\"noopener\">l&rsquo;arriv\u00e9e du v\u00e9lo jetable en France<\/a>, arriv\u00e9e qui avait quasiment co\u00efncid\u00e9 avec son d\u00e9part dans la mesure o\u00f9 les v\u00e9los en libre-service sans stations ne seront rest\u00e9s en France que quelques semaines, avant de terminer tous plus ou moins en voie d&rsquo;\u00e9pavisation sur la voie publique.<\/p>\n<p>Dans le m\u00eame temps, <a href=\"https:\/\/france3-regions.francetvinfo.fr\/paris-ile-de-france\/paris\/smovengo-beurre-argent-du-beurre-toujours-pas-velib-1484203.html\" target=\"_blank\" rel=\"noopener\">le v\u00e9libgate n&rsquo;en finit plus de faire les gros titres<\/a>. En cause, le changement de d\u00e9l\u00e9gataire entre Decaux et Smovengo qui semble cumuler probl\u00e8mes juridiques, techniques et financiers sur fond de mauvaise foi des diff\u00e9rents acteurs et d&rsquo;exploitation des salari\u00e9s. R\u00e9sultat, des v\u00e9los en libre-service de moins en moins disponibles dans la capitale.<\/p>\n<p>Aujourd&rsquo;hui, on apprend que c&rsquo;est Autolib&rsquo; qui bat de l&rsquo;aile, avec un d\u00e9ficit colossal que personne ne veut assumer. A vrai dire, sur Carfree, on ne l&rsquo;apprend pas vraiment, car on savait d\u00e9j\u00e0 d\u00e8s 2009 <a href=\"http:\/\/carfree.fr\/index.php\/2009\/04\/18\/pour-en-finir-avec-autolib\/\" target=\"_blank\" rel=\"noopener\">que cela se terminerait ainsi<\/a>.<\/p>\n<p>C&rsquo;est triste \u00e0 dire, mais nous avions en effet d\u00e9j\u00e0 pr\u00e9vu qu&rsquo;Autolib&rsquo; \u00e9tait une non-solution qui risquait de se terminer en gouffre financier. Le concept \u00e9tait d\u00e8s le d\u00e9part mauvais: on pr\u00e9tendait remplacer des voitures particuli\u00e8res par des voitures en libre-service en voulant nous faire croire que cela ferait diminuer le nombre de voitures en circulation&#8230; Qui pouvait croire un tel tissu d&rsquo;inepties?<\/p>\n<p>C\u2019\u00e9tait pourtant un des arguments de vente d\u2019Autolib\u2019 au moment de son lancement: \u00ab\u00a0<em>Vous allez voir, avec la voiture partag\u00e9e, le nombre de voitures dans Paris va diminuer.<\/em>\u00a0\u00bb Et la communication officielle d\u2019affirmer p\u00e9remptoirement: \u00ab\u00a0<em>1 v\u00e9hicule Autolib\u2019 remplace 6 \u00e0 8 v\u00e9hicules individuels<\/em>.\u00a0\u00bb<\/p>\n<p>D\u00e8s 2013, une <a href=\"http:\/\/carfree.fr\/index.php\/2013\/03\/28\/cerveaulib\/\" target=\"_blank\" rel=\"noopener\">\u00e9tude confidentielle<\/a> de la mairie de Paris r\u00e9v\u00e9lait pourtant que le d\u00e9veloppement du syst\u00e8me Autolib&rsquo; s\u2019\u00e9tait fait en amenant \u00e0 la voiture des gens qui n\u2019en poss\u00e9daient pas, comme les usagers des transports en commun par exemple.<\/p>\n<p>Certains diront peut-\u00eatre qu&rsquo;avec Autolib&rsquo; au moins on remplace des voitures thermiques par des voitures \u00e9lectriques \u00ab\u00a0<em>moins polluantes<\/em>\u00ab\u00a0. Pas de bol, nous avons un scoop pour eux: d\u00e8s 2014, l&rsquo;observatoire du nucl\u00e9aire r\u00e9v\u00e9lait que <a href=\"http:\/\/carfree.fr\/index.php\/2014\/06\/30\/scoop-autolib-nest-pas-ecologique\/\" target=\"_blank\" rel=\"noopener\">l&rsquo;Autolib&rsquo; n&rsquo;est pas \u00e9cologique<\/a>.<\/p>\n<p>A vrai dire, il ne restait d\u00e9j\u00e0 plus grand chose de la \u00ab\u00a0<em>solution<\/em>\u00a0\u00bb Autolib&rsquo;, mis \u00e0 part l&rsquo;id\u00e9e plus ou moins fumeuse qu&rsquo;il s&rsquo;agit d&rsquo;une \u00ab\u00a0<em>solution de mobilit\u00e9<\/em>\u00a0\u00bb port\u00e9e et g\u00e9r\u00e9e par un grand industriel, Vincent Bollor\u00e9, \u00e0 ses risques et p\u00e9rils. Autrement dit, un truc priv\u00e9 appartenant \u00e0 Bollor\u00e9 pour faire la promotion de sa voiture \u00e9lectrique <a href=\"http:\/\/carfree.fr\/index.php\/2009\/03\/11\/blue-car-la-voiture-electrique-pas-si-verte-que-ca\/\" target=\"_blank\" rel=\"noopener\">Blue Car<\/a>, sans que cela p\u00e9nalise trop les finances publiques.<\/p>\n<p>Mince, en fait de solution \u00ab\u00a0<em>priv\u00e9e<\/em>\u00ab\u00a0, Autolib&rsquo; constitue d\u00e9sormais <a href=\"http:\/\/www.lefigaro.fr\/conjoncture\/2018\/06\/03\/20002-20180603ARTFIG00108--paris-hidalgo-reflechit-a-se-passer-de-l-autolib.php\" target=\"_blank\" rel=\"noopener\">un gouffre financier que Bollor\u00e9 ne veut pas payer tout seul<\/a>. Il r\u00e9clame d\u00e9sormais 40 millions d&rsquo;euros par an (d&rsquo;argent public) pour maintenir ses voitures \u00e9lectriques \u00e0 Paris. Pour <a href=\"http:\/\/www.lefigaro.fr\/societes\/2017\/01\/04\/20005-20170104ARTFIG00335-les-pertes-d-autolib-seraient-majoritairement-assumees-par-les-contribuables.php\" rel=\"noopener\" target=\"_blank\">le Figaro<\/a>, les pertes d&rsquo;Autolib&rsquo; seront majoritairement assum\u00e9es par les contribuables.<\/p>\n<p>La nouvelle \u00e9conomie n&rsquo;a plus le vent en poupe. Elle frappe d\u00e9sormais \u00e0 la porte de la bonne vieille \u00e9conomie, vous savez l&rsquo;argent public de nos imp\u00f4ts, pour financer ses lubies de mobilit\u00e9 2.0 ou autres <a href=\"http:\/\/carfree.fr\/index.php\/2009\/01\/30\/voiture-servicielle-consommation-ostentatoire-et-distinction-provocante\/\" target=\"_blank\" rel=\"noopener\">voitures servicielles<\/a>.<\/p>\n<p>Pour Anne Hidalgo, maire de Paris, Autolib&rsquo; \u00ab\u00a0<em>aurait \u00e9t\u00e9 percut\u00e9 par de nouvelles innovations comme les VTC, les scooters en libre-service, les v\u00e9los \u00e0 assistance \u00e9lectrique&#8230;<\/em>\u00a0\u00bb Vu le nombre de scooters en circulation \u00e0 Paris, on constate en effet un v\u00e9ritable engouement pour les Cityscoots, qui pourrissent bien la vie des pi\u00e9tons et des cyclistes, en se garant en vrac sur les trottoirs ou en utilisant les bandes cyclables et autres sas v\u00e9lo. Le plus triste, c&rsquo;est de constater que m\u00eame Cityscoot est financ\u00e9 avec de l&rsquo;argent public! Sur <a href=\"http:\/\/www.cityscoot.eu\/\" rel=\"noopener\" target=\"_blank\">leur site Internet<\/a>, on peut trouver en effet les jolis logos de la Banque Publique d&rsquo;Investissement (bpifrance) et de la Caisse des d\u00e9p\u00f4ts, preuve indiscutable que ce magnifique projet de multiplication des scooters en ville est financ\u00e9 avec de l&rsquo;argent public!<\/p>\n<p>Sur Carfree, nous avions pourtant d\u00e8s 2012 propos\u00e9 un autre concept de voiture partag\u00e9e, intitul\u00e9 <a href=\"http:\/\/carfree.fr\/index.php\/2012\/12\/10\/volib-le-nouveau-concept-de-voiture-partagee\/\" target=\"_blank\" rel=\"noopener\">Volib&rsquo;<\/a>. Les acteurs de la nouvelle \u00e9conomie auraient mieux fait de s&rsquo;en inspirer&#8230;<\/p>\n<p>Il est quand m\u00eame frappant de constater la mani\u00e8re avec laquelle le n\u00e9o-lib\u00e9ralisme r\u00e9cup\u00e8re tous les concepts, y compris les meilleures id\u00e9es, pour au final les pourrir jusqu&rsquo;\u00e0 la moelle. Au d\u00e9but, ils ont appel\u00e9 cela \u00ab\u00a0<em>l&rsquo;\u00e9conomie du partage<\/em>\u00ab\u00a0. Cela sonnait plut\u00f4t bien et promettait un avenir radieux, limite \u00e9conomie post-sovi\u00e9tique! Vous allez voir, on va se d\u00e9barrasser de tous ces objets qu&rsquo;il ne sert plus \u00e0 rien de poss\u00e9der (v\u00e9los, voitures, etc.) pour utiliser uniquement des v\u00e9hicules dits \u00ab\u00a0<em>en partage<\/em>\u00a0\u00bb sur la base de \u00ab\u00a0<em>contrats de service<\/em>\u00a0\u00bb et autres abonnements.<\/p>\n<p>Le r\u00e9sultat est d\u00e9sormais assez clair: mettez des v\u00e9los en libre-service sans station dans les rues, au bout de quelques semaines il ne reste plus que des \u00e9paves. Mettez des voitures en libre-service dans les rues et assez rapidement vous obtenez <a href=\"http:\/\/www.leparisien.fr\/paris-75018\/paris-voitures-degradees-et-squattees-autolib-dans-le-rouge-12-11-2017-7388367.php\" target=\"_blank\" rel=\"noopener\">des voitures d\u00e9grad\u00e9es et squatt\u00e9es<\/a>. D\u00e9sormais, on met des scooters en libre-service dans les rues et <a href=\"https:\/\/twitter.com\/RasLeScoot\" rel=\"noopener\" target=\"_blank\">on les retrouve autant sur les trottoirs que sur les bandes cyclables<\/a>&#8230;<\/p>\n<p>C&rsquo;est assez piquant de constater que les ap\u00f4tres de la nouvelle \u00e9conomie dite aussi collaborative d\u00e9couvrent avec stupeur que&#8230; la collectivisation ne fonctionne pas! En fait, ces gens-l\u00e0 qui sont des n\u00e9o-lib\u00e9raux pur jus ont voulu nous vendre une sorte d&rsquo;exp\u00e9rience d&rsquo;\u00e9conomie collectivis\u00e9e de la mobilit\u00e9. Mais attention, si l&rsquo;objectif \u00e9tait de collectiviser les v\u00e9hicules, les profits \u00e9taient cens\u00e9s bien entendu \u00eatre privatis\u00e9s.<\/p>\n<p>Sauf qu&rsquo;en guise de profits, il ne reste plus que des dettes. Et c&rsquo;est d\u00e9sormais \u00e0 la collectivit\u00e9 publique de payer l&rsquo;ardoise du Fiascolib&rsquo;.<\/p>\n<p>&nbsp;<\/p>\n<p><em>Photo: <a href=\"https:\/\/fr.m.wikipedia.org\/wiki\/Fichier:Autolib_bluecar_side.jpg\" target=\"_blank\" rel=\"noopener\">francisco.j.gonzalez<\/a> (licence Creative Commons Attribution 2.0 G\u00e9n\u00e9rique).<\/em><\/p>\n","protected":false},"excerpt":{"rendered":"<p>C&rsquo;est l&rsquo;hallali! Apr\u00e8s l&rsquo;\u00e9chec des v\u00e9los en libre-service sans stations type gobee bike et le v\u00e9libgate qui concerne lui les v\u00e9los en libre-service avec station \u00e0 Paris, c&rsquo;est maintenant Autolib&rsquo; <a class=\"more-link\" href=\"https:\/\/carfree.fr\/index.php\/2018\/06\/05\/fiascolib\/\">Lire la suite&#8230;<\/a><\/p>\n","protected":false},"author":18,"featured_media":39695,"comment_status":"open","ping_status":"closed","sticky":false,"template":"","format":"standard","meta":[],"categories":[1223,73,7],"tags":[1709,985,184,1209,60,1344,106,1213,1749,984],"views":7205,"_links":{"self":[{"href":"https:\/\/carfree.fr\/index.php\/wp-json\/wp\/v2\/posts\/39694"}],"collection":[{"href":"https:\/\/carfree.fr\/index.php\/wp-json\/wp\/v2\/posts"}],"about":[{"href":"https:\/\/carfree.fr\/index.php\/wp-json\/wp\/v2\/types\/post"}],"author":[{"embeddable":true,"href":"https:\/\/carfree.fr\/index.php\/wp-json\/wp\/v2\/users\/18"}],"replies":[{"embeddable":true,"href":"https:\/\/carfree.fr\/index.php\/wp-json\/wp\/v2\/comments?post=39694"}],"version-history":[{"count":0,"href":"https:\/\/carfree.fr\/index.php\/wp-json\/wp\/v2\/posts\/39694\/revisions"}],"wp:featuredmedia":[{"embeddable":true,"href":"https:\/\/carfree.fr\/index.php\/wp-json\/wp\/v2\/media\/39695"}],"wp:attachment":[{"href":"https:\/\/carfree.fr\/index.php\/wp-json\/wp\/v2\/media?parent=39694"}],"wp:term":[{"taxonomy":"category","embeddable":true,"href":"https:\/\/carfree.fr\/index.php\/wp-json\/wp\/v2\/categories?post=39694"},{"taxonomy":"post_tag","embeddable":true,"href":"https:\/\/carfree.fr\/index.php\/wp-json\/wp\/v2\/tags?post=39694"}],"curies":[{"name":"wp","href":"https:\/\/api.w.org\/{rel}","templated":true}]}}