{"id":4026,"date":"2009-07-29T08:31:32","date_gmt":"2009-07-29T07:31:32","guid":{"rendered":"http:\/\/carfree.fr\/?p=4026"},"modified":"2016-05-18T13:48:17","modified_gmt":"2016-05-18T12:48:17","slug":"le-pedaltrain-et-autres-zones-dabandon-de-lautomobile","status":"publish","type":"post","link":"https:\/\/carfree.fr\/index.php\/2009\/07\/29\/le-pedaltrain-et-autres-zones-dabandon-de-lautomobile\/","title":{"rendered":"Le pedaltrain et autres zones d\u2019abandon de l\u2019automobile"},"content":{"rendered":"<p>Steven M. Johnson est probablement quelqu&rsquo;un d&rsquo;\u00e0 part, une sorte de g\u00e9nie entre <a title=\"http:\/\/carfree.fr\/index.php\/2008\/02\/29\/quel-futur-voulons-nous\/\" href=\"http:\/\/carfree.fr\/index.php\/2008\/02\/29\/quel-futur-voulons-nous\/\" target=\"_self\">Robert Crumb<\/a>, Jules Verne et L\u00e9onard de Vinci. En tant qu&rsquo;inventeur, auteur, dessinateur et ancien urbaniste, il a pass\u00e9 sa vie \u00e0 imaginer toutes sortes de choses, en particulier dans le domaine des transports. <!--more--><\/p>\n<p>Inventeur latent, <a title=\"http:\/\/www.patentdepending.com\/Patent_Depending\/Steven_M._Johnson.html\" href=\"http:\/\/www.patentdepending.com\/Patent_Depending\/Steven_M._Johnson.html\" target=\"_blank\">Steven M. Johnson<\/a> a d\u00e9couvert son \u00ab\u00a0aptitude\u00a0\u00bb seulement \u00e0 l&rsquo;\u00e2ge de 36 ans en 1974, quand il a \u00e9t\u00e9 caricaturiste \u00e9ditorial pour le Bulletin du Sierra Club. L&rsquo;\u00e9diteur du bulletin, Roger Olmsted, lui demande alors d&rsquo;inventer 16 v\u00e9hicules de loisirs fantasques. Johnson lui en donnera 109&#8230;.<\/p>\n<p>Parmi les nombreuses inventions ou projets tous plus d\u00e9lirants les uns que les autres de Steven M. Johnson, on retiendra ici le pedaltrain et les zones d&rsquo;abandon de l&rsquo;automobile. Ceci dit, en y regardant de plus pr\u00e8s, ces projets ne sont pas vraiment plus d\u00e9lirants que d&rsquo;imaginer qu&rsquo;un jour tout le monde puisse se d\u00e9placer avec un v\u00e9hicule \u00e0 moteur de plus d&rsquo;une tonne pour d\u00e9placer en moyenne 70 kilos&#8230;<\/p>\n<p>Johnson a historiquement tr\u00e8s t\u00f4t l&rsquo;intuition d&rsquo;un v\u00e9hicule hybride train-v\u00e9lo qui s&rsquo;affranchirait des d\u00e9pendances \u00e9nerg\u00e9tiques actuelles au p\u00e9trole ou au nucl\u00e9aire. Ce v\u00e9hicule hybride est le pedaltrain, bien avant le <a title=\"http:\/\/carfree.fr\/index.php\/2009\/02\/23\/le-velotrain-un-tgv-a-pedales\/\" href=\"http:\/\/carfree.fr\/index.php\/2009\/02\/23\/le-velotrain-un-tgv-a-pedales\/\" target=\"_self\">v\u00e9lotrain<\/a> ou le <a title=\"http:\/\/carfree.fr\/index.php\/2009\/07\/25\/shweeb-le-monorail-a-pedale-du-futur\/\" href=\"http:\/\/carfree.fr\/index.php\/2009\/07\/25\/shweeb-le-monorail-a-pedale-du-futur\/\" target=\"_self\">shweeb<\/a>&#8230; Son concept permet ainsi de combiner les deux alternatives classiques \u00e0 l&rsquo;automobile, le v\u00e9lo et les transports publics.<\/p>\n<p>Dans les gares du pedaltrain, on trouve des douches, des salles pour se changer et des bars \u00e0 jus de fruit&#8230;<\/p>\n<p>Selon la description qu&rsquo;en fait Johnson, le pedaltrain est adapt\u00e9 pour desservir les banlieues pavillonnaires du p\u00e9riurbain, la fameuse <a title=\"http:\/\/carfree.fr\/index.php\/2008\/11\/20\/pour-une-definition-de-suburbia-avant-disparition\/\" href=\"http:\/\/carfree.fr\/index.php\/2008\/11\/20\/pour-une-definition-de-suburbia-avant-disparition\/\" target=\"_self\">suburbia<\/a> am\u00e9ricaine. Dans ce contexte, le pedaltrain pourrait constituer une solution pour la <a title=\"http:\/\/carfree.fr\/index.php\/2008\/11\/19\/vers-la-crise-dun-modele-base-sur-letalement-urbain\/\" href=\"http:\/\/carfree.fr\/index.php\/2008\/11\/19\/vers-la-crise-dun-modele-base-sur-letalement-urbain\/\" target=\"_self\">future crise majeure<\/a> que va conna\u00eetre le p\u00e9riurbain avec le p\u00e9trole cher.<\/p>\n<p><a title=\"pedaltrain.jpg\" href=\"http:\/\/carfree.fr\/images\/pedaltrain.jpg\" target=\"_blank\"><img decoding=\"async\" loading=\"lazy\" title=\"pedaltrain-min\" src=\"http:\/\/carfree.fr\/images\/pedaltrain-min.jpg\" alt=\"pedaltrain-min\" width=\"420\" height=\"200\" \/><\/a><\/p>\n<p><a title=\"zones-abandon-automobile\" href=\"http:\/\/carfree.fr\/images\/zones-abandon-automobile.jpg\" target=\"_blank\"><img decoding=\"async\" loading=\"lazy\" title=\"zones-abandon-automobile-min\" src=\"http:\/\/carfree.fr\/images\/zones-abandon-automobile-min.jpg\" alt=\"zones-abandon-automobile-min\" width=\"420\" height=\"200\" \/><\/a><\/p>\n<p>Avec les zones d&rsquo;abandon de l&rsquo;automobile, Johnson commence \u00e0 r\u00e9pondre \u00e0 des questions tr\u00e8s concr\u00e8tes. Ces zones d&rsquo;abandon constituent en effet une vision tr\u00e8s contemporaine d&rsquo;automobilistes qui fuient les embouteillages \u00e0 proximit\u00e9 d&rsquo;un train (ou d&rsquo;un pedaltrain d&rsquo;ailleurs&#8230;), et qui renoncent volontairement \u00e0 leur voiture. Une sorte d&rsquo;anticipation d\u00e9structur\u00e9e de nos actuels parcs-relais? Ou peut-\u00eatre la vision pr\u00e9monitoire de la fin du p\u00e9trole et de l&rsquo;automobile?<\/p>\n","protected":false},"excerpt":{"rendered":"<p>Steven M. Johnson est probablement quelqu&rsquo;un d&rsquo;\u00e0 part, une sorte de g\u00e9nie entre Robert Crumb, Jules Verne et L\u00e9onard de Vinci. En tant qu&rsquo;inventeur, auteur, dessinateur et ancien urbaniste, il <a class=\"more-link\" href=\"https:\/\/carfree.fr\/index.php\/2009\/07\/29\/le-pedaltrain-et-autres-zones-dabandon-de-lautomobile\/\">Lire la suite&#8230;<\/a><\/p>\n","protected":false},"author":18,"featured_media":36460,"comment_status":"open","ping_status":"open","sticky":false,"template":"","format":"standard","meta":[],"categories":[4,165,73,77,6,124,8,7,70],"tags":[1709,62,139,646,132,1663,99,682,201,43,122,172,369,131,38,97,1664,842],"views":10253,"_links":{"self":[{"href":"https:\/\/carfree.fr\/index.php\/wp-json\/wp\/v2\/posts\/4026"}],"collection":[{"href":"https:\/\/carfree.fr\/index.php\/wp-json\/wp\/v2\/posts"}],"about":[{"href":"https:\/\/carfree.fr\/index.php\/wp-json\/wp\/v2\/types\/post"}],"author":[{"embeddable":true,"href":"https:\/\/carfree.fr\/index.php\/wp-json\/wp\/v2\/users\/18"}],"replies":[{"embeddable":true,"href":"https:\/\/carfree.fr\/index.php\/wp-json\/wp\/v2\/comments?post=4026"}],"version-history":[{"count":0,"href":"https:\/\/carfree.fr\/index.php\/wp-json\/wp\/v2\/posts\/4026\/revisions"}],"wp:featuredmedia":[{"embeddable":true,"href":"https:\/\/carfree.fr\/index.php\/wp-json\/wp\/v2\/media\/36460"}],"wp:attachment":[{"href":"https:\/\/carfree.fr\/index.php\/wp-json\/wp\/v2\/media?parent=4026"}],"wp:term":[{"taxonomy":"category","embeddable":true,"href":"https:\/\/carfree.fr\/index.php\/wp-json\/wp\/v2\/categories?post=4026"},{"taxonomy":"post_tag","embeddable":true,"href":"https:\/\/carfree.fr\/index.php\/wp-json\/wp\/v2\/tags?post=4026"}],"curies":[{"name":"wp","href":"https:\/\/api.w.org\/{rel}","templated":true}]}}