{"id":40594,"date":"2018-06-22T09:35:46","date_gmt":"2018-06-22T08:35:46","guid":{"rendered":"http:\/\/carfree.fr\/?p=40594"},"modified":"2019-05-28T15:07:49","modified_gmt":"2019-05-28T14:07:49","slug":"le-conducteur-a-raison-le-cycliste-a-tout-compris","status":"publish","type":"post","link":"https:\/\/carfree.fr\/index.php\/2018\/06\/22\/le-conducteur-a-raison-le-cycliste-a-tout-compris\/","title":{"rendered":"Le conducteur a raison, le cycliste a tout compris"},"content":{"rendered":"<p>Ma\u00eetre FULANO \u00e9tait presque arriv\u00e9 \u00e0 son cabinet. Arr\u00eat\u00e9 \u00e0 un feu rouge, il caressa voluptueusement le cuir du volant de son nouveau SUV. Avocat depuis un peu plus de vingt ans, il pouvait se consid\u00e9rer comme un notable parmi ses pairs. Dot\u00e9 d\u2019une bonne client\u00e8le, faisant travailler deux secr\u00e9taires, il venait de recruter un collaborateur. Une silhouette furtive en deux roues attira son attention\u00a0: <em>-Tiens justement le voil\u00e0 qui d\u00e9barque au cabinet, et \u00e0 v\u00e9lo comme d\u2019habitude.<\/em> Comment Ma\u00eetre FULANO avait-il embauch\u00e9 ce collaborateur\u00a0? Il avait les cheveux en p\u00e9tard, l\u00e0 o\u00f9 les siens \u00e9taient bien peign\u00e9s, constamment plong\u00e9 dans un bouquin quand lui \u00e9tait branch\u00e9 sur son portable, toujours \u00e0 v\u00e9lo quand lui aimait rouler en grosse cylindr\u00e9e, le macaron d\u2019avocat coll\u00e9 en \u00e9vidence sur le pare-brise. Ils \u00e9taient tous deux si contraires\u00a0! Ma\u00eetre FULANO \u00e9tait un intuitif. Il avait engag\u00e9 cet escogriffe \u00e0 deux roues, devinant en lui quelque chose d\u2019important, de fondamental m\u00eame, qui lui manquait. <!--more--><\/p>\n<p>En regardant son collaborateur arrimer son v\u00e9lo \u00e0 un lampadaire, Ma\u00eetre FULANO se demanda si ce n\u2019\u00e9tait pas justement la bicyclette qui lui donnait ce truc en plus. Il voulut en avoir le c\u0153ur net. Il prit son v\u00e9lo le lendemain. Apr\u00e8s vingt minutes de parcours, il atteignit son bureau haletant, un peu plus \u00e9bouriff\u00e9 que d\u2019ordinaire. Mais il se sentait bien. Il avait pris le temps de s\u2019arr\u00eater pour go\u00fbter aux reflets du lever de soleil sur la rivi\u00e8re qu\u2019il ne faisait que traverser distraitement en voiture.<\/p>\n<p>Mais \u00e9tait-ce le v\u00e9lo qui donnait \u00e0 son collaborateur ce recul sur les dossiers, ce regard avis\u00e9 qu\u2019il admirait en secret\u00a0? Il se rappela que c\u2019\u00e9tait pour ce coup d\u2019\u0153il qu\u2019il l\u2019avait recrut\u00e9. A la pause-caf\u00e9 du matin, Ma\u00eetre FULANO interpella son collaborateur d\u2019une remarque qui se voulait anodine.<em> J\u2019ai pris mon v\u00e9lo ce matin pour venir travailler. \u00c7a m\u2019a fait beaucoup de bien. De l\u00e0 \u00e0 dire que je vais mieux bosser mes dossiers\u00a0?<\/em> Murmura-il l\u2019air interrogateur. Son interlocuteur le fixa derri\u00e8re sa m\u00e8che rebelle et apr\u00e8s avoir aval\u00e9 une gorg\u00e9e de caf\u00e9 lui r\u00e9pondit. <em>&#8211; Je propose de vous envoyer un texte de Jacques.<\/em> Jacques\u00a0? Comme souvent, son collaborateur s\u2019\u00e9tait exprim\u00e9 par un des traits \u00e9nigmatiques dont il avait le secret. Ma\u00eetre FULANO n\u2019eut pas le temps de poursuivre la discussion. Son collaborateur avait disparu dans un \u00ab\u00a0<em>j\u2019ai un dossier \u00e0 boucler, je file<\/em>\u00a0\u00bb.<\/p>\n<p>En fin de journ\u00e9e, Ma\u00eetre FULANO re\u00e7u un mail portant en objet\u00a0\u00ab\u00a0de la part de Jacques\u00a0\u00bb\u00a0:<br \/>\n\u00ab\u00a0<em>La raison brille, l\u2019intelligence \u00e9claire. La raison abstraite de la bourgeoisie, des grands commis, des puissances d\u2019argent est sans rapport avec le r\u00e9el. Je connais de hauts personnages qui ne sont que des produits finis Ils raisonnent correctement, mais ils sont incapables de v\u00e9rifier les bases de leur raisonnement. Ils sont coup\u00e9s de la vie, et on peut leur faire croire n\u2019importe quoi. (\u2026) Le Monde n\u2019est sensible \u00e0 l\u2019esprit que s\u2019il est d\u2019abord sensible aux sens. Voil\u00e0 ce qu\u2019admet difficilement la raison et que saisit l\u2019intelligence. L\u2019intelligence distingue sans s\u00e9parer, unit sans confondre. Elle r\u00e9concilie r\u00e9flexe et r\u00e9flexion, c\u0153ur et raison, nature et culture. Elle donne la joie. L\u2019avenir de l\u2019homme est intelligence, une intelligence qui sent la for\u00eat.\u00a0\u00bb Sign\u00e9. Jacques.<\/em><\/p>\n<p>Jacques\u00a0? Son collaborateur avait eu la d\u00e9licatesse de glisser un lien dans le mail qui renvoyait \u00e0 une page d\u2019auteur: <em>La nature est un talisman<\/em> de Jacques de Bourbon Busset.<\/p>\n<p>Ma\u00eetre FULANO ne put s\u2019endormir t\u00f4t ce soir-l\u00e0. Il se voyait assis dans sa grosse cylindr\u00e9e, occup\u00e9 \u00e0 appliquer machinalement le code de la route, coup\u00e9 du monde r\u00e9el dans sa boite herm\u00e9tique. Un peu \u00e0 l\u2019image de son quotidien: il appliquait le droit \u00e0 ses affaires. Mais appliquer n\u2019est pas penser un dossier. Quel manque de recul parfois! Il avait sans doute raison de prendre sa voiture en hiver pour rester bien au chaud entre sa maison et son bureau. Mais son collaborateur avait tout compris \u00e0 prendre son v\u00e9lo pour se reconnecter \u00e0 ses sens et au monde r\u00e9el, \u00e0 sentir le froid piquer sa peau. Il avait peut-\u00eatre raison de chercher la s\u00e9curit\u00e9, capara\u00e7onn\u00e9 dans son habitable de fer. Mais lui-m\u00eame n\u2019avait-il pas go\u00fbt\u00e9 \u00e0 la joie de la petite aventure en prenant son v\u00e9lo\u00a0? Il raviva un instant en lui l\u2019exaltation de ce moment o\u00f9 il avait emprunt\u00e9 ce sentier de traverse dans une demi p\u00e9nombre pour \u00e9chapper \u00e0 un embouteillage.<\/p>\n<p>Maitre FULANO se sentait comme un de ces produits lisses et finis de la profession qui font de la r\u00e8gle de droit un s\u00e9same, d\u2019un usage un tout, d\u2019un raisonnement une perfection. Il lui manquait cette chair, ce suppl\u00e9ment d\u2019\u00e2me qu\u2019il enviait \u00e0 son collaborateur. Il lui manquait de l\u2019ext\u00e9rieur pour humer les ambiances, \u00ab\u00a0sentir\u00a0\u00bb les personnes et leur entourage.<\/p>\n<p>Ma\u00eetre FULANO finit par s\u2019assoupir. Il commen\u00e7a sa nuit dans un r\u00eave insens\u00e9. Il circulait dans une grosse bagnole.\u00a0Son collaborateur le d\u00e9passait \u00e0 v\u00e9lo en lui serinant inlassablement par la fen\u00eatre ouverte de la voiture\u00a0: <em>Penser Ma\u00eetre FULANO, penser pas raisonner, penser pas raisonner!<\/em><\/p>\n<p>Nuit agit\u00e9e, aube tranquille. Ma\u00eetre FULANO commen\u00e7a sa nouvelle journ\u00e9e le sourire aux l\u00e8vres en sirotant un caf\u00e9 sirupeux. Il venait secr\u00e8tement de faire une promesse de fid\u00e9lit\u00e9 \u00e0 sa petite reine.<\/p>\n<p>Lo\u00efc TERTRAIS<\/p>\n<p>Illustration Bertrand Dosseur<\/p>\n","protected":false},"excerpt":{"rendered":"<p>Ma\u00eetre FULANO \u00e9tait presque arriv\u00e9 \u00e0 son cabinet. Arr\u00eat\u00e9 \u00e0 un feu rouge, il caressa voluptueusement le cuir du volant de son nouveau SUV. Avocat depuis un peu plus de <a class=\"more-link\" href=\"https:\/\/carfree.fr\/index.php\/2018\/06\/22\/le-conducteur-a-raison-le-cycliste-a-tout-compris\/\">Lire la suite&#8230;<\/a><\/p>\n","protected":false},"author":1666,"featured_media":40595,"comment_status":"open","ping_status":"closed","sticky":false,"template":"","format":"standard","meta":[],"categories":[4,7],"tags":[1709,646,744,1664],"views":9103,"_links":{"self":[{"href":"https:\/\/carfree.fr\/index.php\/wp-json\/wp\/v2\/posts\/40594"}],"collection":[{"href":"https:\/\/carfree.fr\/index.php\/wp-json\/wp\/v2\/posts"}],"about":[{"href":"https:\/\/carfree.fr\/index.php\/wp-json\/wp\/v2\/types\/post"}],"author":[{"embeddable":true,"href":"https:\/\/carfree.fr\/index.php\/wp-json\/wp\/v2\/users\/1666"}],"replies":[{"embeddable":true,"href":"https:\/\/carfree.fr\/index.php\/wp-json\/wp\/v2\/comments?post=40594"}],"version-history":[{"count":0,"href":"https:\/\/carfree.fr\/index.php\/wp-json\/wp\/v2\/posts\/40594\/revisions"}],"wp:featuredmedia":[{"embeddable":true,"href":"https:\/\/carfree.fr\/index.php\/wp-json\/wp\/v2\/media\/40595"}],"wp:attachment":[{"href":"https:\/\/carfree.fr\/index.php\/wp-json\/wp\/v2\/media?parent=40594"}],"wp:term":[{"taxonomy":"category","embeddable":true,"href":"https:\/\/carfree.fr\/index.php\/wp-json\/wp\/v2\/categories?post=40594"},{"taxonomy":"post_tag","embeddable":true,"href":"https:\/\/carfree.fr\/index.php\/wp-json\/wp\/v2\/tags?post=40594"}],"curies":[{"name":"wp","href":"https:\/\/api.w.org\/{rel}","templated":true}]}}