{"id":40618,"date":"2018-06-28T09:15:23","date_gmt":"2018-06-28T08:15:23","guid":{"rendered":"http:\/\/carfree.fr\/?p=40618"},"modified":"2020-11-18T08:44:20","modified_gmt":"2020-11-18T07:44:20","slug":"velorution-universelle-a-nevers","status":"publish","type":"post","link":"https:\/\/carfree.fr\/index.php\/2018\/06\/28\/velorution-universelle-a-nevers\/","title":{"rendered":"V\u00e9lorution universelle \u00e0 Nevers"},"content":{"rendered":"<p>La V\u00e9lorution universelle se d\u00e9roulera cette ann\u00e9e \u00e0 Nevers les 5, 6, 7 &amp; 8 juillet 2018. <!--more--><\/p>\n<p>Vous pouvez vous inscrire \u00e0 cette liste d\u2019infos pour recevoir les nouvelles au fur et \u00e0 mesure.<\/p>\n<p>Des voyages sont en pr\u00e9paration pour aller \u00e0 v\u00e9lo \u00e0 Nevers depuis diff\u00e9rents endroits. Pour en discuter, il faut s&rsquo;inscrire \u00e0 la liste \u00e9lectronique.<\/p>\n<p>Nous vous accueillerons d\u00e8s le jeudi 5 apr\u00e8s-midi au bivouac (situ\u00e9 \u00e0 Marzy, \u00e0 environ 7 km du centre ville de Nevers), l\u2019accueil du vendredi et du samedi se fera \u00e0 Nevers (on vous donnera l\u2019adresse d\u00e8s que possible et on viendra m\u00eame vous accueillir \u00e0 la gare pour celleux qui viennent en train). Comme d\u2019habitude deux v\u00e9lorutions sont pr\u00e9vues le vendredi et le samedi \u00e0 Nevers. Nous ferons l\u2019AG en pique-niquant en bord de Loire le dimanche. On pr\u00e9voit d\u2019autres trucs mais tout n\u2019est pas encore cal\u00e9, on vous d\u00e9voilera \u00e7a au fur et \u00e0 mesure.<\/p>\n<p>Et&#8230;.. pour celleux qui n\u2019en n\u2019ont jamais assez : la masse critique se d\u00e9placera jusqu\u2019\u00e0 Champvert (avec une v\u00e9lorution \u00e0 Decize) le dimanche apr\u00e8s-midi (environ 40 km) pour rejoindre \u00ab\u00a0La voie d\u2019la fourche\u00a0\u00bb et faire la f\u00eate le dimanche soir.<\/p>\n<p>Les ateliers et\/ou personnes qui voudraient nous aider sont les bienvenu\u00b7es. Ce serait vraiment chouette d\u2019avoir des v\u00e9los bizarres qui viennent d\u2019ailleurs, par exemple.<\/p>\n","protected":false},"excerpt":{"rendered":"<p>La V\u00e9lorution universelle se d\u00e9roulera cette ann\u00e9e \u00e0 Nevers les 5, 6, 7 &amp; 8 juillet 2018.<\/p>\n","protected":false},"author":168,"featured_media":40619,"comment_status":"open","ping_status":"closed","sticky":false,"template":"","format":"standard","meta":[],"categories":[7],"tags":[181,701,1664,113],"views":5248,"_links":{"self":[{"href":"https:\/\/carfree.fr\/index.php\/wp-json\/wp\/v2\/posts\/40618"}],"collection":[{"href":"https:\/\/carfree.fr\/index.php\/wp-json\/wp\/v2\/posts"}],"about":[{"href":"https:\/\/carfree.fr\/index.php\/wp-json\/wp\/v2\/types\/post"}],"author":[{"embeddable":true,"href":"https:\/\/carfree.fr\/index.php\/wp-json\/wp\/v2\/users\/168"}],"replies":[{"embeddable":true,"href":"https:\/\/carfree.fr\/index.php\/wp-json\/wp\/v2\/comments?post=40618"}],"version-history":[{"count":0,"href":"https:\/\/carfree.fr\/index.php\/wp-json\/wp\/v2\/posts\/40618\/revisions"}],"wp:featuredmedia":[{"embeddable":true,"href":"https:\/\/carfree.fr\/index.php\/wp-json\/wp\/v2\/media\/40619"}],"wp:attachment":[{"href":"https:\/\/carfree.fr\/index.php\/wp-json\/wp\/v2\/media?parent=40618"}],"wp:term":[{"taxonomy":"category","embeddable":true,"href":"https:\/\/carfree.fr\/index.php\/wp-json\/wp\/v2\/categories?post=40618"},{"taxonomy":"post_tag","embeddable":true,"href":"https:\/\/carfree.fr\/index.php\/wp-json\/wp\/v2\/tags?post=40618"}],"curies":[{"name":"wp","href":"https:\/\/api.w.org\/{rel}","templated":true}]}}