{"id":40623,"date":"2018-07-03T10:01:00","date_gmt":"2018-07-03T09:01:00","guid":{"rendered":"http:\/\/carfree.fr\/?p=40623"},"modified":"2021-11-26T15:40:13","modified_gmt":"2021-11-26T14:40:13","slug":"pour-que-nicolas-hulot-respecte-son-propre-pacte-ecologique","status":"publish","type":"post","link":"https:\/\/carfree.fr\/index.php\/2018\/07\/03\/pour-que-nicolas-hulot-respecte-son-propre-pacte-ecologique\/","title":{"rendered":"Pour que Nicolas Hulot respecte son propre pacte \u00e9cologique"},"content":{"rendered":"<p>Cela fait maintenant plus d&rsquo;un an que <a href=\"http:\/\/carfree.fr\/index.php\/2017\/05\/18\/nicolas-hulot-et-la-survie-en-milieu-hostile\/\" rel=\"noopener\" target=\"_blank\">Nicolas Hulot<\/a> est \u00ab\u00a0aux affaires\u00a0\u00bb comme on dit. A la t\u00eate d&rsquo;un Minist\u00e8re de la transition \u00e9cologique et solidaire que certains appellent plut\u00f4t le \u00ab\u00a0Minist\u00e8re de la transition \u00e9cologique et solitaire\u00a0\u00bb, il est aux premi\u00e8res loges pour appliquer son propre Pacte \u00e9cologique de 2007 qu&rsquo;il avait fait signer \u00e0 l&rsquo;\u00e9poque \u00e0 l&rsquo;ensemble des candidats \u00e0 l&rsquo;\u00e9lection pr\u00e9sidentielle. <!--more--><\/p>\n<p>A vrai dire, m\u00eame Nicolas Sarkozy, le gagnant de l&rsquo;\u00e9lection, avait sign\u00e9 le pacte \u00e9cologique de Nicolas Hulot, c&rsquo;est dire! Et le m\u00eame Sarkozy avait m\u00eame commenc\u00e9 par appliquer certaines des \u00ab\u00a0propositions concr\u00e8tes\u00a0\u00bb du pacte, comme la cr\u00e9ation d&rsquo;un poste de Vice-Premier ministre en charge du d\u00e9veloppement durable. Il avait ensuite lanc\u00e9 en grande pompe le Grenelle de l&rsquo;Environnement qui, on en dira ce qu&rsquo;on voudra, a malgr\u00e9 tout impact\u00e9 un certain nombre de textes l\u00e9gislatifs et r\u00e9glementaires par la suite. Bon, tout ceci s&rsquo;est bien vite termin\u00e9 avec la phrase de Sarkozy devenue c\u00e9l\u00e8bre: \u00ab\u00a0<em>l&rsquo;\u00e9cologie, \u00e7a commence \u00e0 bien faire<\/em>.\u00a0\u00bb<\/p>\n<p>Aujourd&rsquo;hui, Nicolas Hulot n&rsquo;est pas pr\u00e9sident de la r\u00e9publique, mais il est quand m\u00eame ministre en charge de l&rsquo;environnement. Ou plut\u00f4t, il a accept\u00e9 de devenir ministre dans un gouvernement En Marche apr\u00e8s avoir refus\u00e9 plusieurs fois de devenir ministre dans des gouvernements de droite comme de gauche.<\/p>\n<p>Dans une d\u00e9marche tr\u00e8s macronienne, Nicolas Hulot se pr\u00e9sente donc en rupture avec l&rsquo;Ancien Monde, celui de la droite et de la gauche ou celui des pollueurs, on ne sait pas trop bien, pour travailler \u00e0 l\u2019\u00e9mergence d&rsquo;un Nouveau Monde dans le gouvernement d&rsquo;Edouard Philippe, de G\u00e9rard Collomb, de Bruno Le Maire et de G\u00e9rald Darmanin. Rien que l&rsquo;id\u00e9e d&rsquo;associer le concept de \u00ab\u00a0Nouveau Monde\u00a0\u00bb avec des G\u00e9rard Collomb ou des Bruno Le Maire est \u00e0 tomber par terre&#8230;<\/p>\n<p>A ce stade, on se demande si le pacte \u00e9cologique de Nicolas Hulot de 2007 fait partie de l&rsquo;Ancien Monde ou s&rsquo;il \u00e9tait d\u00e9j\u00e0 pr\u00e9curseur du Nouveau Monde. Dans la seconde hypoth\u00e8se, Nicolas Hulot aurait du logiquement ressortir son pacte \u00e9cologique au moment de l\u2019\u00e9lection pr\u00e9sidentielle ou, tout au moins, au moment de son entr\u00e9e au gouvernement en tant que ministre de l&rsquo;environnement.<\/p>\n<p>Rendez-vous compte, le m\u00eame Nicolas Hulot qui faisait signer un pacte \u00e9cologique aux candidats \u00e0 l\u2019\u00e9lection pr\u00e9sidentielle en 2007 devient 10 ans plus tard ministre de l&rsquo;\u00e9cologie! Quelle victoire pour l&rsquo;\u00e9cologie! Maintenant, on va voir ce qu&rsquo;on va voir, l&rsquo;\u00e9cologie n&rsquo;a qu&rsquo;\u00e0 bien se tenir, on va les r\u00e9gler les probl\u00e8mes!<\/p>\n<p>Au fait, c&rsquo;\u00e9tait quoi le pacte \u00e9cologique de 2007?<\/p>\n<p>C&rsquo;\u00e9tait cinq \u00ab\u00a0propositions concr\u00e8tes\u00a0\u00bb et dix \u00ab\u00a0objectifs\u00a0\u00bb avanc\u00e9s par l&rsquo;animateur \u00e9cologiste, dans son livre \u00ab\u00a0<em>Pour un pacte \u00e9cologique<\/em>\u00ab\u00a0. Dans son livre, Nicolas Hulot proposait en effet \u00ab\u00a0<em>un contrat entre les Fran\u00e7ais et leur nouveau pr\u00e9sident de la R\u00e9publique pour changer de cap<\/em>\u00ab\u00a0.<\/p>\n<p>\u00ab\u00a0Cinq propositions concr\u00e8tes\u00a0\u00bb sur lesquelles les candidats \u00e9taient appel\u00e9s \u00e0 s&rsquo;engager :<\/p>\n<ol>\n<li>Un vice-premier ministre charg\u00e9 du d\u00e9veloppement durable.<\/li>\n<li>Instaurer une taxe-carbone en croissance r\u00e9guli\u00e8re.<\/li>\n<li>R\u00e9orienter les subventions agricoles vers une agriculture de qualit\u00e9.<\/li>\n<li>Syst\u00e9matiser les proc\u00e9dures de d\u00e9mocratie participative.<\/li>\n<li>Mettre en place une grande politique d&rsquo;\u00e9ducation et de sensibilisation.<\/li>\n<\/ol>\n<p>Le probl\u00e8me, c&rsquo;est que d\u00e8s la premi\u00e8re proposition concr\u00e8te, il y a comme un probl\u00e8me. Si on va sur la page Wikip\u00e9dia du Vice-Premier ministre de la France, on d\u00e9couvre avec stupeur qu&rsquo;il s&rsquo;agit de&#8230; G\u00e9rard Collomb. Autrement dit, le Vice-premier ministre n&rsquo;est pas vraiment charg\u00e9 du d\u00e9veloppement durable, ou alors du d\u00e9veloppement durable des reconduites \u00e0 la fronti\u00e8re&#8230;<\/p>\n<p>Comment Nicolas Hulot a-t-il pu accepter de devenir ministre d&rsquo;un gouvernement sans \u00eatre vice-premier ministre charg\u00e9 du d\u00e9veloppement durable? Il se trouve protocolairement au troisi\u00e8me rang, derri\u00e8re \u00c9douard Philippe (Premier ministre) et G\u00e9rard Collomb (ministre d&rsquo;\u00c9tat, ministre de l&rsquo;Int\u00e9rieur). Dit autrement, il a accept\u00e9 d&rsquo;entrer dans un gouvernement en bafouant la premi\u00e8re \u00ab\u00a0proposition concr\u00e8te\u00a0\u00bb de son pacte \u00e9cologique.<\/p>\n<p>Pour la <a href=\"https:\/\/fr.wikipedia.org\/wiki\/Taxe_carbone_en_France\" target=\"_blank\" rel=\"noopener\">Taxe Carbone<\/a>, elle existe d\u00e9j\u00e0, instaur\u00e9e sous la pr\u00e9sidence de Fran\u00e7ois Hollande et elle a servi pour l&rsquo;instant principalement \u00e0 alimenter le <a href=\"https:\/\/fr.wikipedia.org\/wiki\/Cr%C3%A9dit_d%27imp%C3%B4t_pour_la_comp%C3%A9titivit%C3%A9_et_l%27emploi\" target=\"_blank\" rel=\"noopener\">Cr\u00e9dit d&rsquo;imp\u00f4t pour la comp\u00e9titivit\u00e9 et l&#8217;emploi<\/a> (CICE), de l&rsquo;argent donn\u00e9 aux entreprises sans aucune contrepartie!<\/p>\n<p>Concernant la r\u00e9orientation des subventions agricoles vers une agriculture de qualit\u00e9, la seule actualit\u00e9 notable dans le domaine est la <a href=\"https:\/\/www.lemonde.fr\/economie\/article\/2017\/09\/22\/l-etat-supprime-les-aides-au-maintien-de-l-agriculture-bio_5189584_3234.html\" target=\"_blank\" rel=\"noopener\">suppression des aides au maintien de l\u2019agriculture bio<\/a> en septembre dernier!<\/p>\n<p>Pour les propositions \u00ab\u00a0concr\u00e8tes\u00a0\u00bb 4 et 5, on attend toujours quelque chose de d\u00e9cisif en la mati\u00e8re&#8230;<\/p>\n<p>Bref, on le voit, il faudrait dire de toute urgence \u00e0 Nicolas Hulot qu&rsquo;il serait bien qu&rsquo;il applique le pacte \u00e9cologique de Nicolas Hulot! A moins que cette histoire de pacte \u00e9cologique ne soit qu&rsquo;un poisson d&rsquo;avril&#8230; Car, il faut quand m\u00eame rappeler que le m\u00eame Nicolas Hulot avait pr\u00e9sent\u00e9 son \u00ab\u00a0Pacte \u00e9cologique\u00a0\u00bb en pleine campagne pr\u00e9sidentielle&#8230; <a href=\"https:\/\/www.lexpress.fr\/actualites\/1\/societe\/il-y-a-10-ans-le-pacte-hulot-installait-l-ecologie-en-politique_1873443.html\" target=\"_blank\" rel=\"noopener\">le 1er avril 2007<\/a>!<\/p>\n<p>Par ailleurs, le pacte \u00e9cologique de Nicolas Hulot, c&rsquo;\u00e9tait aussi \u00ab\u00a0<a href=\"https:\/\/www.lemonde.fr\/societe\/article\/2007\/01\/31\/le-pacte-ecologique-de-nicolas-hulot_862004_3224.html\" target=\"_blank\" rel=\"noopener\">Dix objectifs<\/a>\u00a0\u00bb \u00e0 atteindre. On ne va pas tout d\u00e9tailler ici, cela d\u00e9passerait largement le cadre de ce simple article. Mais, dans le domaine du \u00ab\u00a0transport\u00a0\u00bb, il faut juste rappeler que l&rsquo;objectif du pacte \u00e9cologique \u00e9tait, en toute simplicit\u00e9, de \u00ab\u00a0<em>sortir du tout routier, en d\u00e9veloppant les transports en commun et le v\u00e9lo.<\/em>\u00a0\u00bb<\/p>\n<p>Pour la sortie du tout routier, comment dire, on ne semble pas vraiment avoir trouv\u00e9 la sortie&#8230; Quant au d\u00e9veloppement des transports en commun, on voit actuellement ce que cela donne avec la gr\u00e8ve des cheminots \u00e0 la SNCF! On a l&rsquo;air bien parti pour d\u00e9velopper massivement les trains&#8230; A moins que les bus Macron&#8230; mais oui le voil\u00e0 le \u00ab\u00a0transport en commun\u00a0\u00bb \u00e0 d\u00e9velopper massivement, c&rsquo;est le Nouveau Monde Coco!<\/p>\n<p>Pour finir, un petit mot pour le v\u00e9lo qu&rsquo;on va d\u00e9velopper massivement, mais alors vraiment un petit mot, en fait juste un mot: rien.<\/p>\n","protected":false},"excerpt":{"rendered":"<p>Cela fait maintenant plus d&rsquo;un an que Nicolas Hulot est \u00ab\u00a0aux affaires\u00a0\u00bb comme on dit. A la t\u00eate d&rsquo;un Minist\u00e8re de la transition \u00e9cologique et solidaire que certains appellent plut\u00f4t <a class=\"more-link\" href=\"https:\/\/carfree.fr\/index.php\/2018\/07\/03\/pour-que-nicolas-hulot-respecte-son-propre-pacte-ecologique\/\">Lire la suite&#8230;<\/a><\/p>\n","protected":false},"author":18,"featured_media":40624,"comment_status":"open","ping_status":"closed","sticky":false,"template":"","format":"standard","meta":[],"categories":[4,73,8,7],"tags":[11,84,691,287],"views":5715,"_links":{"self":[{"href":"https:\/\/carfree.fr\/index.php\/wp-json\/wp\/v2\/posts\/40623"}],"collection":[{"href":"https:\/\/carfree.fr\/index.php\/wp-json\/wp\/v2\/posts"}],"about":[{"href":"https:\/\/carfree.fr\/index.php\/wp-json\/wp\/v2\/types\/post"}],"author":[{"embeddable":true,"href":"https:\/\/carfree.fr\/index.php\/wp-json\/wp\/v2\/users\/18"}],"replies":[{"embeddable":true,"href":"https:\/\/carfree.fr\/index.php\/wp-json\/wp\/v2\/comments?post=40623"}],"version-history":[{"count":0,"href":"https:\/\/carfree.fr\/index.php\/wp-json\/wp\/v2\/posts\/40623\/revisions"}],"wp:featuredmedia":[{"embeddable":true,"href":"https:\/\/carfree.fr\/index.php\/wp-json\/wp\/v2\/media\/40624"}],"wp:attachment":[{"href":"https:\/\/carfree.fr\/index.php\/wp-json\/wp\/v2\/media?parent=40623"}],"wp:term":[{"taxonomy":"category","embeddable":true,"href":"https:\/\/carfree.fr\/index.php\/wp-json\/wp\/v2\/categories?post=40623"},{"taxonomy":"post_tag","embeddable":true,"href":"https:\/\/carfree.fr\/index.php\/wp-json\/wp\/v2\/tags?post=40623"}],"curies":[{"name":"wp","href":"https:\/\/api.w.org\/{rel}","templated":true}]}}