{"id":40792,"date":"2018-07-06T06:50:06","date_gmt":"2018-07-06T05:50:06","guid":{"rendered":"http:\/\/carfree.fr\/?p=40792"},"modified":"2018-08-23T12:57:30","modified_gmt":"2018-08-23T11:57:30","slug":"le-pdg-de-michelin-est-charge-daccelerer-la-transition-ecologique","status":"publish","type":"post","link":"https:\/\/carfree.fr\/index.php\/2018\/07\/06\/le-pdg-de-michelin-est-charge-daccelerer-la-transition-ecologique\/","title":{"rendered":"Le PDG de Michelin est charg\u00e9 \u00ab\u00a0d&rsquo;acc\u00e9l\u00e9rer la transition \u00e9cologique\u00a0\u00bb"},"content":{"rendered":"<p>Apparemment, la transition \u00e9cologique ne va pas assez vite et il semble n\u00e9cessaire de \u00ab\u00a0donner un coup d&rsquo;acc\u00e9l\u00e9rateur\u00a0\u00bb. On va donc mettre le turbo et faire crisser les pneus de la transition \u00e9cologique en nommant Jean-Dominique Senard, PDG du groupe Michelin, pr\u00e9sident du comit\u00e9 de l\u2019Acc\u00e9l\u00e9rateur de la Transition Ecologique. <!--more--><\/p>\n<p>Si on \u00e9tait un 1er avril, on pourrait croire \u00e0 une bonne blague. Mais non, <a href=\"https:\/\/www.ecologique-solidaire.gouv.fr\/installation-du-comite-laccelerateur-transition-ecologique-acte-collectif-inedit-accompagner\" rel=\"noopener\" target=\"_blank\">Nicolas Hulot a bel et bien cr\u00e9\u00e9 ce \u00ab\u00a0machin\u00a0\u00bb il y a moins de trois mois<\/a> avec \u00ab\u00a0<em>pour objectif principal d\u2019accompagner et d\u2019appuyer le ministre et le minist\u00e8re dans les politiques conduites visant \u00e0 acc\u00e9l\u00e9rer la transition \u00e9cologique.<\/em>\u00a0\u00bb<\/p>\n<p>Comme on est quand m\u00eame dans le \u00ab\u00a0Nouveau Monde\u00a0\u00bb de Macron, ce comit\u00e9 \u00ab\u00a0<em>veillera \u00e0 ce que cette transition repose sur une alliance efficace de l\u2019\u00e9cologie et de l\u2019\u00e9conomie<\/em>.\u00a0\u00bb Alliance efficace, hum hum.<\/p>\n<p>En fait, c&rsquo;est un peu comme de la sous-traitance: le minist\u00e8re de la transition \u00e9cologique sous-traite ses missions \u00e0 un comit\u00e9 compos\u00e9 d&rsquo;industriels. Le PDG de Michelin, qui en conna\u00eet un rayon en mati\u00e8re de transition \u00e9cologique, est charg\u00e9 de \u00ab\u00a0piloter\u00a0\u00bb l&rsquo;affaire.<\/p>\n<p>Parmi les 15 membres du comit\u00e9, on trouve l&rsquo;in\u00e9vitable Laurence Parisot, ancienne pr\u00e9sidente du MEDEF, Jean-Laurent Bonnaf\u00e9 le Directeur G\u00e9n\u00e9ral de BNP Paribas, Pierre Andr\u00e9 de Chalendar le PDG du groupe Saint-Gobain, Patrick Oliva l&rsquo;ancien directeur de la Communication du groupe Michelin ou Natacha Valla, cheffe de la division politique et strat\u00e9gie de la BEI, membre permanent du CAE, administratrice des groupes LVMH, Accor et ASF-Cofiroute, ancienne directrice ex\u00e9cutive de la recherche \u00e9conomique chez Goldman Sachs (2008-2014).<\/p>\n<p>Bref, du beau monde, des gens s\u00e9rieux quoi! C&rsquo;est fini de confier l&rsquo;\u00e9cologie \u00e0 des \u00e9cologistes, maintenant on la confie \u00e0 des industriels qui connaissent leur m\u00e9tier.<\/p>\n<p>Comme le dit <a href=\"http:\/\/www.eauxglacees.com\/Nicolas-Hulot-re-invente-l\" rel=\"noopener\" target=\"_blank\">Marc Laim\u00e9<\/a>, \u00ab\u00a0<em>l\u2019\u00e9cologie \u00e9tant une chose trop s\u00e9rieuse pour la laisser aux \u00e9cologistes, on va la confier aux industriels\u2026<\/em>\u00a0\u00bb<\/p>\n<p>Et puis il fallait bien confier une mission \u00e0 Jean-Dominique Senard, car le pauvre PDG de Michelin <a href=\"https:\/\/www.lesechos.fr\/11\/12\/2017\/lesechos.fr\/0301009022849_medef---clap-de-fin-pour-la-candidature-de-senard.htm\" rel=\"noopener\" target=\"_blank\">n&rsquo;a pas pu devenir pr\u00e9sident du MEDEF<\/a> pour cause de d\u00e9passement de la limite d&rsquo;\u00e2ge. Comme il \u00e9tait triste, on l&rsquo;a charg\u00e9 de piloter (\u00e0 90 km\/heure) la transition \u00e9cologique et on lui a adjoint Laurence Parisot pour le consoler.<\/p>\n<p>Aux derni\u00e8res nouvelles, les deux PDG de Renault et Peugeot seraient au coude \u00e0 coude pour prendre la t\u00eate du Grand Plan V\u00e9lo que tous les cyclistes de France attendent de pied ferme&#8230;<\/p>\n<p>La transition \u00e9cologique est un v\u00e9ritable \u00ab\u00a0moteur\u00a0\u00bb du d\u00e9veloppement durable. Attention tout de m\u00eame \u00e0 ne pas finir dans le d\u00e9cor!<\/p>\n","protected":false},"excerpt":{"rendered":"<p>Apparemment, la transition \u00e9cologique ne va pas assez vite et il semble n\u00e9cessaire de \u00ab\u00a0donner un coup d&rsquo;acc\u00e9l\u00e9rateur\u00a0\u00bb. On va donc mettre le turbo et faire crisser les pneus de <a class=\"more-link\" href=\"https:\/\/carfree.fr\/index.php\/2018\/07\/06\/le-pdg-de-michelin-est-charge-daccelerer-la-transition-ecologique\/\">Lire la suite&#8230;<\/a><\/p>\n","protected":false},"author":18,"featured_media":40793,"comment_status":"open","ping_status":"closed","sticky":false,"template":"","format":"standard","meta":[],"categories":[52],"tags":[1709,84,81,1275,691,393,287,235],"views":9500,"_links":{"self":[{"href":"https:\/\/carfree.fr\/index.php\/wp-json\/wp\/v2\/posts\/40792"}],"collection":[{"href":"https:\/\/carfree.fr\/index.php\/wp-json\/wp\/v2\/posts"}],"about":[{"href":"https:\/\/carfree.fr\/index.php\/wp-json\/wp\/v2\/types\/post"}],"author":[{"embeddable":true,"href":"https:\/\/carfree.fr\/index.php\/wp-json\/wp\/v2\/users\/18"}],"replies":[{"embeddable":true,"href":"https:\/\/carfree.fr\/index.php\/wp-json\/wp\/v2\/comments?post=40792"}],"version-history":[{"count":0,"href":"https:\/\/carfree.fr\/index.php\/wp-json\/wp\/v2\/posts\/40792\/revisions"}],"wp:featuredmedia":[{"embeddable":true,"href":"https:\/\/carfree.fr\/index.php\/wp-json\/wp\/v2\/media\/40793"}],"wp:attachment":[{"href":"https:\/\/carfree.fr\/index.php\/wp-json\/wp\/v2\/media?parent=40792"}],"wp:term":[{"taxonomy":"category","embeddable":true,"href":"https:\/\/carfree.fr\/index.php\/wp-json\/wp\/v2\/categories?post=40792"},{"taxonomy":"post_tag","embeddable":true,"href":"https:\/\/carfree.fr\/index.php\/wp-json\/wp\/v2\/tags?post=40792"}],"curies":[{"name":"wp","href":"https:\/\/api.w.org\/{rel}","templated":true}]}}