{"id":40930,"date":"2018-08-22T09:01:23","date_gmt":"2018-08-22T08:01:23","guid":{"rendered":"http:\/\/carfree.fr\/?p=40930"},"modified":"2021-01-14T14:58:04","modified_gmt":"2021-01-14T13:58:04","slug":"lage-dor-du-droit-environnemental-et-son-crepuscule","status":"publish","type":"post","link":"https:\/\/carfree.fr\/index.php\/2018\/08\/22\/lage-dor-du-droit-environnemental-et-son-crepuscule\/","title":{"rendered":"\u00ab\u00a0L&rsquo;\u00e2ge d&rsquo;or du Droit environnemental\u00a0\u00bb&#8230; et son cr\u00e9puscule"},"content":{"rendered":"<p>Faut-il lancer symboliquement le mot d\u2019ordre \u00ab\u00a0<em>Hulot d\u00e9mission\u00a0!<\/em>\u00a0\u00bb\u00a0? Ou, plus s\u00e9rieusement, pour rompre avec deux d\u00e9cennies d\u2019imposture, ne faut-il pas demander la fermeture pure et simple du minist\u00e8re de l\u2019\u00e9cologie? <!--more--><\/p>\n<p>Beaucoup de personnes s\u2019interrogent encore sur le r\u00f4le de Nicolas Hulot au poste de ministre de la transition \u00e9cologique et solidaire\u2026 Ils s\u2019en inqui\u00e8tent, s\u2019efforcent de comprendre, mais ne veulent pas croire ou voir ce qui se passe.<\/p>\n<p>Pour ceux qui s\u2019en souviennent, au d\u00e9but des ann\u00e9es 2000 on pensait avoir touch\u00e9 le fond avec Roselyne Bachelot \u00e0 l\u2019\u00e9cologie\u2026 Et l\u2019on d\u00e9couvre aujourd&rsquo;hui Nicolas Hulot dans la fonction. Disons-le d&#8217;embl\u00e9e, apr\u00e8s lui il sera difficile de faire pire \u00e0 ce poste.<\/p>\n<p>Il faut se souvenir aussi qu&rsquo;entre Bachelot et Hulot, il n\u2019y a eu aucune parenth\u00e8se de temps mort pour accorder quelques brefs r\u00e9pits \u00e0 la nature. Vingt ans de travail de sape de l\u2019\u00e9cologie en France eurent le minist\u00e8re de l\u2019\u00e9cologie pour chef de chantier. Ainsi, la d\u00e9gringolade du droit environnemental n\u2019a fait que s\u2019acc\u00e9l\u00e9rer depuis le tournant du si\u00e8cle avec en prime pour ultime humiliation de grotesques impostures gouvernementales: le Grenelle de l\u2019environnement sous Sarkozy et la \u00ab\u00a0transition \u00e9nerg\u00e9tique\u00a0\u00bb dans la continuit\u00e9 nucl\u00e9aire assur\u00e9e sous Hollande apr\u00e8s Fukushima. Fort probablement, dans les surench\u00e8res gouvernementales pour donner le coup de gr\u00e2ce \u00e0 l\u2019environnement en France il fallait en personne le h\u00e9ros-\u00e9colo des fran\u00e7ais. \u00ab\u00a0<em>Hulot pire que Bachelot\u00a0!<\/em>\u00a0\u00bb serait un mot d\u2019ordre plus juste pour recentrer la critique sur le minist\u00e8re et son travail de d\u00e9molition du droit environnemental en France\u2026<\/p>\n<p>Au 1er avril 2018, coup de th\u00e9\u00e2tre, les ONG environnementales apprenaient constern\u00e9es que le ministre de l\u2019\u00e9cologie confiait au grand patronat fran\u00e7ais une mission sp\u00e9ciale, qualifi\u00e9e d'\u00a0\u00bb<em>in\u00e9dite<\/em>\u00ab\u00a0: la formation d\u2019un \u00ab\u00a0<em>Acc\u00e9l\u00e9rateur de la Transition Ecologique (AcTE)<\/em>\u00ab\u00a0. Sans nul doute, on est dans l\u2019inou\u00ef. Le communiqu\u00e9 de presse officiel du minist\u00e8re pour le lancement de ce collectif patronal \u00e0 qui le ministre confie les r\u00eanes de l\u2019\u00e9cologie tricolore pr\u00e9cisait sans rire que \u00ab\u00a0<em>ce comit\u00e9 est une premi\u00e8re<\/em>\u00ab\u00a0. En effet, ce <em>think tank<\/em> d\u2019affairistes pr\u00e9sid\u00e9 par le PDG de Michelin \u00ab\u00a0<em>aura pour mission d\u2019accompagner et de stimuler les r\u00e9flexions du minist\u00e8re pour la mise en \u0153uvre de l\u2019ensemble des mesures du Plan climat (1)<\/em>.\u00a0\u00bb Plus concr\u00e8tement, il aura la lourde charge d\u2019\u00e9tablir des plans sur la com\u00e8te pour atteindre la \u00ab\u00a0<em>neutralit\u00e9 carbone<\/em>\u00a0\u00bb \u00e0 l\u2019horizon 2050\u2026 Autant dire que, dans cette redistribution des r\u00f4les, les ONG naturalistes et environnementalistes n\u2019auront plus voix au chapitre. Le bon vieux temps des n\u00e9gociations est fini. Mises sur la touche avec ce comit\u00e9, interlocuteur privil\u00e9gi\u00e9 du ministre, les associations  ne pourront que constater qu\u2019au plus mauvais moment survient le recul le plus massif du droit environnemental en France; si tant est qu\u2019il y ait eu un jour quelques avanc\u00e9es en ce domaine.<\/p>\n<p>Du point de vue de la politique politicienne, \u00ab\u00a0<em>l\u2019in\u00e9dit<\/em>\u00a0\u00bb confine \u00e0 la provocation. Avec cette coterie de patrons en pr\u00e9retraite formant le comit\u00e9 \u00ab\u00a0<em>Acc\u00e9l\u00e9rateur de la Transition Ecologique<\/em>\u00a0\u00bb il y a de toute \u00e9vidence du copinage; Hulot renvoie l\u2019ascenseur \u00e0 quelques-uns de ses amis du CAC 40. On a du mal \u00e0 imaginer que des multimillionnaires se voient offrir des sin\u00e9cures au frais des contribuables. Dans tous les cas, avant l\u2019av\u00e8nement de la R\u00e9publique En Marche, il y aurait eu de quoi instruire un Hulot-gate du type P\u00e9n\u00e9lope-gate puissance dix pour d\u00e9tournement de fonds publiques, emplois fictifs, trafic d\u2019influence. Mais cette fois tout est officiel et parfaitement l\u00e9gal; dans la classe politique la Droite ne peut qu&rsquo;applaudir.<\/p>\n<p>Par ce geste \u00ab\u00a0<em>in\u00e9dit<\/em>\u00a0\u00bb Hulot cl\u00f4t un cycle;  on peut dire: apr\u00e8s lui le chaos\u2026 Le CAC 40 forme d\u00e9sormais l\u2019\u00e9minence grise et le fer de lance de l\u2019\u00e9cologie en France.<\/p>\n<p>Au-del\u00e0 du cas Hulot et de son ascension comme ic\u00f4ne \u00e9colo des Fran\u00e7ais, il faut faire le constat historique que son arriv\u00e9e au minist\u00e8re symbolise au mieux l\u2019effondrement de l\u2019\u00e9cologie politique en France.<\/p>\n<p>Face \u00e0 l\u2019acc\u00e9l\u00e9ration du chantier de d\u00e9molition confi\u00e9 au patronat fran\u00e7ais par La R\u00e9publique en Marche, quelques interrogations et r\u00e9flexions s\u2019imposent pour au moins ouvrir les yeux et percevoir ce que l\u2019on est en train de voir.<\/p>\n<p>Comment un produit marketing de radio-propagande d\u2019Etat (TF1) a pu devenir l\u2019ic\u00f4ne \u00e9colo des Fran\u00e7ais et incarner \u00e0 lui seul la conscience \u00e9cologique d\u2019une nation pour acc\u00e9der au pouvoir et r\u00e9galer ses copains du CAC 40\u00a0?<\/p>\n<p><strong>Le cr\u00e9puscule d\u2019une ic\u00f4ne \u00e9colo<\/strong><\/p>\n<p>Les fid\u00e8les et inconditionnels de Nicolas Hulot ne veulent pas voir l\u2019\u00e9vidence: le vrai visage affairiste de leur ic\u00f4ne. Ils constatent avec complaisance que la t\u00e2che est difficile et pensent en cons\u00e9quence que leur h\u00e9ros \u00e9colo fait tout son possible \u00e0 son poste pour limiter la casse. Car, en effet, comme tout le monde, ils ne peuvent que constater qu\u2019avec \u00ab\u00a0La R\u00e9publique en marche\u00a0\u00bb il y a bien casse environnementale au pas de charge.<\/p>\n<p>D\u2019autres formations ou personnes de sensibilit\u00e9 \u00e9cologique plus affirm\u00e9e s\u2019inqui\u00e8tent des reculs spectaculaires et, d\u00e9sempar\u00e9s, esp\u00e8rent que Nicolas Hulot finira par donner sa d\u00e9mission pour symboliquement marquer sa r\u00e9probation, affirmer la gravit\u00e9 de la situation environnementale en France et ainsi sauver son image d\u2019\u00e9cologiste bien aim\u00e9 des Fran\u00e7ais.<\/p>\n<p>Bien \u00e9videmment, \u00e0 l\u2019autre bout de l\u2019\u00e9chiquier, il n\u2019en va pas de m\u00eame du groupe des \u00ab\u00a0d\u00e9croissants\u00a0\u00bb et du journal \u00ab\u00a0La D\u00e9croissance\u00a0\u00bb qui ont depuis le d\u00e9but d\u00e9masqu\u00e9 \u00ab\u00a0l\u2019\u00e9cotartufe\u00a0\u00bb et n\u2019ont plus cess\u00e9 de d\u00e9noncer la grossi\u00e8re imposture m\u00e9diatique de \u00ab\u00a0l\u2019h\u00e9licologiste.\u00a0\u00bb Pour eux, Hulot rel\u00e8ve de l\u2019\u00e9co-business et n\u2019a jamais rien eu \u00e0 voir avec l\u2019\u00e9cologie. Aujourd\u2019hui ils peuvent faire le triste constat que depuis le d\u00e9but ils avaient raison. Et ils ne sont pas les seuls \u00e0 faire la m\u00eame lecture du cas Hulot. Le site Anti-K du NPA dresse un portrait peu reluisant de notre animateur vedette. Dans un \u00e9pais dossier r\u00e9alis\u00e9 fin 2017, il r\u00e9v\u00e8le par le menu l\u2019affairisme sans vergogne de l\u2019entreprise Hulot-Ushuaia qui, avec une voracit\u00e9 insatiable, n\u2019a fait qu\u2019exploiter le filon \u00e9colo \u00e0 son profit ou pour verdir ses nombreux amis du CAC 40 (2).<\/p>\n<p>En cons\u00e9quence de quoi, pour les anticapitalistes, il n\u2019y a rien \u00e0 esp\u00e9rer du cupide businessman perch\u00e9 au minist\u00e8re de la \u00ab\u00a0<em>transition \u00e9cologique et solidaire.<\/em>\u00a0\u00bb Tout est faux chez Hulot, sauf le business \u00e0 tous crins. En acceptant de voir ce que l\u2019on voit, ses accointances avec le Capital, il faut d\u00e9sormais consid\u00e9rer que pour les besoins de sa carri\u00e8re et camper son personnage, l\u2019animateur vedette et ses designers ont mis un point d\u2019honneur \u00e0 le faire passer pour un doux r\u00eaveur attard\u00e9 dans l\u2019enfance. Dans ce r\u00f4le de na\u00eff amoureux de la nature force est de constater qu\u2019il a pu tromper son monde bien au-del\u00e0 des t\u00e9l\u00e9spectateurs et les membres de son fan-club\u2026<\/p>\n<p>Cependant, l\u2019analyse politique r\u00e9v\u00e8le facilement l\u2019imposture du produit marketing issu de TF1 ou radio-propagande d\u2019Etat. D\u00e8s que la catastrophe environnementale est mise directement en relation avec sa cause et sa logique -la civilisation industrielle et l\u2019esprit du capitalisme-, elle devient parfaitement compr\u00e9hensible dans son aggravation rapide et toutes les interrogations sur les faits et gestes de l\u2019ic\u00f4ne \u00e9colo tricolore deviennent instantan\u00e9ment caduques.<\/p>\n<p><strong>L\u2019Hulotscope de Reporterre comme r\u00e9v\u00e9lateur des erreurs<\/strong><\/p>\n<p>Entre les deux analyses extr\u00eames se situe le site Reporterre.  En toute\u00a0objectivit\u00e9\u00a0 journalistique, il propose un \u00ab\u00a0Hulotscope (3)\u00a0\u00bb. Ainsi on dispose d\u2019une sorte de bilan d\u2019\u00e9tape o\u00f9 l\u2019on d\u00e9couvre sans surprise que l\u2019action de l\u2019h\u00e9licologiste m\u00e9diatique est au deux-tiers nuisible \u00e0 la nature. Selon les donn\u00e9es pr\u00e9cises du site, avec le \u00ab\u00a0<em>Bilan au 7\u00a0juillet 2018,\u00a068\u00a0% des mesures prises depuis un an concernant l\u2019environnement ne vont pas dans le bon sens, 32\u00a0% vont dans le bon sens. C\u2019est un l\u00e9ger mieux par rapport au relev\u00e9 du 19\u00a0juin, o\u00f9 les proportions \u00e9taient respectivement de 69\u00a0% et 31\u00a0%.<\/em>\u00a0\u00bb<\/p>\n<p>Pour Reporterre, il y aurait donc quelques 32% de mesures favorables \u00e0 l\u2019environnement. Le bilan n\u2019est pas tout \u00e0 fait noir. L\u2019\u00e9cologiste devenu ministre agit \u00e0 son poste et d\u00e9croche malgr\u00e9 tout quelques avanc\u00e9es.<\/p>\n<p>Cependant, il faut encore une fois constater que le saint souci d\u2019objectivit\u00e9 journalistique a encore fait son \u0153uvre sournoise de d\u00e9sinformation.<\/p>\n<p>Le bilan r\u00e9el est bien plus noir que ne le laisse croire l\u2019\u00e9tude apparemment exhaustive de Reporterre car les d\u00e9cisions ou mesures prises ou avalis\u00e9es par le minist\u00e8re ne sont pas pond\u00e9r\u00e9es par leur gravit\u00e9 environnementale imm\u00e9diate. Une mesurette sans grande port\u00e9e ou une promesse facilement renvoy\u00e9e aux calendes grecques p\u00e8se le m\u00eame poids qu\u2019une mesure concr\u00e8te lourde de cons\u00e9quence et imm\u00e9diatement d\u00e9vastatrice pour l\u2019environnement.<\/p>\n<p>Ainsi, dans le mode de comptabilit\u00e9 du journaliste la d\u00e9sastreuse \u00ab\u00a0<em>Autorisation d\u2019une autoroute en Eure-et-Loir<\/em>\u00a0\u00bb ne p\u00e8se pas plus lourd que le d\u00e9magogique \u00ab\u00a0<em>Appel \u00e0 projets pour la plan\u00e8te.<\/em>\u00a0\u00bb Chaque ann\u00e9e, on le sait, l\u2019Etat-providence des transnationales en France est dans l\u2019obligation d\u2019offrir au BTP quelques 700 km\u00b2 du territoire national \u00e0 b\u00e9tonner ou bitumer; pour ne rien arranger, le projet de loi Elan de 2018 s\u2019annon\u00e7ait d&#8217;embl\u00e9e dans son esprit comme un blanc-seing pour intensifier la pr\u00e9dation sur les paysages.<\/p>\n<p>Personne n\u2019a \u00e9t\u00e9 dupe, la <em>R\u00e9publique du CAC 40 En Marche<\/em> avait bien l\u2019intention de saborder la Loi Littorale de 1986. Si depuis trente ans, tout le monde -m\u00eame la FNSEA- se demande quand cessera ce jeu de massacre sur les territoires, on est d\u00e9sormais au clair avec l\u2019ic\u00f4ne \u00e9colo au minist\u00e8re\u2026<\/p>\n<p>La criminelle \u00ab\u00a0<em>autorisation de la &lsquo;bioraffinerie&rsquo; de Total<\/em>\u00a0\u00bb ou la \u00ab\u00a0<em>Relance du projet Europacity<\/em>\u00a0\u00bb se trouvent \u00e9quilibrer des mandarines \u00ab\u00a0bio\u00a0\u00bb dans les cantines ou la suppression d\u2019un colorant dans l\u2019alimentation. Nul n\u2019ignore pourtant les cons\u00e9quences d\u00e9j\u00e0 d\u00e9sastreuses des biocarburants en g\u00e9n\u00e9ral (4) et de l\u2019huile de palme en particulier, future mati\u00e8re premi\u00e8re de la raffinerie Total (5).<\/p>\n<p>Et, toujours dans la comptabilit\u00e9 de Reporterre, le scandaleux \u00ab\u00a0<em>Soutien au projet minier de la Montagne d\u2019or en Guyane<\/em>\u00a0\u00bb se retrouve neutralis\u00e9 par un fumeux \u00ab\u00a0<em>Appel \u00e0 projets sur la biodiversit\u00e9 outre-mer\u2026<\/em>\u00a0\u00bb<\/p>\n<p>Passons sur le nucl\u00e9aire, les pesticides et la pollution canc\u00e9rig\u00e8ne\u2026 On laisse le lecteur d\u00e9couvrir lui-m\u00eame sur le site Reporterre les effets d\u00e9l\u00e9t\u00e8res sur l\u2019information de la sacro-sainte objectivit\u00e9 journalistique.<\/p>\n<p>Au-del\u00e0 de cette critique du mode de pens\u00e9e journalistique, notre derni\u00e8re mise en opposition pour la Guyane -d\u2019une mesurette de <em>greenwashing <\/em>avec une mesure d\u00e9sastreuse- donne l\u2019image de ce qu&rsquo;est en r\u00e9alit\u00e9 la politique environnementale d\u2019un Etat-providence des transnationales comme la France. D\u2019un c\u00f4t\u00e9 des consortiums miniers ou p\u00e9troliers sont autoris\u00e9s \u00e0  ravager la biodiversit\u00e9 en for\u00eat tropicale ou dans les eaux territoriales et de l\u2019autre une bureaucratie de scientifiques pay\u00e9s avec l\u2019argent des contribuables pourra multiplier \u00e0 loisir les rapports (y compris alarmants) sur la m\u00eame \u00ab\u00a0<em>biodiversit\u00e9 outre-mer.<\/em>\u00a0\u00bb<\/p>\n<p><strong>Y-a-t-il eu un \u00e2ge d\u2019or du droit environnemental\u00a0?<\/strong><\/p>\n<p>Au moment o\u00f9 tout fout le camp avec le h\u00e9ros-\u00e9colo tricolore au minist\u00e8re dans le r\u00f4le de chef de gang du CAC 40 pour la mise \u00e0 sac du territoire, se pose la question de savoir s\u2019il y a bien eu en France un \u00ab\u00a0<em>\u00e2ge d\u2019or du droit environnemental<\/em>.\u00a0\u00bb Fort probablement\u00a0: il fut un temps, bref il est vrai, o\u00f9 une loi de protection de la nature avait force de loi et ne demeurait pas lettre morte ou ornement en \u00e9co-blanchiment dans les textes de loi. Mais aussi forcement, puisqu\u2019aujourd\u2019hui on ne peut que constater l\u2019inexorable aggravation de la situation environnementale \u00e0 toutes les \u00e9chelles malgr\u00e9 la profusion des dispositifs juridiques cens\u00e9s prot\u00e9ger les espaces naturels et les esp\u00e8ces sauvages.<\/p>\n<p>Ce temps est r\u00e9volu. Si dans l\u2019espace m\u00e9diatico-politique les autorit\u00e9s sont sans cesse dans les surench\u00e8res de bonnes intentions pour la plan\u00e8te et la biodiversit\u00e9, dans le concret du monde vivant on est d\u00e9j\u00e0 au cr\u00e9puscule du droit environnemental. Il existe des textes de loi qui ne prot\u00e8gent plus rien ni personne et, pour tromper son monde, le L\u00e9gislateur continue d\u2019en produire\u2026 Les Etats lancent des \u00ab\u00a0<em>Appels \u00e0 projets pour la biodiversit\u00e9 ou la Plan\u00e8te<\/em>\u00a0\u00bb mais dans le m\u00eame temps d\u00e9roulent le tapis rouge pour les transnationales mini\u00e8res et p\u00e9troli\u00e8res.<\/p>\n<p>Comme on l\u2019a vu en 2018 en France, \u00e0 Bure ou Notre-Dame-des-Landes, l\u2019ic\u00f4ne \u00e9colo est soudain mont\u00e9e en grade dans la hi\u00e9rarchie militaire. De mani\u00e8re caricaturale et inqui\u00e9tante \u00e0 Notre-Dame-des-Landes, juste avant le coup de force de La R\u00e9publique en Marche, Nicolas Hulot n\u2019a pas eu de probl\u00e8me \u00e0 rev\u00eatir le costume d\u2019agent de l\u2019ordre pour lancer l\u2019ultimatum \u00ab\u00a0<em>ne pas confondre \u00e9cologie et anarchie<\/em>.\u00a0\u00bb<\/p>\n<p>Ainsi pour ses basses besognes, l\u2019Etat-providence du CAC 40 s\u2019offre les services d\u2019une ic\u00f4ne \u00e9colo. Avant ses coups de forces brutaux et sanglants contre les opposants aux Grands Projets Inutiles Impos\u00e9s (GPII), le ministre de l\u2019\u00e9cologie en premi\u00e8re ligne lance en substance la formule consacr\u00e9e\u00a0: \u00ab\u00a0<em>rendez-vous, vous \u00eates cern\u00e9s\u00a0!<\/em>\u00a0\u00bb \u2026 du jamais vu dans l\u2019histoire de la 5e R\u00e9publique. Dans un article r\u00e9cent, \u00ab\u00a0<em>Armes chimiques, parlons-en\u00a0!<\/em>,\u00a0\u00bb on a montr\u00e9 avec quelle violence l\u2019Etat policier pouvait transgresser les droits \u00e9l\u00e9mentaires de l\u2019homme pour \u00e9craser les paysans et d\u00e9fenseurs de l\u2019environnement (6). Lorsque la figure embl\u00e9matique et m\u00e9diatique de l\u2019\u00e9cologie tricolore accepte de patronner ce type d\u2019attaque chimique au gaz de combat sur des d\u00e9fenseurs du bocage et de l\u2019environnement, on mesure l\u2019\u00e9tat de d\u00e9liquescence de l\u2019\u00e9cologie institutionnelle en France.<\/p>\n<p>Dans le m\u00eame ordre d\u2019id\u00e9e des mesurettes de <em>greenwashing <\/em>-pour la bonne conscience du gouvernement couvrant une aggravation g\u00e9n\u00e9rale de la situation- on peut constater qu&rsquo;au moment o\u00f9 les industriels lancent l\u2019offensive de nouveaux enfermements par milliers de vaches, cochons dans des m\u00e9thaniseurs et autres syst\u00e8mes d\u2019\u00e9levages carc\u00e9raux avec l\u2019aval de l\u2019Etat, les parlementaires d\u00e9cident d\u2019inscrire dans le code civil une reconnaissance de l\u2019animal comme \u00ab\u00a0<em>\u00eatre sensible<\/em>.\u00a0\u00bb Aucune association naturaliste ou de d\u00e9fense de la cause animale n\u2019a \u00e9t\u00e9 dupe de la port\u00e9e infiniment vague de la mesure\u2026<\/p>\n<p>Bien \u00e9videmment, face \u00e0 l\u2019horreur industrielle d\u00e9sormais spectaculaire, le L\u00e9gislateur l\u00e9gif\u00e8re. Mais, en d\u00e9finitive, il ne fait que recouvrir d\u2019un voile pudique une entreprise \u00e9conomique fonci\u00e8rement criminelle dans sa logique. Avec les multiples scandales de l\u2019industrie agro-alimentaire qui d\u00e9fraient la chronique depuis la crise de la vache folle jusqu\u2019aux conditions \u00e9pouvantables d\u2019\u00e9levage et d\u2019abattage des animaux, le L\u00e9gislateur se retrouve contraint de suivre l\u2019\u00e9veil d\u2019une conscience collective aigu\u00eb de la cruaut\u00e9 sans borne organis\u00e9e dans les \u00e9levages et \u00e0 inscrire dans la loi une symbolique prise en compte de la r\u00e9alit\u00e9 souffrante du monde animal.<\/p>\n<p>Cependant dans les faits, il faut encore une fois constater avec quelle l\u00e9g\u00e8ret\u00e9 le gouvernement En Marche, par son \u00ab\u00a0<em>premier de cord\u00e9e<\/em>\u00a0\u00bb s\u2019est empress\u00e9 de pi\u00e9tiner ces modestes avanc\u00e9es en s\u2019improvisant au pied lev\u00e9 P\u00e8re No\u00ebl des chasseurs au nez et \u00e0 la barbe de toutes les associations naturalistes atterr\u00e9es et humili\u00e9es. L\u00e0 encore, il est int\u00e9ressant de noter que dans son r\u00f4le de P\u00e8re fouettard de la faune sauvage le Pr\u00e9sident \u00ab\u00a0<em>En Marche<\/em>\u00a0\u00bb a voulu pr\u00e9server l\u2019image \u00e9colo de son ministre. On sait en effet que depuis Bachelot la distribution g\u00e9n\u00e9reuse des cadeaux aux chasseurs est l\u2019affaire traditionnelle du minist\u00e8re de l\u2019\u00e9cologie.<\/p>\n<p>Borloo et Royal n\u2019ont pas d\u00e9rog\u00e9 \u00e0 la r\u00e8gle\u2026 Ainsi, avec l\u2019inscription en 2015 d\u2019une \u00ab\u00a0<em>sensibilit\u00e9 animale<\/em>\u00a0\u00bb dans le code civil, on n\u2019en reste \u00e0 la lettre morte ou \u00e0 l\u2019ornement l\u00e9gislatif d\u2019\u00e9co-blanchiment.<\/p>\n<p>S\u2019il y a eu historiquement un \u00e2ge d\u2019or du droit environnemental, il fut de courte dur\u00e9e. Une d\u00e9cennie tout au plus durant les ann\u00e9es 1970, car tr\u00e8s vite la puissance de frappe des transnationales surpassa le pouvoir des \u00e9ph\u00e9m\u00e8res Etats-providence de l\u2019environnement.<\/p>\n<p>On l\u2019a peut-\u00eatre oubli\u00e9 et l\u2019actualit\u00e9 de la crise environnementale peut \u00eatre pour certains trompeuse. Si aujourd\u2019hui les scientifiques communiquent massivement sur la menace climatique et l\u2019acc\u00e9l\u00e9ration de la sixi\u00e8me extinction des esp\u00e8ces, la conscience pr\u00e9cise de la crise environnementale date des ann\u00e9es soixante. Durant les ann\u00e9es 1960-1970, le capitalisme pris en flagrant d\u00e9lit d\u2019\u00e9cocide et d\u00e9contenanc\u00e9 \u00e9tait aux prises avec la premi\u00e8re vague de conscience et contestation \u00e9cologique. Depuis, on assiste \u00e0 sa contre-offensive.<\/p>\n<p><strong>Le mirage de l\u2019Age d\u2019Or<\/strong><\/p>\n<p>Il n\u2019y a pas d\u2019exception culturelle fran\u00e7aise, le mod\u00e8le est \u00e0 100% Etasunien. On doit la formule de \u00ab\u00a0l\u2019\u00e2ge d\u2019or du droit environnemental\u00a0\u00bb \u00e0 Naomi Klein. Dans son livre \u00ab\u00a0<em>Tout peut changer<\/em>,\u00a0\u00bb la journaliste nord-am\u00e9ricaine notait une rupture radicale dans le mode de penser de la classe politique aux Etats-Unis. Le basculement eut lieu dans le courant des ann\u00e9es 1970. Pour ce pays, Naomi Klein constatait qu\u2019auparavant un homme politique confront\u00e9 \u00e0 un probl\u00e8me grave mena\u00e7ant la collectivit\u00e9 se posait directement la question\u00a0simple: \u00ab\u00a0<em>comment faire pour arr\u00eater \u00e7a\u00a0?<\/em>\u00a0\u00bb Apr\u00e8s le virage id\u00e9ologique n\u00e9olib\u00e9ral, le questionnement est devenu subtilement machiav\u00e9lique: \u00ab\u00a0<em>comme pourrions-nous mettre au point des m\u00e9canismes financiers complexes pour permettre au march\u00e9 de r\u00e9gler le probl\u00e8me \u00e0 notre place\u00a0?<\/em>\u00a0\u00bb<\/p>\n<p>Ce changement de paradigme dans la subjectivit\u00e9 de la classe politique \u00e9tasunienne peut s\u2019expliquer assez simplement par deux \u00e9volutions en sens inverse. Durant cette p\u00e9riode, en effet, sur le plan \u00e9conomique le monde fut domin\u00e9 par la mont\u00e9e en puissance des transnationales au-dessus des Etats; sur le plan \u00e9cologique aux Etats-Unis d\u00e9butait la d\u00e9g\u00e9n\u00e9rescence des grandes ONG environnementalistes vers les services de <em>greenwashing <\/em>avec des partenariats tr\u00e8s lucratifs souscrits aupr\u00e8s des transnationales. Dans le m\u00eame temps, l\u2019agence f\u00e9d\u00e9rale de la protection de l\u2019environnement (EPA) aux Etats-Unis passait elle aussi sous le contr\u00f4le des transnationales. Pour faire carri\u00e8re, une personne promue \u00e0 la t\u00eate de l\u2019EPA ou \u00e0 l\u2019un de ses postes de responsabilit\u00e9s devait montrer patte blanche devant les milieux d\u2019affaires. Les r\u00e9calcitrants \u00e9chappant au casting des transnationales ne duraient pas longtemps \u00e0 leur poste\u2026<\/p>\n<p>Pour \u00e9tayer son analyse, Naomi Klein cite <em>in extenso<\/em> la douzaine de lois vot\u00e9es par l\u2019Etat f\u00e9d\u00e9ral pour la protection de l\u2019environnement, de l\u2019eau, de l\u2019air, des rivi\u00e8res, des sols, des for\u00eats, et de la sant\u00e9\u2026 Dans un v\u00e9ritable flash de rattrapage, toutes ces lois ont \u00e9t\u00e9 vot\u00e9es entre 1963 et 1974, imm\u00e9diatement apr\u00e8s la parution du <em>Printemps silencieux<\/em> de la biologiste Rachel Carson. Par la suite et tr\u00e8s rapidement ce fut l\u2019\u00e8re des transgressions de plus en plus brutales de ce droit pour redonner le champ libre aux transnationales qui d\u00e9sormais dominaient le pays. La derni\u00e8re en date de cette brutale transgression eut lieu en 2005 sous l\u2019administration Bush. Le pensionnaire de la Maison Blanche sabra la loi sur l\u2019eau potable pour permettre la fracturation hydraulique et laisser le champ libre \u00e0 la ru\u00e9e vers les gaz de schiste. Ce sacrifice historique du <em>Safe Drinking Water Act<\/em> vot\u00e9 en 1974 fut surnomm\u00e9 \u00ab\u00a0<em>Halliburton Loophole<\/em>\u00a0\u00bb en r\u00e9f\u00e9rence \u00e0 la transnationale Halliburton,  soci\u00e9t\u00e9 parap\u00e9troli\u00e8re sp\u00e9cialis\u00e9e dans les services de la fracturation hydraulique. La suite de l\u2019histoire, on la conna\u00eet: en une d\u00e9cennie, des centaines de milliers de puits de forage furent creus\u00e9s et les milliards de litres d\u2019eau pollu\u00e9e issue de la facturation hydraulique furent en toute l\u00e9galit\u00e9 r\u00e9pandus dans les espaces naturels.<\/p>\n<p>Cependant, le sch\u00e9ma de Naomi Klein doit \u00eatre quelque peu corrig\u00e9 et critiqu\u00e9 \u00e0 partir de ce que l\u2019on sait de l\u2019histoire des Etats-Unis et du capitalisme. En soi, dans l\u2019histoire du capitalisme, l\u2019Age d\u2019Or est une anomalie qui rel\u00e8ve du miracle; en fait, dans le courant des ann\u00e9es 1960, il ne fut qu\u2019un recul tactique du pouvoir confront\u00e9 \u00e0 une double contestation, celle montante et impr\u00e9vue de l\u2019\u00e9cologie associ\u00e9e \u00e0 celle pr\u00e9visible de l\u2019opposition \u00e0 la guerre du Vietnam. Enti\u00e8rement au service du complexe militaro-industriel, l\u2019Etat f\u00e9d\u00e9ral qui commettait un crime d\u2019\u00e9cocide historique au Vietnam votait dans le m\u00eame temps des lois environnementales pour prot\u00e9ger le territoire et la population des Etats-Unis.<\/p>\n<p>Il y a donc une contradiction qui n\u2019est en fait qu\u2019apparente. Au-del\u00e0 de la paix sociale \u00e0 l\u2019int\u00e9rieur recherch\u00e9e pour le service de la Guerre, on retrouve encore une fois, comme aujourd\u2019hui dans \u00ab\u00a0<em>La R\u00e9publique En Marche<\/em>,\u00a0\u00bb le choix assum\u00e9 du crime environnemental \u00e0 grande \u00e9chelle associ\u00e9 \u00e0 des mesures juridiques symboliques sans grande port\u00e9e pratique. En ces temps de tourmente aux Etats-Unis, le droit environnemental fonctionna \u00e0 la fois comme un leurre et un exutoire pour neutraliser une partie de la contestation. Ce sch\u00e9ma se retrouve dans la Conqu\u00eate de l\u2019Ouest qui fut \u00e0 la fois dans les faits historiques un g\u00e9nocide et un \u00e9cocide, comme le rappelle Jean Dorst dans son livre \u00ab\u00a0<em>Avant que Nature meure<\/em>\u00a0\u00bb de 1973. Il faut donc se rappeler que dans l\u2019histoire des Etats-Unis, l\u2019\u00e9limination physique des Indiens s\u2019est constamment accompagn\u00e9e de multiples trait\u00e9s de paix et de garanties territoriales pour les tribus qui tous sans exception furent imm\u00e9diatement viol\u00e9s par l\u2019Etat F\u00e9d\u00e9ral jusqu\u2019au g\u00e9nocide total.<\/p>\n<p>Au-del\u00e0 de ces pr\u00e9cisions historiques critiques, le sch\u00e9ma de Naomi Klein reste cependant recevable, pour comprendre la contre-offensive du capitalisme. Elle se menait sur deux fronts: d\u2019un c\u00f4t\u00e9, \u00e9radiquer toute pr\u00e9occupation \u00e9cologique au sein de la classe politique et du personnel susceptible de faire carri\u00e8re dans l\u2019appareil d\u2019Etat, de l\u2019autre prendre le contr\u00f4le, par des partenariats financiers, des grandes formations et associations environnementales et promouvoir les leaders arrivistes pr\u00eats \u00e0 collaborer.<\/p>\n<p>Dix ans plus tard, apr\u00e8s le lancement de la contre-offensive, au d\u00e9but des ann\u00e9es 1990, les observateurs un tant soit peu critiques pouvaient faire le constat que la plupart des grandes ONG historiques s\u2019\u00e9taient converties au capitalisme. L\u2019argent \u00e9tait devenu le but de l\u2019association et la communication sur la crise \u00e9cologique un moyen comme un autre de faire du fric. Dans leur livre \u00ab\u00a0<em>L\u2019Industrie de Mensonge<\/em>,\u00a0\u00bb John Stauber et Sheldon Rampton r\u00e9sument \u00e0 la suite d\u2019autres observateurs les m\u00e9thodes et les r\u00e9sultats de la double offensive des transnationales sur les institutions publiques et les ONG environnementales: \u00ab\u00a0<em>diviser pour r\u00e9cup\u00e9rer, prolif\u00e9ration d\u2019associations bidons, quand les billets verts pleuvent sur les leaders verts <\/em>(7)\u2026\u00a0\u00bb Ainsi, durant les ann\u00e9es 1980, naquit \u00ab\u00a0<em>l\u2019\u00e9cologie de march\u00e9<\/em>,\u00a0\u00bb l\u2019Am\u00e9rique affairiste avait produit des Nicolas Hulot en pagaille, des leaders \u00e9colos millionnaires \u00e0 la botte du Capital.<\/p>\n<p>En France, on retrouve \u00e0 peu pr\u00e8s le m\u00eame sch\u00e9ma: les partenariats lucratifs des associations naturalistes avec les transnationales sont pr\u00e9sents et parfois compromettants; mais, contrairement \u00e0 ce qui s\u2019est pass\u00e9 aux Etats-Unis et en dehors du cas affligeant, bien connu,\u00a0du WWF, il serait abusif de parler pour elles de conversion pure et simple au capitalisme vert. Par contre, l\u2019officine \u00ab\u00a0Hulot-Ushuaia,\u00a0\u00bb issue comme on le sait de la radio-propagande d\u2019Etat, rel\u00e8ve de \u00ab\u00a0<em>l\u2019association bidon<\/em>;\u00a0\u00bb force est de constater aujourd\u2019hui son triomphe m\u00e9diatique. Pour ne rien arranger \u00e0 la situation, la longue compromission de l\u2019\u00e9cologie politicienne avec le parti socialiste et le crash r\u00e9cent de \u00ab\u00a0EELV,\u00a0\u00bb laisse le champ libre \u00e0 l\u2019ic\u00f4ne \u00e9colo pour incarner totalement l\u2019\u00e9cologie et laminer du haut de l\u2019Etat avec l\u2019aide du grand patronat les vieilles associations environnementales fran\u00e7aises.<\/p>\n<p><strong>Un fossoyeur de l\u2019\u00e9cologie nomm\u00e9 Hulot<\/strong><\/p>\n<p>Tout se tient et va dans le m\u00eame sens, m\u00eame si les hommes providentiels qui se pr\u00e9cipitent au service du capitalisme arrivent d\u2019horizons divers. Si pour la casse de \u00ab\u00a0<em>l\u2019Etat-social<\/em>\u00a0\u00bb le CAC 40 a fait le choix d\u2019un quasi-inconnu dans la classe politique, pour la casse du droit environnemental il disposait d\u00e9j\u00e0 d\u2019un candidat qui hantait depuis 20 ans la sc\u00e8ne politico-m\u00e9diatique tricolore.<\/p>\n<p>Ainsi et contrairement \u00e0 ce qui se dit, Nicolas Hulot n\u2019avale pas des couleuvres ni des boas constrictors; la m\u00e9taphore est fausse. S\u2019il le fait c\u2019est \u00ab\u00a0<em>avec\u00a0bon app\u00e9tit<\/em>\u00a0\u00bb comme le dit ironiquement le site Anti-K. Au minist\u00e8re, notre ic\u00f4ne \u00e9colo tricolore est plut\u00f4t dans un num\u00e9ro de contorsionniste ou d\u2019illusionniste. Il est l\u00e0 pour amuser la galerie et abuser le badaud pendant que les pickpockets du CAC 40 engrangent les largesses du gouvernement \u00ab\u00a0<em>En Marche<\/em>.\u00a0\u00bb Mais au final, \u00e0 ce poste, il ne fait qu\u2019exercer sa fonction professionnelle premi\u00e8re construite et valoris\u00e9e avec son officine Ushuaia: l\u2019\u00e9co-blanchiment au profit des puissants et des plus offrants. On le sait, \u00e0 ce titre il n\u2019a pas cess\u00e9 d\u2019\u00eatre courtis\u00e9 par la classe politique. Si Sarkozy trop profil\u00e9 \u00e0 droite n\u2019a pas pu s\u2019offrir les services d\u2019un Hulot au fa\u00eete de sa carri\u00e8re spectaculaire, Macron avec son image \u00ab\u00a0<em>antisyst\u00e8me<\/em>\u00a0\u00bb et \u00ab\u00a0<em>ni droite ni gauche<\/em>\u00a0\u00bb a permis \u00e0 Hulot de couronner au Capitole sa fin de carri\u00e8re \u00e0 la t\u00eate d\u2019un grand minist\u00e8re dans la Soci\u00e9t\u00e9 du spectacle.<\/p>\n<p>Tout le monde le constate, s\u2019en \u00e9tonne ou s\u2019en inqui\u00e8te, l\u2019heure du fossoyeur est venue. Fort probablement, pour l\u2019ic\u00f4ne \u00e9colo, le quinquennat Sarkozy aurait constitu\u00e9 une ascension pr\u00e9matur\u00e9e sur la Roche Tarp\u00e9ienne pour un crash m\u00e9diatique d\u00e9finitif. L\u2019h\u00e9licologiste a donc su attendre le bon moment pour d\u00e9buter sans risque sa proc\u00e9dure d\u2019atterrissage de sortie de sc\u00e8ne vers la retraite. D\u00e9sormais dans une soixantaine bien sonn\u00e9e le cr\u00e9sus \u00e9colo suffisamment engraiss\u00e9 par trente ans d\u2019affairisme peut parfaire sa fin de carri\u00e8re professionnelle dans l\u2019art du grand spectacle avec un respectable portefeuille minist\u00e9riel. N\u2019ayant plus rien \u00e0 perdre dans sa phase finale, il peut consumer jusqu\u2019au bout son image m\u00e9diatique en supernova du capitalisme des transnationales.<\/p>\n<p>Ao\u00fbt 2018<br \/>\nJMS<\/p>\n<p>(1) Minist\u00e8re de la Transitionn \u00e9cologique et solidaire\u00a0: Installation du Comit\u00e9 de l\u2019Acc\u00e9l\u00e9rateur de la transition \u00e9cologique (AcTE) : un collectif in\u00e9dit pour accompagner la transition de notre \u00e9conomie et plac\u00e9 sous la pr\u00e9sidence de Jean-Dominique Senard<br \/>\n<a href=\"https:\/\/www.ecologique-solidaire.gouv.fr\/installation-du-comite-laccelerateur-transition-ecologique-acte-collectif-inedit-accompagner\" rel=\"noopener\" target=\"_blank\">https:\/\/www.ecologique-solidaire.gouv.fr\/installation-du-comite-laccelerateur-transition-ecologique-acte-collectif-inedit-accompagner<\/a><br \/>\n(2) Dossier: L\u2019h\u00e9licologiste Hulot avale des couleuvres avec bon app\u00e9tit<br \/>\n<a href=\"https:\/\/www.anti-k.org\/2017\/11\/08\/dossier-lhelicologiste-hulot-avale-couleuvres-appetit\/\" rel=\"noopener\" target=\"_blank\">https:\/\/www.anti-k.org\/2017\/11\/08\/dossier-lhelicologiste-hulot-avale-couleuvres-appetit\/<\/a><br \/>\n(3) Camille Martin (Reporterre), \u00ab\u00a0Nicolas Hulot vu par le HulotScope\u00a0: un tr\u00e8s l\u00e9ger mieux, Le 6 juillet 2018<br \/>\n(4) Fabrice Nicolino \u00ab\u00a0La Faim la bagnole et nous\u00a0\u00bb Fayard 2007<br \/>\n(5) Jean-Marc S\u00e9r\u00e9kian \u00ab\u00a0Biocarburants, la France ivre d\u2019huile de palme\u00a0\u00bb<br \/>\n<a href=\"http:\/\/carfree.fr\/index.php\/2018\/07\/05\/biocarburant-la-france-ivre-dhuile-de-palme\/\" rel=\"noopener\" target=\"_blank\">http:\/\/carfree.fr\/index.php\/2018\/07\/05\/biocarburant-la-france-ivre-dhuile-de-palme\/<\/a><br \/>\n(6) Jean-Marc S\u00e9r\u00e9kian \u00ab\u00a0Armes chimique, parlons-en\u00a0!\u00a0\u00bb<br \/>\n<a href=\"http:\/\/carfree.fr\/index.php\/2018\/04\/24\/armes-chimiques-parlons-en\/\" rel=\"noopener\" target=\"_blank\">http:\/\/carfree.fr\/index.php\/2018\/04\/24\/armes-chimiques-parlons-en\/<\/a><br \/>\n(7) John Stauber et Sheldon Rampton,  \u00ab\u00a0L\u2019industrie du Mensonge, Relations publiques, lobbying et d\u00e9mocratie\u00a0\u00bb 1995, Agone 2004, 2012<\/p>\n","protected":false},"excerpt":{"rendered":"<p>Faut-il lancer symboliquement le mot d\u2019ordre \u00ab\u00a0Hulot d\u00e9mission\u00a0!\u00a0\u00bb\u00a0? Ou, plus s\u00e9rieusement, pour rompre avec deux d\u00e9cennies d\u2019imposture, ne faut-il pas demander la fermeture pure et simple du minist\u00e8re de l\u2019\u00e9cologie?<\/p>\n","protected":false},"author":128,"featured_media":40932,"comment_status":"open","ping_status":"closed","sticky":false,"template":"","format":"standard","meta":[],"categories":[52],"tags":[1709,477,11,53,754,84,60,308,16,351,198,1344,691,97],"views":7753,"_links":{"self":[{"href":"https:\/\/carfree.fr\/index.php\/wp-json\/wp\/v2\/posts\/40930"}],"collection":[{"href":"https:\/\/carfree.fr\/index.php\/wp-json\/wp\/v2\/posts"}],"about":[{"href":"https:\/\/carfree.fr\/index.php\/wp-json\/wp\/v2\/types\/post"}],"author":[{"embeddable":true,"href":"https:\/\/carfree.fr\/index.php\/wp-json\/wp\/v2\/users\/128"}],"replies":[{"embeddable":true,"href":"https:\/\/carfree.fr\/index.php\/wp-json\/wp\/v2\/comments?post=40930"}],"version-history":[{"count":0,"href":"https:\/\/carfree.fr\/index.php\/wp-json\/wp\/v2\/posts\/40930\/revisions"}],"wp:featuredmedia":[{"embeddable":true,"href":"https:\/\/carfree.fr\/index.php\/wp-json\/wp\/v2\/media\/40932"}],"wp:attachment":[{"href":"https:\/\/carfree.fr\/index.php\/wp-json\/wp\/v2\/media?parent=40930"}],"wp:term":[{"taxonomy":"category","embeddable":true,"href":"https:\/\/carfree.fr\/index.php\/wp-json\/wp\/v2\/categories?post=40930"},{"taxonomy":"post_tag","embeddable":true,"href":"https:\/\/carfree.fr\/index.php\/wp-json\/wp\/v2\/tags?post=40930"}],"curies":[{"name":"wp","href":"https:\/\/api.w.org\/{rel}","templated":true}]}}