{"id":40978,"date":"2018-09-05T08:58:59","date_gmt":"2018-09-05T07:58:59","guid":{"rendered":"http:\/\/carfree.fr\/?p=40978"},"modified":"2021-12-17T11:43:20","modified_gmt":"2021-12-17T10:43:20","slug":"dernier-appel-avant-la-fin-du-monde","status":"publish","type":"post","link":"https:\/\/carfree.fr\/index.php\/2018\/09\/05\/dernier-appel-avant-la-fin-du-monde\/","title":{"rendered":"Dernier appel avant la fin du monde&#8230;"},"content":{"rendered":"<p>Il y a quelque chose de path\u00e9tique dans les diff\u00e9rents \u00ab\u00a0appels\u00a0\u00bb qui se succ\u00e8dent depuis maintenant plus de 30 ou 40 ans pour \u00ab\u00a0sauver la plan\u00e8te\u00a0\u00bb ou \u00ab\u00a0sauver l&rsquo;humanit\u00e9\u00a0\u00bb. Au d\u00e9but, il y avait l&rsquo;appel des scientifiques pour le climat, puis l&rsquo;appel des chanteurs pour la biodiversit\u00e9, l&rsquo;appel des acteurs pour la nature ou l&rsquo;appel des gens concern\u00e9s pour sauver la vie sur Terre&#8230; <!--more--><\/p>\n<p>En g\u00e9n\u00e9ral, c&rsquo;est un \u00ab\u00a0appel\u00a0\u00bb de 50 ou 100 personnalit\u00e9s, le plus souvent un compte rond, car cela sonne mieux&#8230; Soit il s&rsquo;agit de scientifiques, soit il s&rsquo;agit \u00ab\u00a0d&rsquo;artistes\u00a0\u00bb au sens large, tendance chanteurs ou acteurs&#8230; Bizarrement, il n&rsquo;y a jamais d&rsquo;appel international des plombiers-chauffagistes ou des employ\u00e9s de bureaux pour sauver l&rsquo;humanit\u00e9&#8230;<\/p>\n<p>Pourquoi? Les plombiers-chauffagistes ou les employ\u00e9s de bureaux sont-ils moins concern\u00e9s par la survie de l&rsquo;humanit\u00e9? Probablement non. Par contre, ils sont en g\u00e9n\u00e9ral moins connus que les acteurs ou les chanteurs. Comme le disait Jean Yanne, \u00ab\u00a0<em>tout le monde veut sauver la plan\u00e8te, mais personne veut descendre les poubelles&#8230;<\/em>\u00a0\u00bb<\/p>\n<p>Suite \u00e0 la d\u00e9mission de Nicolas Hulot, un nouvel appel du m\u00eame genre a fait une apparition dans les colonnes du journal <em>Le Monde<\/em>: \u00ab\u00a0<a href=\"https:\/\/abonnes.lemonde.fr\/idees\/article\/2018\/09\/03\/le-plus-grand-defi-de-l-histoire-de-l-humanite-l-appel-de-200-personnalites-pour-sauver-la-planete_5349380_3232.html\">l\u2019appel de 200 personnalit\u00e9s pour sauver la plan\u00e8te<\/a>.\u00a0\u00bb Au passage, on peut constater que le \u00ab\u00a0sauveur de la plan\u00e8te\u00a0\u00bb Nicolas Hulot ne sera pas rest\u00e9 bien longtemps au minist\u00e8re de l&rsquo;\u00e9cologie. Si on en croit <a href=\"https:\/\/www.lemonde.fr\/politique\/article\/2018\/08\/29\/le-ministere-de-l-ecologie-un-ministere-de-l-impossible_5347619_823448.html\">ses d\u00e9clarations<\/a>, il d\u00e9missionne du fait de \u00ab\u00a0<em>la pr\u00e9sence des lobbys dans les cercles du pouvoir<\/em>.\u00a0\u00bb Pauvre petit chou! Il aura fallu attendre qu&rsquo;il devienne ministre de l&rsquo;\u00e9cologie pour se rendre compte que les lobbys sont pr\u00e9sents dans les cercles du pouvoir&#8230; Quelle na\u00efvet\u00e9! Et quel manque de courage de la part de quelqu&rsquo;un qui a pass\u00e9 sa vie \u00e0 sauter d&rsquo;h\u00e9licopt\u00e8re, traverser des pr\u00e9cipices ou descendre des rapides&#8230; D\u00e8s la premi\u00e8re difficult\u00e9 au minist\u00e8re de l&rsquo;\u00e9cologie, il se d\u00e9ballonne et prend la fuite.<\/p>\n<p>C&rsquo;est pourquoi, face \u00e0 la d\u00e9sertion en r\u00e8gle de Nicolas Hulot, il fallait bien \u00ab\u00a0200 personnalit\u00e9s\u00a0\u00bb pour prendre le relais du sauvetage en r\u00e8gle de la plan\u00e8te au travers d&rsquo;un appel solennel comme sait si bien le faire l&rsquo;intelligentsia parisienne. Comme d&rsquo;habitude, on a un compte rond avec \u00ab\u00a0200 personnalit\u00e9s\u00a0\u00bb. Nouveaut\u00e9 cette fois-ci: on a un mix de personnalit\u00e9s scientifiques et artistiques, mais avec quand m\u00eame une bonne proportion d&rsquo;acteurs.<\/p>\n<p>D\u00e9j\u00e0, cela part plut\u00f4t mal, car on se propose de \u00ab\u00a0sauver la plan\u00e8te\u00a0\u00bb, plan\u00e8te qui n&rsquo;a pas vraiment besoin d&rsquo;\u00eatre sauv\u00e9e car elle sera probablement encore l\u00e0 quand l&rsquo;humanit\u00e9 aura disparue&#8230; Le propos est donc plut\u00f4t de \u00ab\u00a0sauver la vie sur Terre\u00a0\u00bb telle qu&rsquo;elle est actuellement.<\/p>\n<p>Le texte est plut\u00f4t court, mais m\u00eame en peu de mots, on d\u00e9c\u00e8le quelques approximations. Si l&rsquo;id\u00e9e de d\u00e9part semble \u00eatre d&rsquo;obtenir \u00ab\u00a0<em>une action politique ferme et imm\u00e9diate face au changement climatique<\/em>,\u00a0\u00bb l&rsquo;appel glisse en fait rapidement sur d&rsquo;autres sujets comme la pollution profonde des sols, de l\u2019eau et de l\u2019air, la d\u00e9forestation rapide ou la \u00ab\u00a0<em>diminution drastique des espaces de vie<\/em>.<\/p>\n<p>C&rsquo;est sans doute plut\u00f4t louable, l&rsquo;appel va bien au-del\u00e0 du seul changement climatique pourtant d\u00e9j\u00e0 en lui-m\u00eame massivement probl\u00e9matique. Or, si l&rsquo;objet est de s&rsquo;attaquer aux multiples pollutions, \u00e0 la d\u00e9forestation, \u00e0 la diminution des espaces de vie, et bien entendu aux \u00e9missions de Gaz \u00e0 Effet de Serre, il faut alors appeler un chat un chat: le propos est donc de s&rsquo;attaquer au capitalisme dans sa version actuelle n\u00e9o-lib\u00e9rale et mondialis\u00e9e, avec sa soci\u00e9t\u00e9 de sur-consommation port\u00e9e par la soci\u00e9t\u00e9 du spectacle dont les ouvriers principaux sont les acteurs et les chanteurs&#8230;<\/p>\n<p>Nous avons donc ici 200 personnalit\u00e9s comme Alain Delon ou Catherine Deneuve par exemple dont le propos est de mettre \u00e0 terre cette soci\u00e9t\u00e9 capitaliste n\u00e9o-lib\u00e9rale dirig\u00e9e par une oligarchie de multinationales dont l&rsquo;unique objectif est de gaver une poign\u00e9e d&rsquo;actionnaires sur le dos de l&rsquo;environnement et de la sant\u00e9 des gens.<\/p>\n<p>Alors, je vous le dis clairement, suivons Alain Delon et Catherine Deneuve dans ce noble combat consistant \u00e0 d\u00e9truire l&rsquo;oligarchie n\u00e9o-lib\u00e9rale! Ils ont raison de nous pousser \u00e0 relever la t\u00eate pour combattre le capitalisme destructeur de la nature et du climat.<\/p>\n<p>Merci Alain et merci Catherine d&rsquo;\u00e9veiller nos consciences!<\/p>\n<p>Au-del\u00e0 de la blague, la r\u00e9currence de ces diff\u00e9rents \u00ab\u00a0appels\u00a0\u00bb n&rsquo;est pas sans poser question. Ils reviennent p\u00e9riodiquement et sont \u00e0 chaque fois plus \u00ab\u00a0urgents\u00a0\u00bb et \u00ab\u00a0d\u00e9sesp\u00e9r\u00e9s\u00a0\u00bb sous l&rsquo;angle \u00ab\u00a0<em>dernier appel avant la fin du monde&#8230;<\/em>\u00a0\u00bb<\/p>\n<p>En fait, il y aurait sans doute \u00e0 \u00e9crire une Histoire des appels pour sauver l&rsquo;humanit\u00e9 qui en dirait sans doute long sur&#8230; l&rsquo;humanit\u00e9 (enfin, la partie \u00ab\u00a0people\u00a0\u00bb de l&rsquo;humanit\u00e9&#8230;).<\/p>\n<p>De la m\u00eame mani\u00e8re que la d\u00e9mission de Nicolas Hulot met fin au mythe de l&rsquo;homme providentiel qui pouvait \u00ab\u00a0sauver la plan\u00e8te\u00a0\u00bb, ces \u00ab\u00a0appels\u00a0\u00bb \u00e0 sauver le monde sign\u00e9s par des \u00ab\u00a0personnalit\u00e9s\u00a0\u00bb autoris\u00e9es ne m\u00e8nent nulle part: il n&rsquo;y a pas plus de personnalit\u00e9s providentielles que d&rsquo;hommes providentiels.<\/p>\n<p>Ce \u00ab\u00a0petit\u00a0\u00bb appel de \u00ab\u00a0200 personnalit\u00e9s\u00a0\u00bb de la soci\u00e9t\u00e9 du spectacle franco-fran\u00e7aise ne doit pas masquer non plus le fait que les appels en question sont de plus en plus fr\u00e9quents et massifs. On pourrait citer un <a href=\"http:\/\/www.liberation.fr\/terre\/2005\/04\/27\/appel-pour-sauver-la-nature_517819\" target=\"_blank\" rel=\"noopener\">appel pour sauver la nature<\/a> en 2005 sign\u00e9 par 500 personnalit\u00e9s et, en 2017, <a href=\"https:\/\/www.sudouest.fr\/2017\/11\/13\/urgence-ecologique-l-appel-sans-precedent-de-15-000-scientifiques-pour-sauver-la-planete-3943672-706.php\" target=\"_blank\" rel=\"noopener\">l&rsquo;appel de 15.000 scientifiques pour sauver la plan\u00e8te<\/a>.<\/p>\n<p>Pour tout ce qui concerne le climat et l&rsquo;environnement au sens large, si 15.000 scientifiques internationaux n&rsquo;ont pas r\u00e9ussi \u00e0 changer quoi que ce soit en 2017, il est peu probable que 200 chanteurs et acteurs fran\u00e7ais obtiennent mieux en 2018&#8230;<\/p>\n<p>En fait, c&rsquo;est une v\u00e9ritable mobilisation citoyenne qui serait n\u00e9cessaire, pas quelques centaines de milliers ou de millions de personnes, mais l&rsquo;ensemble des habitants de la plan\u00e8te. On se met ainsi \u00e0 imaginer un ultime \u00ab\u00a0appel\u00a0\u00bb pour sauver l&rsquo;humanit\u00e9, sign\u00e9 vers 2100 par l&rsquo;ensemble de la population de la plan\u00e8te moins les quelques millions de membres de l&rsquo;oligarchie mondiale aux manettes du turbo-capitalisme&#8230;<\/p>\n<p>Sauf que tout ceci n&rsquo;aura alors plus beaucoup d&rsquo;importance, les conditions de vie sur Terre seront d\u00e9j\u00e0 largement d\u00e9grad\u00e9es et les principaux membres de l&rsquo;oligarchie vivront peut-\u00eatre, comme dans le film <a href=\"https:\/\/fr.wikipedia.org\/wiki\/Elysium_(film)\" target=\"_blank\" rel=\"noopener\">Elysium<\/a>, en orbite autour de la Terre dans une station spatiale, en train de cultiver des l\u00e9gumes bio dans une douce atmosph\u00e8re purifi\u00e9e et d\u00e9contamin\u00e9e&#8230;<\/p>\n","protected":false},"excerpt":{"rendered":"<p>Il y a quelque chose de path\u00e9tique dans les diff\u00e9rents \u00ab\u00a0appels\u00a0\u00bb qui se succ\u00e8dent depuis maintenant plus de 30 ou 40 ans pour \u00ab\u00a0sauver la plan\u00e8te\u00a0\u00bb ou \u00ab\u00a0sauver l&rsquo;humanit\u00e9\u00a0\u00bb. Au <a class=\"more-link\" href=\"https:\/\/carfree.fr\/index.php\/2018\/09\/05\/dernier-appel-avant-la-fin-du-monde\/\">Lire la suite&#8230;<\/a><\/p>\n","protected":false},"author":18,"featured_media":40980,"comment_status":"open","ping_status":"closed","sticky":false,"template":"","format":"standard","meta":[],"categories":[52],"tags":[1709,57,99,61,54,33],"views":8444,"_links":{"self":[{"href":"https:\/\/carfree.fr\/index.php\/wp-json\/wp\/v2\/posts\/40978"}],"collection":[{"href":"https:\/\/carfree.fr\/index.php\/wp-json\/wp\/v2\/posts"}],"about":[{"href":"https:\/\/carfree.fr\/index.php\/wp-json\/wp\/v2\/types\/post"}],"author":[{"embeddable":true,"href":"https:\/\/carfree.fr\/index.php\/wp-json\/wp\/v2\/users\/18"}],"replies":[{"embeddable":true,"href":"https:\/\/carfree.fr\/index.php\/wp-json\/wp\/v2\/comments?post=40978"}],"version-history":[{"count":0,"href":"https:\/\/carfree.fr\/index.php\/wp-json\/wp\/v2\/posts\/40978\/revisions"}],"wp:featuredmedia":[{"embeddable":true,"href":"https:\/\/carfree.fr\/index.php\/wp-json\/wp\/v2\/media\/40980"}],"wp:attachment":[{"href":"https:\/\/carfree.fr\/index.php\/wp-json\/wp\/v2\/media?parent=40978"}],"wp:term":[{"taxonomy":"category","embeddable":true,"href":"https:\/\/carfree.fr\/index.php\/wp-json\/wp\/v2\/categories?post=40978"},{"taxonomy":"post_tag","embeddable":true,"href":"https:\/\/carfree.fr\/index.php\/wp-json\/wp\/v2\/tags?post=40978"}],"curies":[{"name":"wp","href":"https:\/\/api.w.org\/{rel}","templated":true}]}}