{"id":41053,"date":"2018-09-27T08:46:43","date_gmt":"2018-09-27T07:46:43","guid":{"rendered":"http:\/\/carfree.fr\/?p=41053"},"modified":"2018-10-15T09:19:24","modified_gmt":"2018-10-15T08:19:24","slug":"grand-bol-dair-pur","status":"publish","type":"post","link":"https:\/\/carfree.fr\/index.php\/2018\/09\/27\/grand-bol-dair-pur\/","title":{"rendered":"Grand bol d&rsquo;air pur"},"content":{"rendered":"<p>Comment apprendre aux enfants \u00e0 continuer le processus de destruction de la plan\u00e8te et de l\u2019humanit\u00e9, mais en le faisant dans les r\u00e8gles et dans une si belle nature? Tout simplement en les envoyant dans des colonies de vacances \u00ab\u00a0<em>nature<\/em>\u00a0\u00bb estampill\u00e9es \u00ab\u00a0<em>sports m\u00e9caniques<\/em>\u00ab\u00a0, \u00ab\u00a0<em>quads<\/em>\u00a0\u00bb ou \u00ab\u00a0<em>moto cross<\/em>\u00ab\u00a0&#8230; <!--more--><\/p>\n<p>\u00ab\u00a0<em>Grand bol d\u2019air pur avec cette colonie de vacances sportive qui permet aux enfants de d\u00e9couvrir la nature gr\u00e2ce \u00e0 de multiples activit\u00e9s originales !<\/em>\u00a0\u00bb C\u2019est ce que propose l\u2019organisme de colonie de vacances DJURINGA JUNIORS, dans le cadre d\u2019un s\u00e9jour aux Plans d\u2019Hotonnes, sur les plateaux sud du Jura. <\/p>\n<p>Pour enfants \u00e0 partir de 6 ans, 475\u20ac la semaine (bons vacances accept\u00e9s), ce n\u2019est pas donn\u00e9 mais c\u2019est le tarif habituel de ces colonies \u00ab\u00a0<em>sportives<\/em>\u00a0\u00bb o\u00f9 courir dans les bois ne suffit plus. Chaque demi-journ\u00e9e doit \u00eatre rentabilis\u00e9e par une \u00ab\u00a0<em>activit\u00e9<\/em>\u00a0\u00bb estampill\u00e9e et labellis\u00e9e. Mais la nature dans le Jura doit \u00eatre trop&#8230; naturelle en fait, et DJURINGA JUNIORS sait bien ce dont r\u00eavent les enfants, et ce d\u00e8s 6 ans (!): le s\u00e9jour en question s\u2019appelle MOTO, AVENTURE, ET NATURE et propose aux enfants \u00ab\u00a0<em>un grand bol d\u2019air pur en pleine nature avec un programme d&rsquo;activit\u00e9s sportives, vari\u00e9es et originales, comme par exemple de la moto &#8230;<\/em>\u00a0\u00bb <\/p>\n<p>A partir de 12 ans, c\u2019est QUAD ET CROSS ADOS EN AUVERGNE: \u00ab\u00a0<em>Enfin une colonie de vacances sp\u00e9ciale ados pour t&rsquo;initier aux joies de la moto cross et du Quad en toute s\u00e9curit\u00e9 et partager ta passion avec d&rsquo;autres jeunes! Rien ne te fait plus plaisir que la simple id\u00e9e d\u2019une balade en for\u00eat avec un Quad?<\/em>\u00a0\u00bb (&#8230; et pourquoi une majuscule \u00e0 quad ??? ). 583\u20ac la semaine tout de m\u00eame, ah mais ouf, ACTIV\u2019FUN propose du quad d\u00e8s 10 ans, et il n\u2019en co\u00fbtera que 515\u20ac. Il y a aussi un MOTO CROSS SENSATION, d\u00e8s 7 ans, \u00ab\u00a0<em>la colonie de vacances moto, id\u00e9ale pour s&rsquo;initier en toute s\u00e9curit\u00e9 et en pleine nature aux plaisirs des sports m\u00e9caniques \u00e0 deux roues<\/em>.\u00a0\u00bb<\/p>\n<p>DJURINGA JUNIORS est loin d\u2019\u00eatre une exception. Presque tous les organismes \u00ab\u00a0<em>classiques<\/em>\u00a0\u00bb de colonie de vacances proposent des s\u00e9jours avec des \u00ab\u00a0<em>sports m\u00e9caniques<\/em>\u00ab\u00a0: UFCV, PEGASE EVASION, CAP JUNIORS, TRIP COLO, CEI, AUDESUD VACANCES, pour ne citer que ceux que j\u2019ai regard\u00e9s. La nature y est fortement m\u00e9diatis\u00e9e: il est question de sensations uniques dans la nature, d\u2019apprendre \u00e0 se rep\u00e9rer dans la nature, d\u2019avoir la chance de vivre dans un univers pr\u00e9serv\u00e9 avec une v\u00e9g\u00e9tation luxuriante, etc. <\/p>\n<p>Certains de ces organismes mettent en avant des chartes, qui, en 2 paragraphes ou en 10 pages, disent toutes la m\u00eame chose: \u00ab\u00a0<em>vivre-ensemble pour devenir le citoyen de demain, l\u2019autonomie au service du d\u00e9veloppement personnel, d\u00e9couvrir pour \u00e9veiller son sens critique et s&rsquo;ouvrir au monde<\/em>,\u00a0\u00bb etc, etc. Le mot \u00ab\u00a0<em>\u00e9cologie<\/em>\u00a0\u00bb appara\u00eet parfois, comme dans le s\u00e9jour propos\u00e9 par AUDESUD VACANCES: PETIT DEBROUILLARD EN FORET qui veut \u00ab\u00a0<em>apprendre aux enfants \u00e0 se d\u00e9brouiller dans la nature avec tout ce qu&rsquo;elle peut offrir, et en faire de vrais trappeurs \u00e9cologistes<\/em>\u00a0\u00bb (\u00e0 partir de 7 ans). Mais comme AUDESUD VACANCES fait aussi de la sensibilisation \u00e0 l\u2019\u00e9cologie lors de son s\u00e9jour QUAD ET NATURE (\u00e0 partir de 6 ans), on peut s\u2019interroger sur le sens du mot \u00e9cologie. Ah oui, ici le quad est \u00e9lectrique, ce doit \u00eatre \u00e7a! Les moteurs thermiques (quad ou moto) ne sont probablement pas autoris\u00e9s d\u00e8s 6 ans, et les s\u00e9jours insistent tr\u00e8s fortement sur le respect de la r\u00e8glementation et le respect de la s\u00e9curit\u00e9, comme sur le contr\u00f4le sanitaire de la nourriture (bio ou local, en revanche, restent des concepts inconnus). Bref, on apprend aux enfants \u00e0 continuer le processus de destruction de la plan\u00e8te et de l\u2019humanit\u00e9, mais on le fait dans les r\u00e8gles, et dans une si belle nature!<\/p>\n<p>Quelques points et question :<\/p>\n<p>1) Prenons par exemple AUDESUD VACANCES. C\u2019est une association loi 1901 qui place son activit\u00e9 dans le champ de l&rsquo;action \u00e9ducative. Elle est affili\u00e9e aux Francas (F\u00e9d\u00e9ration reconnue d&rsquo;utilit\u00e9 publique). Elle est \u00e9galement membre actif aux CEMEA et elle b\u00e9n\u00e9ficie d\u2019un agr\u00e9ment Tourisme. Chacun de ses s\u00e9jours est d\u00e9clar\u00e9 aupr\u00e8s de la Direction de la Jeunesse et des Sports.<\/p>\n<p>Comment peut-on faire faire du quad \u00e0 des enfants de 6 ans et \u00eatre reconnue d\u2019utilit\u00e9 publique ? Une telle association re\u00e7oit-elle des subventions?<\/p>\n<p>2) Sur le site de DJURINGA JUNIORS : \u00ab\u00a0<em>Au quotidien, Djuringa Juniors s\u2019inscrit dans une d\u00e9marche de d\u00e9veloppement durable au niveau de son si\u00e8ge et de ses centres de vacances (certification en cours). Il appara\u00eet donc \u00e9vident que cette d\u00e9marche soit aussi au c\u0153ur de nos s\u00e9jours. Ainsi, par le biais de diff\u00e9rentes actions men\u00e9es par les \u00e9quipes d\u2019encadrement durant nos colonies de vacances (affichage de sensibilisation, tri s\u00e9lectif, chasse au gaspillage, <strong>&lsquo;randonn\u00e9e verte&rsquo;<\/strong>, etc.), nous voulons sensibiliser les jeunes \u00e0 l\u2019impact des comportements quotidiens sur l\u2019environnement et \u00e0 l\u2019importance de le pr\u00e9server.<\/em>\u00a0\u00bb<\/p>\n<p>Que signifient les guillemets de \u00ab\u00a0<em>randonn\u00e9e verte<\/em>\u00ab\u00a0? Sont-ils conscients de ce green-washing? Veulent-ils rassurer les parents, du genre: \u00ab\u00a0<em>ne vous inqui\u00e9tez pas, ce n\u2019est que du blabla, l\u2019environnement \u00e7a commence \u00e0 bien faire<\/em>\u00ab\u00a0? Plus s\u00e9rieusement, peut-on obtenir la certification d\u00e9veloppement durable en proposant aux enfants des s\u00e9jours de moto-cross et de quads? Mais oui, DD n\u2019\u00e9tant qu\u2019un oxymore&#8230;<\/p>\n<p>3) Utilisant les m\u00eames \u00e9l\u00e9ments de langage qu\u2019un certain monde agricole, entre toutes les s\u00e9ances quad ou moto, les centres de l\u2019UFCV d\u00e9livrent une s\u00e9ance de sensibilisation de 3h alliant animation environnement sur la pratique raisonn\u00e9e et respectueuses des loisirs motoris\u00e9s, s\u00e9curit\u00e9 routi\u00e8re et l&rsquo;entretien m\u00e9canique de base. Que veut dire la partie \u00ab\u00a0<em>animation environnement sur la pratique raisonn\u00e9e et respectueuses des loisirs motoris\u00e9s<\/em>\u00ab\u00a0? En tout cas, comme on peut le voir sur de nombreuses photos, le respect des pr\u00e9s verts passe \u00e0 la trappe.<\/p>\n<p>Le vrai bol d\u2019air :<\/p>\n<p>Parents, boycottez totalement les organismes cit\u00e9s plus haut. Envoyez vos enfants l\u00e0 o\u00f9 les organisateurs savent qu\u2019en emmenant vos enfants marcher \u00e0 pied (avec ou sans \u00e2ne, ou \u00e0 v\u00e9lo, ou en kayak, en itin\u00e9rance ou juste en traversant la ferme), ils les rendront les plus heureux du monde. De multiples petites associations, fermes, g\u00eetes d\u2019enfants, le proposent. A bas les quads !!!<\/p>\n<p>Quelques sites \u00e0 regarder, uniquement des associations que je connais, liste non exhaustive bien s\u00fbr:<\/p>\n<p><a href=\"http:\/\/www.euziere.org\/\" rel=\"noopener\" target=\"_blank\">http:\/\/www.euziere.org\/<\/a><br \/>\n<a href=\"http:\/\/www.levielaudon.org\/\" rel=\"noopener\" target=\"_blank\">http:\/\/www.levielaudon.org\/<\/a><br \/>\n<a href=\"http:\/\/www.vagabondane.com\/\" rel=\"noopener\" target=\"_blank\">http:\/\/www.vagabondane.com\/<\/a><br \/>\n<a href=\"http:\/\/www.latrace.net\/\" rel=\"noopener\" target=\"_blank\">http:\/\/www.latrace.net\/<\/a><br \/>\n<a href=\"https:\/\/www.lemerlet.asso.fr\/\" rel=\"noopener\" target=\"_blank\">https:\/\/www.lemerlet.asso.fr\/<\/a><br \/>\n<a href=\"http:\/\/www.accueil-paysan.com\/fr\/\" rel=\"noopener\" target=\"_blank\">http:\/\/www.accueil-paysan.com\/fr\/<\/a><\/p>\n","protected":false},"excerpt":{"rendered":"<p>Comment apprendre aux enfants \u00e0 continuer le processus de destruction de la plan\u00e8te et de l\u2019humanit\u00e9, mais en le faisant dans les r\u00e8gles et dans une si belle nature? Tout <a class=\"more-link\" href=\"https:\/\/carfree.fr\/index.php\/2018\/09\/27\/grand-bol-dair-pur\/\">Lire la suite&#8230;<\/a><\/p>\n","protected":false},"author":1655,"featured_media":41078,"comment_status":"open","ping_status":"closed","sticky":false,"template":"","format":"standard","meta":[],"categories":[52],"tags":[1709,520,53,588,736,521,278,378],"views":6629,"_links":{"self":[{"href":"https:\/\/carfree.fr\/index.php\/wp-json\/wp\/v2\/posts\/41053"}],"collection":[{"href":"https:\/\/carfree.fr\/index.php\/wp-json\/wp\/v2\/posts"}],"about":[{"href":"https:\/\/carfree.fr\/index.php\/wp-json\/wp\/v2\/types\/post"}],"author":[{"embeddable":true,"href":"https:\/\/carfree.fr\/index.php\/wp-json\/wp\/v2\/users\/1655"}],"replies":[{"embeddable":true,"href":"https:\/\/carfree.fr\/index.php\/wp-json\/wp\/v2\/comments?post=41053"}],"version-history":[{"count":0,"href":"https:\/\/carfree.fr\/index.php\/wp-json\/wp\/v2\/posts\/41053\/revisions"}],"wp:featuredmedia":[{"embeddable":true,"href":"https:\/\/carfree.fr\/index.php\/wp-json\/wp\/v2\/media\/41078"}],"wp:attachment":[{"href":"https:\/\/carfree.fr\/index.php\/wp-json\/wp\/v2\/media?parent=41053"}],"wp:term":[{"taxonomy":"category","embeddable":true,"href":"https:\/\/carfree.fr\/index.php\/wp-json\/wp\/v2\/categories?post=41053"},{"taxonomy":"post_tag","embeddable":true,"href":"https:\/\/carfree.fr\/index.php\/wp-json\/wp\/v2\/tags?post=41053"}],"curies":[{"name":"wp","href":"https:\/\/api.w.org\/{rel}","templated":true}]}}