{"id":41059,"date":"2018-09-24T07:40:32","date_gmt":"2018-09-24T06:40:32","guid":{"rendered":"http:\/\/carfree.fr\/?p=41059"},"modified":"2018-09-24T07:40:32","modified_gmt":"2018-09-24T06:40:32","slug":"racontez-votre-sortie-en-montagne-sans-voiture","status":"publish","type":"post","link":"https:\/\/carfree.fr\/index.php\/2018\/09\/24\/racontez-votre-sortie-en-montagne-sans-voiture\/","title":{"rendered":"Racontez votre sortie en montagne sans voiture"},"content":{"rendered":"<p>La mobilit\u00e9 douce en montagne, vous y croyez, vous la pratiquez ou vous voulez tenter, ne serait-ce qu\u2019une fois ? Pour mettre le pied \u00e0 l\u2019\u00e9trier, Mountain Wilderness organise un jeu-concours qui invite \u00e0 r\u00e9aliser une sortie en montagne sans voiture. <!--more--><\/p>\n<p>Le mode d\u2019emploi est tr\u00e8s simple :<\/p>\n<p>Vous r\u00e9alisez une sortie en montagne sans voiture, en utilisant les transports en commun. Le concours est ouvert jusqu&rsquo;au 30 septembre 2018.<\/p>\n<p>Vous racontez votre sortie  : photos, vid\u00e9os, infos pratiques\u2026 Peu importe le niveau de difficult\u00e9 ou la dur\u00e9e de la sortie, l\u2019important, c\u2019est de partager votre exp\u00e9rience, que ce soit \u00e0 pied, \u00e0 ski, en chaussons d\u2019escalade ou en crampons.<\/p>\n<p>Gagnez peut-\u00eatre une r\u00e9compense ! Qui dit concours dit cadeaux\u2026 choisis avec amour par et pour les pratiquants de la montagne. En fin d\u2019ann\u00e9e 2018, un jury r\u00e9compense les meilleures sorties. Peut-\u00eatre la v\u00f4tre !<\/p>\n<p><a href=\"https:\/\/www.changerdapproche.org\/le-concours\/presentation.html\" rel=\"noopener\" target=\"_blank\">https:\/\/www.changerdapproche.org\/le-concours\/presentation.html<\/a><\/p>\n","protected":false},"excerpt":{"rendered":"<p>La mobilit\u00e9 douce en montagne, vous y croyez, vous la pratiquez ou vous voulez tenter, ne serait-ce qu\u2019une fois ? Pour mettre le pied \u00e0 l\u2019\u00e9trier, Mountain Wilderness organise un <a class=\"more-link\" href=\"https:\/\/carfree.fr\/index.php\/2018\/09\/24\/racontez-votre-sortie-en-montagne-sans-voiture\/\">Lire la suite&#8230;<\/a><\/p>\n","protected":false},"author":104,"featured_media":41060,"comment_status":"open","ping_status":"closed","sticky":false,"template":"","format":"standard","meta":[],"categories":[4,8],"tags":[486,134,279,94,131,378],"views":4194,"_links":{"self":[{"href":"https:\/\/carfree.fr\/index.php\/wp-json\/wp\/v2\/posts\/41059"}],"collection":[{"href":"https:\/\/carfree.fr\/index.php\/wp-json\/wp\/v2\/posts"}],"about":[{"href":"https:\/\/carfree.fr\/index.php\/wp-json\/wp\/v2\/types\/post"}],"author":[{"embeddable":true,"href":"https:\/\/carfree.fr\/index.php\/wp-json\/wp\/v2\/users\/104"}],"replies":[{"embeddable":true,"href":"https:\/\/carfree.fr\/index.php\/wp-json\/wp\/v2\/comments?post=41059"}],"version-history":[{"count":0,"href":"https:\/\/carfree.fr\/index.php\/wp-json\/wp\/v2\/posts\/41059\/revisions"}],"wp:featuredmedia":[{"embeddable":true,"href":"https:\/\/carfree.fr\/index.php\/wp-json\/wp\/v2\/media\/41060"}],"wp:attachment":[{"href":"https:\/\/carfree.fr\/index.php\/wp-json\/wp\/v2\/media?parent=41059"}],"wp:term":[{"taxonomy":"category","embeddable":true,"href":"https:\/\/carfree.fr\/index.php\/wp-json\/wp\/v2\/categories?post=41059"},{"taxonomy":"post_tag","embeddable":true,"href":"https:\/\/carfree.fr\/index.php\/wp-json\/wp\/v2\/tags?post=41059"}],"curies":[{"name":"wp","href":"https:\/\/api.w.org\/{rel}","templated":true}]}}